{"id":8764,"date":"2021-05-20T11:53:09","date_gmt":"2021-05-20T09:53:09","guid":{"rendered":"https:\/\/autoklastr.cz\/?p=8764"},"modified":"2021-05-27T11:54:11","modified_gmt":"2021-05-27T09:54:11","slug":"louda-na-nove-auto-si-cesi-pockaji-az-rok","status":"publish","type":"post","link":"https:\/\/autoklastr.cz\/en\/louda-na-nove-auto-si-cesi-pockaji-az-rok\/","title":{"rendered":"Louda: na nov\u00e9 auto si \u010ce\u0161i po\u010dkaj\u00ed a\u017e rok"},"content":{"rendered":"<p><strong>\u010cesk\u00fdm automobilk\u00e1m chyb\u00ed d\u00edly a materi\u00e1l, podle mana\u017eer\u016f dealerstv\u00ed Louda Auto to brzy poc\u00edt\u00ed z\u00e1kazn\u00edci. Probl\u00e9m je nyn\u00ed u ka\u017ed\u00e9 nov\u00e9 zak\u00e1zky a \u010dekac\u00ed doby se prodlu\u017euj\u00ed, potvrdil pro SZ Byznys nejv\u011bt\u0161\u00ed dealer \u0161kodovek v \u010cesku.<\/strong><span id=\"more-139442\"><\/span><\/p>\n<p>Nejv\u011bt\u0161\u00edmu prodejci \u0161kodovek v\u00a0tuzemsku loni klesly meziro\u010dn\u011b prodeje o\u00a012\u00a0procent. Ve dvan\u00e1cti autosalonech v\u00a0roce 2020\u00a0prodala spole\u010dnost Louda Auto t\u00e9m\u011b\u0159 3500\u00a0voz\u016f \u0160koda a t\u00e9m\u011b\u0159 \u010dty\u0159i tis\u00edce nov\u00fdch automobil\u016f dal\u0161\u00edch deseti zna\u010dek.<\/p>\n<p>\u201eD\u016fvodem poklesu prodeje je vedle epidemie koronaviru tak\u00e9 skute\u010dnost, \u017ee \u0160koda Auto kapacitn\u011b nest\u00edh\u00e1 v\u00fdrobu n\u011bkter\u00fdch vysoce \u017e\u00e1dan\u00fdch model\u016f,\u201c uvedl obchodn\u00ed \u0159editel Louda Auto Martin Feller.<\/p>\n<p>\u201eNap\u0159\u00edklad na model Kamiq se aktu\u00e1ln\u011b \u010dek\u00e1 kolem 38\u00a0t\u00fddn\u016f, na Karoq Sportline 48\u00a0t\u00fddn\u016f,\u201c dodal Martin Feller s\u00a0t\u00edm, \u017ee nov\u00e9 elektrick\u00e9 SUV Enyaq bylo je\u0161t\u011b za\u010d\u00e1tkem roku vyprodan\u00e9 na cel\u00fd rok dop\u0159edu. Te\u010f je p\u0159\u00edslib, \u017ee p\u00e1r voz\u016f \u0160koda Enyaq nakonec dostanou nad pl\u00e1n.<\/p>\n<p>Nejde v\u0161ak jen o\u00a0\u0161kodovky. \u201eDlouh\u00e9 dodac\u00ed lh\u016fty u\u00a0nov\u00fdch osobn\u00edch aut se v\u00a0posledn\u00ed dob\u011b za\u010d\u00ednaj\u00ed p\u0159el\u00e9vat tak\u00e9 do segmentu u\u017eitkov\u00fdch voz\u016f,\u201c \u0159\u00edk\u00e1 Feller. Citeln\u00e9 je to hlavn\u011b u\u00a0dod\u00e1vek od Fordu, \u010d\u00e1ste\u010dn\u011b i\u00a0Renaultu, ob\u011b zna\u010dky p\u0159itom dosud pat\u0159ily mezi hlavn\u00ed dodavatele u\u017eitkov\u00fdch aut na \u010desk\u00fd trh.<\/p>\n<h2>Komplikace na denn\u00edm po\u0159\u00e1dku<\/h2>\n<p>\u201eDo p\u0159\u00ed\u0161t\u00edho roku se neboj\u00edm v\u00a0z\u00e1sad\u011b ni\u010deho. Domn\u00edv\u00e1m se, \u017ee ten rok bude pro n\u00e1s dobr\u00fd. Budeme sp\u00ed\u0161 \u0159e\u0161it to, jak auto z\u00e1kazn\u00edkovi sehnat, ne\u017e \u017ee jich m\u00e1me na sklad\u011b hodn\u011b. Je\u0161t\u011b minim\u00e1ln\u011b rok budeme vysv\u011btlovat z\u00e1kazn\u00edk\u016fm, pro\u010d zrovna jeho model, jeho v\u00fdbava nejde do vozu objednat, pro\u010d ji mus\u00ed p\u0159\u00edpadn\u011b \u00fapln\u011b zru\u0161it, aby v\u016fbec auto dostal,\u201c \u0159\u00edk\u00e1 v\u00a0rozhovoru pro SZ Byznys Pavel Louda, majitel spole\u010dnosti Louda Auto, holdingu Louda a \u0161\u00e9f asociace dealer\u016f VW a Audi.<\/p>\n<p>\u201eProto jsme deale\u0159i. Nejsme internetov\u00fd obchod, mus\u00edme to z\u00e1kazn\u00edkovi vysv\u011btlit,\u201c dod\u00e1v\u00e1 s\u00a0t\u00edm, \u017ee zat\u00edmco d\u0159\u00edv vysv\u011btlovali komplikace s\u00a0dod\u00e1n\u00edm nov\u00e9ho vozu sem tam, te\u010f je to na denn\u00edm po\u0159\u00e1dku.<\/p>\n<p>\u201eV\u00a0podstat\u011b co zak\u00e1zka, to komplikace a pozdn\u00ed dod\u00e1n\u00ed. Automobilky obecn\u011b utlumily v\u00a0posledn\u00edch 12\u00a0m\u011bs\u00edc\u00edch v\u00fdrobu. Auta jsou v\u00edc nedostatkov\u00e1 a popt\u00e1vka za\u010dala p\u0159evy\u0161ovat nab\u00eddku. Na n\u011bkter\u00e9 modely t\u0159eba u\u00a0\u0160kody Auto se \u010dek\u00e1 \u0161est sedm m\u011bs\u00edc\u016f.<\/p>\n<p><b>Bude se tahle doba prodlu\u017eovat?<\/b><\/p>\n<p>M\u016f\u017ee se prodlu\u017eovat. T\u011b\u017eko dneska predikovat jak moc, jak kdy. Klidn\u011b rok. Automobilky obecn\u011b maj\u00ed dle m\u00e9ho soudu krom\u011b covidu je\u0161t\u011b jeden v\u011bt\u0161\u00ed probl\u00e9m, a to je globalizace. P\u0159edev\u0161\u00edm dodavatel\u016f jednotliv\u00fdch komponent\u016f. Kdy\u017e vybuchla Fuku\u0161ima, existoval v\u00a0bl\u00edzkosti jeden japonsk\u00fd v\u00fdrobce, kter\u00fd vyr\u00e1b\u011bl jeden typ \u010dip\u016f, konkr\u00e9tn\u011b do couvac\u00ed kamery pro v\u0161echny automobilky. V\u00a0tu chv\u00edli byla paralyzov\u00e1na dod\u00e1vka t\u00e9to mimo\u0159\u00e1dn\u00e9 v\u00fdbavy. Z\u00e1kazn\u00edci to moc nevn\u00edmali, proto\u017ee to byla, \u0159ekn\u011bme, nadbyte\u010dn\u00e1 v\u00fdbava. To se dneska bohu\u017eel za\u010d\u00edn\u00e1 st\u00e1vat \u010d\u00edm d\u00e1l \u010dast\u011bji, ale u\u00a0daleko d\u016fle\u017eit\u011bj\u0161\u00edch sou\u010d\u00e1stek. A\u00a0je to kv\u016fli globalizaci, ne covidu.<\/p>\n<p>Bude to sou\u010d\u00e1stka od sou\u010d\u00e1stky. Z\u00e1le\u017e\u00ed hodn\u011b na tom, jak kter\u00e1 automobilka diferencuje subdodavatele. Pokud bude z\u00e1visl\u00e1 jen na jednom, v\u017edycky n\u011bjak\u00fd takov\u00fd probl\u00e9m m\u016f\u017ee vzniknout. Na druhou stranu automobilky maj\u00ed sofistikovan\u00fd management, maj\u00ed na tyto situace procesy. Tak\u017ee se domn\u00edv\u00e1m, \u017ee to nebude z\u00e1sadn\u00ed brzda v\u00a0dod\u00e1vk\u00e1ch voz\u016f z\u00e1kazn\u00edk\u016fm.<\/p>\n<p>My jsme zvykl\u00ed za celou dobu na\u0161eho fungov\u00e1n\u00ed na v\u00fdkyvy v\u00a0nab\u00eddce a popt\u00e1vce. \u0158ekn\u011bme, \u017ee dne\u0161n\u00ed situace je st\u00e1le je\u0161t\u011b udr\u017eiteln\u00e1, automobilky to maj\u00ed pod kontrolou, kr\u00e1tkodob\u00e9 v\u00fdpadky lze p\u0159edpokl\u00e1dat. Probl\u00e9my c\u00edt\u00edme ka\u017ed\u00fd den. Poka\u017ed\u00e9 to m\u00e1 n\u011bjak\u00fd jin\u00fd d\u016fvod. V\u017edycky existuje n\u011bjak\u00e1 v\u00fdbava, n\u011bjak\u00e1 komponenta, kterou v\u00a0poptan\u00e9m aut\u011b nelze dodat.<\/p>\n<p>Zdroj: automakers.cz<\/p>\n<p><img loading=\"lazy\" decoding=\"async\" class=\"alignleft size-full wp-image-70973\" src=\"https:\/\/www.automakers.cz\/wp-content\/uploads\/2016\/05\/Louda-p%C5%99%C3%ADprava-showroom.jpg\" sizes=\"(max-width: 1000px) 100vw, 1000px\" srcset=\"https:\/\/www.automakers.cz\/wp-content\/uploads\/2016\/05\/Louda-p\u0159\u00edprava-showroom.jpg 1000w, https:\/\/www.automakers.cz\/wp-content\/uploads\/2016\/05\/Louda-p\u0159\u00edprava-showroom-290x163.jpg 290w, https:\/\/www.automakers.cz\/wp-content\/uploads\/2016\/05\/Louda-p\u0159\u00edprava-showroom-460x258.jpg 460w, https:\/\/www.automakers.cz\/wp-content\/uploads\/2016\/05\/Louda-p\u0159\u00edprava-showroom-480x270.jpg 480w, https:\/\/www.automakers.cz\/wp-content\/uploads\/2016\/05\/Louda-p\u0159\u00edprava-showroom-180x101.jpg 180w\" alt=\"\" width=\"1000\" height=\"563\" \/><\/p>\n","protected":false},"excerpt":{"rendered":"<p>\u010cesk\u00fdm automobilk\u00e1m chyb\u00ed d\u00edly a materi\u00e1l, podle mana\u017eer\u016f dealerstv\u00ed Louda Auto to brzy poc\u00edt\u00ed z\u00e1kazn\u00edci. Probl\u00e9m je nyn\u00ed u ka\u017ed\u00e9 nov\u00e9 zak\u00e1zky a \u010dekac\u00ed doby se prodlu\u017euj\u00ed, potvrdil pro SZ Byznys nejv\u011bt\u0161\u00ed dealer \u0161kodovek v \u010cesku. Nejv\u011bt\u0161\u00edmu prodejci \u0161kodovek v\u00a0tuzemsku loni klesly meziro\u010dn\u011b prodeje o\u00a012\u00a0procent. Ve dvan\u00e1cti autosalonech v\u00a0roce 2020\u00a0prodala spole\u010dnost Louda Auto t\u00e9m\u011b\u0159 3500\u00a0voz\u016f [&hellip;]<\/p>\n","protected":false},"author":4,"featured_media":8765,"comment_status":"open","ping_status":"open","sticky":false,"template":"","format":"standard","meta":{"_acf_changed":false,"inline_featured_image":false,"footnotes":""},"categories":[1],"tags":[],"kategorie_prispevku":[],"acf":[],"yoast_head":"<!-- This site is optimized with the Yoast SEO plugin v24.5 - https:\/\/yoast.com\/wordpress\/plugins\/seo\/ -->\n<title>Louda: na nov\u00e9 auto si \u010ce\u0161i po\u010dkaj\u00ed a\u017e rok | Autoklastr<\/title>\n<meta name=\"robots\" content=\"index, follow, max-snippet:-1, max-image-preview:large, max-video-preview:-1\" \/>\n<link rel=\"canonical\" href=\"https:\/\/autoklastr.cz\/cs\/louda-na-nove-auto-si-cesi-pockaji-az-rok\/\" \/>\n<meta property=\"og:locale\" content=\"en_US\" \/>\n<meta property=\"og:locale:alternate\" content=\"cs_CZ\" \/>\n<meta property=\"og:type\" content=\"article\" \/>\n<meta property=\"og:title\" content=\"Louda: na nov\u00e9 auto si \u010ce\u0161i po\u010dkaj\u00ed a\u017e rok\" \/>\n<meta property=\"og:description\" content=\"\u010cesk\u00fdm automobilk\u00e1m chyb\u00ed d\u00edly a materi\u00e1l, podle mana\u017eer\u016f dealerstv\u00ed Louda Auto to brzy poc\u00edt\u00ed z\u00e1kazn\u00edci. Probl\u00e9m je nyn\u00ed u ka\u017ed\u00e9 nov\u00e9 zak\u00e1zky a \u010dekac\u00ed doby se prodlu\u017euj\u00ed, potvrdil pro SZ Byznys nejv\u011bt\u0161\u00ed dealer \u0161kodovek v \u010cesku. Nejv\u011bt\u0161\u00edmu prodejci \u0161kodovek v\u00a0tuzemsku loni klesly meziro\u010dn\u011b prodeje o\u00a012\u00a0procent. Ve dvan\u00e1cti autosalonech v\u00a0roce 2020\u00a0prodala spole\u010dnost Louda Auto t\u00e9m\u011b\u0159 3500\u00a0voz\u016f [&hellip;]\" \/>\n<meta property=\"og:url\" content=\"https:\/\/autoklastr.cz\/en\/louda-na-nove-auto-si-cesi-pockaji-az-rok\/\" \/>\n<meta property=\"og:site_name\" content=\"Autoklastr\" \/>\n<meta property=\"article:published_time\" content=\"2021-05-20T09:53:09+00:00\" \/>\n<meta property=\"article:modified_time\" content=\"2021-05-27T09:54:11+00:00\" \/>\n<meta property=\"og:image\" content=\"https:\/\/autoklastr.cz\/wp-content\/uploads\/2021\/05\/Louda-Cerny-Most.jpg\" \/>\n\t<meta property=\"og:image:width\" content=\"1000\" \/>\n\t<meta property=\"og:image:height\" content=\"563\" \/>\n\t<meta property=\"og:image:type\" content=\"image\/jpeg\" \/>\n<meta name=\"author\" content=\"adam.priechodsky\" \/>\n<meta name=\"twitter:card\" content=\"summary_large_image\" \/>\n<meta name=\"twitter:label1\" content=\"Written by\" \/>\n\t<meta name=\"twitter:data1\" content=\"adam.priechodsky\" \/>\n\t<meta name=\"twitter:label2\" content=\"Est. reading time\" \/>\n\t<meta name=\"twitter:data2\" content=\"3 minutes\" \/>\n<script type=\"application\/ld+json\" class=\"yoast-schema-graph\">{\"@context\":\"https:\/\/schema.org\",\"@graph\":[{\"@type\":\"WebPage\",\"@id\":\"https:\/\/autoklastr.cz\/cs\/louda-na-nove-auto-si-cesi-pockaji-az-rok\/\",\"url\":\"https:\/\/autoklastr.cz\/cs\/louda-na-nove-auto-si-cesi-pockaji-az-rok\/\",\"name\":\"Louda: na nov\u00e9 auto si \u010ce\u0161i po\u010dkaj\u00ed a\u017e rok\",\"isPartOf\":{\"@id\":\"https:\/\/autoklastr.cz\/cs\/#website\"},\"primaryImageOfPage\":{\"@id\":\"https:\/\/autoklastr.cz\/cs\/louda-na-nove-auto-si-cesi-pockaji-az-rok\/#primaryimage\"},\"image\":{\"@id\":\"https:\/\/autoklastr.cz\/cs\/louda-na-nove-auto-si-cesi-pockaji-az-rok\/#primaryimage\"},\"thumbnailUrl\":\"https:\/\/autoklastr.cz\/wp-content\/uploads\/2021\/05\/Louda-Cerny-Most.jpg\",\"datePublished\":\"2021-05-20T09:53:09+00:00\",\"dateModified\":\"2021-05-27T09:54:11+00:00\",\"author\":{\"@id\":\"https:\/\/autoklastr.cz\/cs\/#\/schema\/person\/2ceb72e5fd7e969ea3b11f014ed72896\"},\"breadcrumb\":{\"@id\":\"https:\/\/autoklastr.cz\/cs\/louda-na-nove-auto-si-cesi-pockaji-az-rok\/#breadcrumb\"},\"inLanguage\":\"en-US\",\"potentialAction\":[{\"@type\":\"ReadAction\",\"target\":[\"https:\/\/autoklastr.cz\/cs\/louda-na-nove-auto-si-cesi-pockaji-az-rok\/\"]}]},{\"@type\":\"ImageObject\",\"inLanguage\":\"en-US\",\"@id\":\"https:\/\/autoklastr.cz\/cs\/louda-na-nove-auto-si-cesi-pockaji-az-rok\/#primaryimage\",\"url\":\"https:\/\/autoklastr.cz\/wp-content\/uploads\/2021\/05\/Louda-Cerny-Most.jpg\",\"contentUrl\":\"https:\/\/autoklastr.cz\/wp-content\/uploads\/2021\/05\/Louda-Cerny-Most.jpg\",\"width\":1000,\"height\":563},{\"@type\":\"BreadcrumbList\",\"@id\":\"https:\/\/autoklastr.cz\/cs\/louda-na-nove-auto-si-cesi-pockaji-az-rok\/#breadcrumb\",\"itemListElement\":[{\"@type\":\"ListItem\",\"position\":1,\"name\":\"Dom\u016f\",\"item\":\"https:\/\/autoklastr.cz\/cs\/\"},{\"@type\":\"ListItem\",\"position\":2,\"name\":\"Louda: na nov\u00e9 auto si \u010ce\u0161i po\u010dkaj\u00ed a\u017e rok\"}]},{\"@type\":\"WebSite\",\"@id\":\"https:\/\/autoklastr.cz\/cs\/#website\",\"url\":\"https:\/\/autoklastr.cz\/cs\/\",\"name\":\"Autoklastr\",\"description\":\"Spole\u010dn\u011b pro Automotive!\",\"potentialAction\":[{\"@type\":\"SearchAction\",\"target\":{\"@type\":\"EntryPoint\",\"urlTemplate\":\"https:\/\/autoklastr.cz\/cs\/?s={search_term_string}\"},\"query-input\":{\"@type\":\"PropertyValueSpecification\",\"valueRequired\":true,\"valueName\":\"search_term_string\"}}],\"inLanguage\":\"en-US\"},{\"@type\":\"Person\",\"@id\":\"https:\/\/autoklastr.cz\/cs\/#\/schema\/person\/2ceb72e5fd7e969ea3b11f014ed72896\",\"name\":\"adam.priechodsky\",\"image\":{\"@type\":\"ImageObject\",\"inLanguage\":\"en-US\",\"@id\":\"https:\/\/autoklastr.cz\/cs\/#\/schema\/person\/image\/\",\"url\":\"https:\/\/secure.gravatar.com\/avatar\/d2e6c6214446f55d001681a1366ee5ab?s=96&d=mm&r=g\",\"contentUrl\":\"https:\/\/secure.gravatar.com\/avatar\/d2e6c6214446f55d001681a1366ee5ab?s=96&d=mm&r=g\",\"caption\":\"adam.priechodsky\"}}]}<\/script>\n<!-- \/ Yoast SEO plugin. -->","yoast_head_json":{"title":"Louda: na nov\u00e9 auto si \u010ce\u0161i po\u010dkaj\u00ed a\u017e rok | Autoklastr","robots":{"index":"index","follow":"follow","max-snippet":"max-snippet:-1","max-image-preview":"max-image-preview:large","max-video-preview":"max-video-preview:-1"},"canonical":"https:\/\/autoklastr.cz\/cs\/louda-na-nove-auto-si-cesi-pockaji-az-rok\/","og_locale":"en_US","og_type":"article","og_title":"[:cs]Louda: na nov\u00e9 auto si \u010ce\u0161i po\u010dkaj\u00ed a\u017e rok[:] | Autoklastr","og_description":"\u010cesk\u00fdm automobilk\u00e1m chyb\u00ed d\u00edly a materi\u00e1l, podle mana\u017eer\u016f dealerstv\u00ed Louda Auto to brzy poc\u00edt\u00ed z\u00e1kazn\u00edci. Probl\u00e9m je nyn\u00ed u ka\u017ed\u00e9 nov\u00e9 zak\u00e1zky a \u010dekac\u00ed doby se prodlu\u017euj\u00ed, potvrdil pro SZ Byznys nejv\u011bt\u0161\u00ed dealer \u0161kodovek v \u010cesku. Nejv\u011bt\u0161\u00edmu prodejci \u0161kodovek v\u00a0tuzemsku loni klesly meziro\u010dn\u011b prodeje o\u00a012\u00a0procent. Ve dvan\u00e1cti autosalonech v\u00a0roce 2020\u00a0prodala spole\u010dnost Louda Auto t\u00e9m\u011b\u0159 3500\u00a0voz\u016f [&hellip;]","og_url":"https:\/\/autoklastr.cz\/en\/louda-na-nove-auto-si-cesi-pockaji-az-rok\/","og_site_name":"Autoklastr","article_published_time":"2021-05-20T09:53:09+00:00","article_modified_time":"2021-05-27T09:54:11+00:00","og_image":[{"width":1000,"height":563,"url":"https:\/\/autoklastr.cz\/wp-content\/uploads\/2021\/05\/Louda-Cerny-Most.jpg","type":"image\/jpeg"}],"author":"adam.priechodsky","twitter_card":"summary_large_image","twitter_misc":{"Written by":"adam.priechodsky","Est. reading time":"3 minutes"},"schema":{"@context":"https:\/\/schema.org","@graph":[{"@type":"WebPage","@id":"https:\/\/autoklastr.cz\/cs\/louda-na-nove-auto-si-cesi-pockaji-az-rok\/","url":"https:\/\/autoklastr.cz\/cs\/louda-na-nove-auto-si-cesi-pockaji-az-rok\/","name":"Louda: na nov\u00e9 auto si \u010ce\u0161i po\u010dkaj\u00ed a\u017e rok","isPartOf":{"@id":"https:\/\/autoklastr.cz\/cs\/#website"},"primaryImageOfPage":{"@id":"https:\/\/autoklastr.cz\/cs\/louda-na-nove-auto-si-cesi-pockaji-az-rok\/#primaryimage"},"image":{"@id":"https:\/\/autoklastr.cz\/cs\/louda-na-nove-auto-si-cesi-pockaji-az-rok\/#primaryimage"},"thumbnailUrl":"https:\/\/autoklastr.cz\/wp-content\/uploads\/2021\/05\/Louda-Cerny-Most.jpg","datePublished":"2021-05-20T09:53:09+00:00","dateModified":"2021-05-27T09:54:11+00:00","author":{"@id":"https:\/\/autoklastr.cz\/cs\/#\/schema\/person\/2ceb72e5fd7e969ea3b11f014ed72896"},"breadcrumb":{"@id":"https:\/\/autoklastr.cz\/cs\/louda-na-nove-auto-si-cesi-pockaji-az-rok\/#breadcrumb"},"inLanguage":"en-US","potentialAction":[{"@type":"ReadAction","target":["https:\/\/autoklastr.cz\/cs\/louda-na-nove-auto-si-cesi-pockaji-az-rok\/"]}]},{"@type":"ImageObject","inLanguage":"en-US","@id":"https:\/\/autoklastr.cz\/cs\/louda-na-nove-auto-si-cesi-pockaji-az-rok\/#primaryimage","url":"https:\/\/autoklastr.cz\/wp-content\/uploads\/2021\/05\/Louda-Cerny-Most.jpg","contentUrl":"https:\/\/autoklastr.cz\/wp-content\/uploads\/2021\/05\/Louda-Cerny-Most.jpg","width":1000,"height":563},{"@type":"BreadcrumbList","@id":"https:\/\/autoklastr.cz\/cs\/louda-na-nove-auto-si-cesi-pockaji-az-rok\/#breadcrumb","itemListElement":[{"@type":"ListItem","position":1,"name":"Dom\u016f","item":"https:\/\/autoklastr.cz\/cs\/"},{"@type":"ListItem","position":2,"name":"Louda: na nov\u00e9 auto si \u010ce\u0161i po\u010dkaj\u00ed a\u017e rok"}]},{"@type":"WebSite","@id":"https:\/\/autoklastr.cz\/cs\/#website","url":"https:\/\/autoklastr.cz\/cs\/","name":"Autoklastr","description":"Spole\u010dn\u011b pro Automotive!","potentialAction":[{"@type":"SearchAction","target":{"@type":"EntryPoint","urlTemplate":"https:\/\/autoklastr.cz\/cs\/?s={search_term_string}"},"query-input":{"@type":"PropertyValueSpecification","valueRequired":true,"valueName":"search_term_string"}}],"inLanguage":"en-US"},{"@type":"Person","@id":"https:\/\/autoklastr.cz\/cs\/#\/schema\/person\/2ceb72e5fd7e969ea3b11f014ed72896","name":"adam.priechodsky","image":{"@type":"ImageObject","inLanguage":"en-US","@id":"https:\/\/autoklastr.cz\/cs\/#\/schema\/person\/image\/","url":"https:\/\/secure.gravatar.com\/avatar\/d2e6c6214446f55d001681a1366ee5ab?s=96&d=mm&r=g","contentUrl":"https:\/\/secure.gravatar.com\/avatar\/d2e6c6214446f55d001681a1366ee5ab?s=96&d=mm&r=g","caption":"adam.priechodsky"}}]}},"_links":{"self":[{"href":"https:\/\/autoklastr.cz\/en\/wp-json\/wp\/v2\/posts\/8764"}],"collection":[{"href":"https:\/\/autoklastr.cz\/en\/wp-json\/wp\/v2\/posts"}],"about":[{"href":"https:\/\/autoklastr.cz\/en\/wp-json\/wp\/v2\/types\/post"}],"author":[{"embeddable":true,"href":"https:\/\/autoklastr.cz\/en\/wp-json\/wp\/v2\/users\/4"}],"replies":[{"embeddable":true,"href":"https:\/\/autoklastr.cz\/en\/wp-json\/wp\/v2\/comments?post=8764"}],"version-history":[{"count":1,"href":"https:\/\/autoklastr.cz\/en\/wp-json\/wp\/v2\/posts\/8764\/revisions"}],"predecessor-version":[{"id":8766,"href":"https:\/\/autoklastr.cz\/en\/wp-json\/wp\/v2\/posts\/8764\/revisions\/8766"}],"wp:featuredmedia":[{"embeddable":true,"href":"https:\/\/autoklastr.cz\/en\/wp-json\/wp\/v2\/media\/8765"}],"wp:attachment":[{"href":"https:\/\/autoklastr.cz\/en\/wp-json\/wp\/v2\/media?parent=8764"}],"wp:term":[{"taxonomy":"category","embeddable":true,"href":"https:\/\/autoklastr.cz\/en\/wp-json\/wp\/v2\/categories?post=8764"},{"taxonomy":"post_tag","embeddable":true,"href":"https:\/\/autoklastr.cz\/en\/wp-json\/wp\/v2\/tags?post=8764"},{"taxonomy":"kategorie_prispevku","embeddable":true,"href":"https:\/\/autoklastr.cz\/en\/wp-json\/wp\/v2\/kategorie_prispevku?post=8764"}],"curies":[{"name":"wp","href":"https:\/\/api.w.org\/{rel}","templated":true}]}}