{"id":33489,"date":"2026-04-30T13:53:25","date_gmt":"2026-04-30T11:53:25","guid":{"rendered":"https:\/\/autoklastr.cz\/cs\/?p=33489"},"modified":"2026-04-30T13:53:25","modified_gmt":"2026-04-30T11:53:25","slug":"bmw-i-ventures-investuje-miliardy-do-umele-inteligence-a-udrzitelnych-technologii","status":"publish","type":"post","link":"https:\/\/autoklastr.cz\/en\/bmw-i-ventures-investuje-miliardy-do-umele-inteligence-a-udrzitelnych-technologii\/","title":{"rendered":"BMW i Ventures investuj\u00ed miliardy do AI a udr\u017eiteln\u00fdch technologi\u00ed"},"content":{"rendered":"<p class=\"paragraph is-rich-chat-ui normal ng-star-inserted\" data-start-index=\"81\"><strong><span class=\"ng-star-inserted\" data-start-index=\"81\">Venture kapit\u00e1lov\u00e1 odno\u017e automobilky BMW spou\u0161t\u00ed sv\u016fj v po\u0159ad\u00ed ji\u017e t\u0159et\u00ed investi\u010dn\u00ed fond. S kapit\u00e1lem 300 milion\u016f dolar\u016f se zam\u011b\u0159\u00ed na firmy, kter\u00e9 p\u0159in\u00e1\u0161ej\u00ed z\u00e1sadn\u00ed pr\u016flom v oblasti um\u011bl\u00e9 inteligence a pr\u016fmyslov\u00e9ho softwaru. <\/span><\/strong><\/p>\n<p class=\"paragraph is-rich-chat-ui normal ng-star-inserted\" data-start-index=\"81\"><span class=\"ng-star-inserted\" data-start-index=\"81\">Celkov\u00fd objem spravovan\u00fdch prost\u0159edk\u016f BMW i Ventures p\u0159ekonal hranici 1,1 miliardy dolar\u016f. <\/span><span class=\"ng-star-inserted\" data-start-index=\"400\">Investo\u0159i vyhled\u00e1vaj\u00ed p\u0159\u00edle\u017eitosti v Evrop\u011b i Severn\u00ed Americe. Hlavn\u00edm c\u00edlem je podpo\u0159it <\/span><b class=\"ng-star-inserted\" data-start-index=\"593\">rozvoj<\/b><span class=\"ng-star-inserted\" data-start-index=\"599\"> technologi\u00ed pro v\u00fdrobn\u00ed linky a \u0159et\u011bzce dodavatel\u016f. Velk\u00fd d\u016fraz fond klade na takzvanou agentn\u00ed AI a fyzickou um\u011blou inteligenci. Tyto syst\u00e9my umo\u017e\u0148uj\u00ed robot\u016fm a autonomn\u00edm stroj\u016fm pracovat efektivn\u011bji.\u00a0<\/span><\/p>\n<p class=\"paragraph is-rich-chat-ui normal ng-star-inserted\" data-start-index=\"820\"><span class=\"ng-star-inserted\" data-start-index=\"820\">P\u0159edseda p\u0159edstavenstva BMW Group Oliver Zipse v\u011b\u0159\u00ed, \u017ee tento <\/span><b class=\"ng-star-inserted\" data-start-index=\"882\">projekt<\/b><span class=\"ng-star-inserted\" data-start-index=\"889\"> p\u0159ich\u00e1z\u00ed v ide\u00e1ln\u00ed \u010das. Um\u011bl\u00e1 inteligence podle n\u011bj od z\u00e1klad\u016f zm\u011bn\u00ed cel\u00fd <\/span><b class=\"ng-star-inserted\" data-start-index=\"964\">automotive<\/b> <b class=\"ng-star-inserted\" data-start-index=\"975\">byznys<\/b><span class=\"ng-star-inserted\" data-start-index=\"981\">. Umo\u017e\u0148uje toti\u017e transformovat provozn\u00ed procesy a cel\u00e9 hodnotov\u00e9 \u0159et\u011bzce. D\u00edky v\u010dasn\u00fdm investic\u00edm do <\/span><b class=\"ng-star-inserted\" data-start-index=\"1082\">inovac\u00ed<\/b><span class=\"ng-star-inserted\" data-start-index=\"1089\">\u00a0si firma udr\u017e\u00ed n\u00e1skok p\u0159ed konkurenc\u00ed a dok\u00e1\u017ee rychleji reagovat na technologick\u00e9 posuny.<\/span><\/p>\n<p class=\"paragraph is-rich-chat-ui normal ng-star-inserted\" data-start-index=\"1179\"><span class=\"ng-star-inserted\" data-start-index=\"1179\">D\u016fle\u017eit\u00fdm t\u00e9matem z\u016fst\u00e1v\u00e1 tak\u00e9 <\/span><b class=\"ng-star-inserted\" data-start-index=\"1210\">recyklace<\/b><span class=\"ng-star-inserted\" data-start-index=\"1219\"> a pokro\u010dil\u00e9 materi\u00e1ly. Investice do cirkul\u00e1rn\u00edch pr\u016fmyslov\u00fdch syst\u00e9m\u016f pom\u00e1haj\u00ed sn\u00ed\u017eit z\u00e1vislost na omezen\u00fdch dod\u00e1vk\u00e1ch kritick\u00fdch surovin. Tato strategie p\u0159\u00edmo stabilizuje budouc\u00ed <\/span><b class=\"ng-star-inserted\" data-start-index=\"1400\">v\u00fdrobu<\/b><span class=\"ng-star-inserted\" data-start-index=\"1406\">\u00a0a zaji\u0161\u0165uje jej\u00ed dlouhodobou udr\u017eitelnost. <\/span><\/p>\n<p class=\"paragraph is-rich-chat-ui normal ng-star-inserted\" data-start-index=\"1179\"><span class=\"ng-star-inserted\" data-start-index=\"1406\">BMW i Ventures od sv\u00e9ho vzniku v roce 2011 podpo\u0159ili v\u00edce ne\u017e 90 spole\u010dnost\u00ed a \u00fasp\u011b\u0161n\u011b zrealizovali des\u00edtky exit\u016f, mezi kter\u00e9 pat\u0159\u00ed nap\u0159\u00edklad firmy ChargePoint nebo Xometry. <\/span><span class=\"ng-star-inserted\" data-start-index=\"1623\">V <\/span><b class=\"ng-star-inserted\" data-start-index=\"1625\">Autoklastru<\/b><span class=\"ng-star-inserted\" data-start-index=\"1636\"> vn\u00edm\u00e1me tento trend jako potvrzen\u00ed, \u017ee digit\u00e1ln\u00ed transformace a <\/span><b class=\"ng-star-inserted\" data-start-index=\"1701\">technologie<\/b><span class=\"ng-star-inserted\" data-start-index=\"1712\"> postaven\u00e9 na AI jsou v modern\u00edm <\/span><b class=\"ng-star-inserted\" data-start-index=\"1746\">pr\u016fmyslu<\/b><span class=\"ng-star-inserted\" data-start-index=\"1753\"> nezbytn\u00e9.\u00a0<\/span><\/p>\n<p data-start-index=\"2090\"><img loading=\"lazy\" decoding=\"async\" class=\"alignleft size-full wp-image-33490\" src=\"https:\/\/autoklastr.cz\/wp-content\/uploads\/2026\/04\/bmw-e1777549414373.jpg\" alt=\"\" width=\"900\" height=\"675\" \/><\/p>\n<div class=\"paragraph is-rich-chat-ui normal ng-star-inserted\" data-start-index=\"1962\">Zdroj:<span class=\"ng-star-inserted\" data-start-index=\"2096\"> BMW Group<\/span><\/div>\n<p data-start-index=\"2090\">Foto: BMW.eu<\/p>\n","protected":false},"excerpt":{"rendered":"<p>Venture kapit\u00e1lov\u00e1 odno\u017e automobilky BMW spou\u0161t\u00ed sv\u016fj v po\u0159ad\u00ed ji\u017e t\u0159et\u00ed investi\u010dn\u00ed fond. S kapit\u00e1lem 300 milion\u016f dolar\u016f se zam\u011b\u0159\u00ed na firmy, kter\u00e9 p\u0159in\u00e1\u0161ej\u00ed z\u00e1sadn\u00ed pr\u016flom v oblasti um\u011bl\u00e9 inteligence a pr\u016fmyslov\u00e9ho softwaru. Celkov\u00fd objem spravovan\u00fdch prost\u0159edk\u016f BMW i Ventures p\u0159ekonal hranici 1,1 miliardy dolar\u016f. Investo\u0159i vyhled\u00e1vaj\u00ed p\u0159\u00edle\u017eitosti v Evrop\u011b i Severn\u00ed Americe. Hlavn\u00edm c\u00edlem [&hellip;]<\/p>\n","protected":false},"author":97,"featured_media":33491,"comment_status":"open","ping_status":"open","sticky":false,"template":"","format":"standard","meta":{"_acf_changed":false,"inline_featured_image":false,"footnotes":""},"categories":[1],"tags":[670,590,614,786,606,642,681,619,788,787,626,789],"kategorie_prispevku":[],"acf":[],"yoast_head":"<!-- This site is optimized with the Yoast SEO plugin v24.5 - https:\/\/yoast.com\/wordpress\/plugins\/seo\/ -->\n<title>BMW i Ventures investuj\u00ed miliardy do AI a udr\u017eiteln\u00fdch technologi\u00ed | Autoklastr<\/title>\n<meta name=\"description\" content=\"Fond BMW i Ventures disponuje nov\u00fdmi 300 miliony dolar\u016f pro investice do AI, robotiky a udr\u017eiteln\u00fdch materi\u00e1l\u016f. P\u0159e\u010dt\u011bte si, jak tyto technologie a venture kapit\u00e1l zm\u011bn\u00ed pr\u016fmyslovou v\u00fdrobu.\" \/>\n<meta name=\"robots\" content=\"index, follow, max-snippet:-1, max-image-preview:large, max-video-preview:-1\" \/>\n<link rel=\"canonical\" href=\"https:\/\/autoklastr.cz\/cs\/bmw-i-ventures-investuje-miliardy-do-umele-inteligence-a-udrzitelnych-technologii\/\" \/>\n<meta property=\"og:locale\" content=\"en_US\" \/>\n<meta property=\"og:locale:alternate\" content=\"cs_CZ\" \/>\n<meta property=\"og:type\" content=\"article\" \/>\n<meta property=\"og:title\" content=\"BMW i Ventures investuj\u00ed miliardy do AI a udr\u017eiteln\u00fdch technologi\u00ed\" \/>\n<meta property=\"og:description\" content=\"Fond BMW i Ventures disponuje nov\u00fdmi 300 miliony dolar\u016f pro investice do AI, robotiky a udr\u017eiteln\u00fdch materi\u00e1l\u016f. P\u0159e\u010dt\u011bte si, jak tyto technologie a venture kapit\u00e1l zm\u011bn\u00ed pr\u016fmyslovou v\u00fdrobu.\" \/>\n<meta property=\"og:url\" content=\"https:\/\/autoklastr.cz\/en\/bmw-i-ventures-investuje-miliardy-do-umele-inteligence-a-udrzitelnych-technologii\/\" \/>\n<meta property=\"og:site_name\" content=\"Autoklastr\" \/>\n<meta property=\"article:published_time\" content=\"2026-04-30T11:53:25+00:00\" \/>\n<meta property=\"og:image\" content=\"https:\/\/autoklastr.cz\/wp-content\/uploads\/2026\/04\/bmw-1.jpg\" \/>\n\t<meta property=\"og:image:width\" content=\"1000\" \/>\n\t<meta property=\"og:image:height\" content=\"750\" \/>\n\t<meta property=\"og:image:type\" content=\"image\/jpeg\" \/>\n<meta name=\"author\" content=\"Radka \u0160vejnohov\u00e1\" \/>\n<meta name=\"twitter:card\" content=\"summary_large_image\" \/>\n<meta name=\"twitter:label1\" content=\"Written by\" \/>\n\t<meta name=\"twitter:data1\" content=\"Radka \u0160vejnohov\u00e1\" \/>\n\t<meta name=\"twitter:label2\" content=\"Est. reading time\" \/>\n\t<meta name=\"twitter:data2\" content=\"2 minutes\" \/>\n<script type=\"application\/ld+json\" class=\"yoast-schema-graph\">{\"@context\":\"https:\/\/schema.org\",\"@graph\":[{\"@type\":\"WebPage\",\"@id\":\"https:\/\/autoklastr.cz\/cs\/bmw-i-ventures-investuje-miliardy-do-umele-inteligence-a-udrzitelnych-technologii\/\",\"url\":\"https:\/\/autoklastr.cz\/cs\/bmw-i-ventures-investuje-miliardy-do-umele-inteligence-a-udrzitelnych-technologii\/\",\"name\":\"BMW i Ventures investuj\u00ed miliardy do AI a udr\u017eiteln\u00fdch technologi\u00ed\",\"isPartOf\":{\"@id\":\"https:\/\/autoklastr.cz\/cs\/#website\"},\"primaryImageOfPage\":{\"@id\":\"https:\/\/autoklastr.cz\/cs\/bmw-i-ventures-investuje-miliardy-do-umele-inteligence-a-udrzitelnych-technologii\/#primaryimage\"},\"image\":{\"@id\":\"https:\/\/autoklastr.cz\/cs\/bmw-i-ventures-investuje-miliardy-do-umele-inteligence-a-udrzitelnych-technologii\/#primaryimage\"},\"thumbnailUrl\":\"https:\/\/autoklastr.cz\/wp-content\/uploads\/2026\/04\/bmw-1.jpg\",\"datePublished\":\"2026-04-30T11:53:25+00:00\",\"author\":{\"@id\":\"https:\/\/autoklastr.cz\/cs\/#\/schema\/person\/ff06875ec9162231a7cfaec72839d7f7\"},\"description\":\"Fond BMW i Ventures disponuje nov\u00fdmi 300 miliony dolar\u016f pro investice do AI, robotiky a udr\u017eiteln\u00fdch materi\u00e1l\u016f. P\u0159e\u010dt\u011bte si, jak tyto technologie a venture kapit\u00e1l zm\u011bn\u00ed pr\u016fmyslovou v\u00fdrobu.\",\"breadcrumb\":{\"@id\":\"https:\/\/autoklastr.cz\/cs\/bmw-i-ventures-investuje-miliardy-do-umele-inteligence-a-udrzitelnych-technologii\/#breadcrumb\"},\"inLanguage\":\"en-US\",\"potentialAction\":[{\"@type\":\"ReadAction\",\"target\":[\"https:\/\/autoklastr.cz\/cs\/bmw-i-ventures-investuje-miliardy-do-umele-inteligence-a-udrzitelnych-technologii\/\"]}]},{\"@type\":\"ImageObject\",\"inLanguage\":\"en-US\",\"@id\":\"https:\/\/autoklastr.cz\/cs\/bmw-i-ventures-investuje-miliardy-do-umele-inteligence-a-udrzitelnych-technologii\/#primaryimage\",\"url\":\"https:\/\/autoklastr.cz\/wp-content\/uploads\/2026\/04\/bmw-1.jpg\",\"contentUrl\":\"https:\/\/autoklastr.cz\/wp-content\/uploads\/2026\/04\/bmw-1.jpg\",\"width\":1000,\"height\":750},{\"@type\":\"BreadcrumbList\",\"@id\":\"https:\/\/autoklastr.cz\/cs\/bmw-i-ventures-investuje-miliardy-do-umele-inteligence-a-udrzitelnych-technologii\/#breadcrumb\",\"itemListElement\":[{\"@type\":\"ListItem\",\"position\":1,\"name\":\"Dom\u016f\",\"item\":\"https:\/\/autoklastr.cz\/cs\/\"},{\"@type\":\"ListItem\",\"position\":2,\"name\":\"BMW i Ventures investuj\u00ed miliardy do AI a udr\u017eiteln\u00fdch technologi\u00ed\"}]},{\"@type\":\"WebSite\",\"@id\":\"https:\/\/autoklastr.cz\/cs\/#website\",\"url\":\"https:\/\/autoklastr.cz\/cs\/\",\"name\":\"Autoklastr\",\"description\":\"Spole\u010dn\u011b pro Automotive!\",\"potentialAction\":[{\"@type\":\"SearchAction\",\"target\":{\"@type\":\"EntryPoint\",\"urlTemplate\":\"https:\/\/autoklastr.cz\/cs\/?s={search_term_string}\"},\"query-input\":{\"@type\":\"PropertyValueSpecification\",\"valueRequired\":true,\"valueName\":\"search_term_string\"}}],\"inLanguage\":\"en-US\"},{\"@type\":\"Person\",\"@id\":\"https:\/\/autoklastr.cz\/cs\/#\/schema\/person\/ff06875ec9162231a7cfaec72839d7f7\",\"name\":\"Radka \u0160vejnohov\u00e1\",\"image\":{\"@type\":\"ImageObject\",\"inLanguage\":\"en-US\",\"@id\":\"https:\/\/autoklastr.cz\/cs\/#\/schema\/person\/image\/\",\"url\":\"https:\/\/secure.gravatar.com\/avatar\/96b299eda458e5a9d1bcf37972ed68de?s=96&d=mm&r=g\",\"contentUrl\":\"https:\/\/secure.gravatar.com\/avatar\/96b299eda458e5a9d1bcf37972ed68de?s=96&d=mm&r=g\",\"caption\":\"Radka \u0160vejnohov\u00e1\"}}]}<\/script>\n<!-- \/ Yoast SEO plugin. -->","yoast_head_json":{"title":"BMW i Ventures investuj\u00ed miliardy do AI a udr\u017eiteln\u00fdch technologi\u00ed | Autoklastr","description":"[:cs]Fond BMW i Ventures disponuje nov\u00fdmi 300 miliony dolar\u016f pro investice do AI, robotiky a udr\u017eiteln\u00fdch materi\u00e1l\u016f. P\u0159e\u010dt\u011bte si, jak tyto technologie a venture kapit\u00e1l zm\u011bn\u00ed pr\u016fmyslovou v\u00fdrobu.[:]","robots":{"index":"index","follow":"follow","max-snippet":"max-snippet:-1","max-image-preview":"max-image-preview:large","max-video-preview":"max-video-preview:-1"},"canonical":"https:\/\/autoklastr.cz\/cs\/bmw-i-ventures-investuje-miliardy-do-umele-inteligence-a-udrzitelnych-technologii\/","og_locale":"en_US","og_type":"article","og_title":"[:cs]BMW i Ventures investuj\u00ed miliardy do AI a udr\u017eiteln\u00fdch technologi\u00ed[:] | Autoklastr","og_description":"[:cs]Fond BMW i Ventures disponuje nov\u00fdmi 300 miliony dolar\u016f pro investice do AI, robotiky a udr\u017eiteln\u00fdch materi\u00e1l\u016f. P\u0159e\u010dt\u011bte si, jak tyto technologie a venture kapit\u00e1l zm\u011bn\u00ed pr\u016fmyslovou v\u00fdrobu.[:]","og_url":"https:\/\/autoklastr.cz\/en\/bmw-i-ventures-investuje-miliardy-do-umele-inteligence-a-udrzitelnych-technologii\/","og_site_name":"Autoklastr","article_published_time":"2026-04-30T11:53:25+00:00","og_image":[{"width":1000,"height":750,"url":"https:\/\/autoklastr.cz\/wp-content\/uploads\/2026\/04\/bmw-1.jpg","type":"image\/jpeg"}],"author":"Radka \u0160vejnohov\u00e1","twitter_card":"summary_large_image","twitter_misc":{"Written by":"Radka \u0160vejnohov\u00e1","Est. reading time":"2 minutes"},"schema":{"@context":"https:\/\/schema.org","@graph":[{"@type":"WebPage","@id":"https:\/\/autoklastr.cz\/cs\/bmw-i-ventures-investuje-miliardy-do-umele-inteligence-a-udrzitelnych-technologii\/","url":"https:\/\/autoklastr.cz\/cs\/bmw-i-ventures-investuje-miliardy-do-umele-inteligence-a-udrzitelnych-technologii\/","name":"BMW i Ventures investuj\u00ed miliardy do AI a udr\u017eiteln\u00fdch technologi\u00ed","isPartOf":{"@id":"https:\/\/autoklastr.cz\/cs\/#website"},"primaryImageOfPage":{"@id":"https:\/\/autoklastr.cz\/cs\/bmw-i-ventures-investuje-miliardy-do-umele-inteligence-a-udrzitelnych-technologii\/#primaryimage"},"image":{"@id":"https:\/\/autoklastr.cz\/cs\/bmw-i-ventures-investuje-miliardy-do-umele-inteligence-a-udrzitelnych-technologii\/#primaryimage"},"thumbnailUrl":"https:\/\/autoklastr.cz\/wp-content\/uploads\/2026\/04\/bmw-1.jpg","datePublished":"2026-04-30T11:53:25+00:00","author":{"@id":"https:\/\/autoklastr.cz\/cs\/#\/schema\/person\/ff06875ec9162231a7cfaec72839d7f7"},"description":"Fond BMW i Ventures disponuje nov\u00fdmi 300 miliony dolar\u016f pro investice do AI, robotiky a udr\u017eiteln\u00fdch materi\u00e1l\u016f. P\u0159e\u010dt\u011bte si, jak tyto technologie a venture kapit\u00e1l zm\u011bn\u00ed pr\u016fmyslovou v\u00fdrobu.","breadcrumb":{"@id":"https:\/\/autoklastr.cz\/cs\/bmw-i-ventures-investuje-miliardy-do-umele-inteligence-a-udrzitelnych-technologii\/#breadcrumb"},"inLanguage":"en-US","potentialAction":[{"@type":"ReadAction","target":["https:\/\/autoklastr.cz\/cs\/bmw-i-ventures-investuje-miliardy-do-umele-inteligence-a-udrzitelnych-technologii\/"]}]},{"@type":"ImageObject","inLanguage":"en-US","@id":"https:\/\/autoklastr.cz\/cs\/bmw-i-ventures-investuje-miliardy-do-umele-inteligence-a-udrzitelnych-technologii\/#primaryimage","url":"https:\/\/autoklastr.cz\/wp-content\/uploads\/2026\/04\/bmw-1.jpg","contentUrl":"https:\/\/autoklastr.cz\/wp-content\/uploads\/2026\/04\/bmw-1.jpg","width":1000,"height":750},{"@type":"BreadcrumbList","@id":"https:\/\/autoklastr.cz\/cs\/bmw-i-ventures-investuje-miliardy-do-umele-inteligence-a-udrzitelnych-technologii\/#breadcrumb","itemListElement":[{"@type":"ListItem","position":1,"name":"Dom\u016f","item":"https:\/\/autoklastr.cz\/cs\/"},{"@type":"ListItem","position":2,"name":"BMW i Ventures investuj\u00ed miliardy do AI a udr\u017eiteln\u00fdch technologi\u00ed"}]},{"@type":"WebSite","@id":"https:\/\/autoklastr.cz\/cs\/#website","url":"https:\/\/autoklastr.cz\/cs\/","name":"Autoklastr","description":"Spole\u010dn\u011b pro Automotive!","potentialAction":[{"@type":"SearchAction","target":{"@type":"EntryPoint","urlTemplate":"https:\/\/autoklastr.cz\/cs\/?s={search_term_string}"},"query-input":{"@type":"PropertyValueSpecification","valueRequired":true,"valueName":"search_term_string"}}],"inLanguage":"en-US"},{"@type":"Person","@id":"https:\/\/autoklastr.cz\/cs\/#\/schema\/person\/ff06875ec9162231a7cfaec72839d7f7","name":"Radka \u0160vejnohov\u00e1","image":{"@type":"ImageObject","inLanguage":"en-US","@id":"https:\/\/autoklastr.cz\/cs\/#\/schema\/person\/image\/","url":"https:\/\/secure.gravatar.com\/avatar\/96b299eda458e5a9d1bcf37972ed68de?s=96&d=mm&r=g","contentUrl":"https:\/\/secure.gravatar.com\/avatar\/96b299eda458e5a9d1bcf37972ed68de?s=96&d=mm&r=g","caption":"Radka \u0160vejnohov\u00e1"}}]}},"_links":{"self":[{"href":"https:\/\/autoklastr.cz\/en\/wp-json\/wp\/v2\/posts\/33489"}],"collection":[{"href":"https:\/\/autoklastr.cz\/en\/wp-json\/wp\/v2\/posts"}],"about":[{"href":"https:\/\/autoklastr.cz\/en\/wp-json\/wp\/v2\/types\/post"}],"author":[{"embeddable":true,"href":"https:\/\/autoklastr.cz\/en\/wp-json\/wp\/v2\/users\/97"}],"replies":[{"embeddable":true,"href":"https:\/\/autoklastr.cz\/en\/wp-json\/wp\/v2\/comments?post=33489"}],"version-history":[{"count":5,"href":"https:\/\/autoklastr.cz\/en\/wp-json\/wp\/v2\/posts\/33489\/revisions"}],"predecessor-version":[{"id":33496,"href":"https:\/\/autoklastr.cz\/en\/wp-json\/wp\/v2\/posts\/33489\/revisions\/33496"}],"wp:featuredmedia":[{"embeddable":true,"href":"https:\/\/autoklastr.cz\/en\/wp-json\/wp\/v2\/media\/33491"}],"wp:attachment":[{"href":"https:\/\/autoklastr.cz\/en\/wp-json\/wp\/v2\/media?parent=33489"}],"wp:term":[{"taxonomy":"category","embeddable":true,"href":"https:\/\/autoklastr.cz\/en\/wp-json\/wp\/v2\/categories?post=33489"},{"taxonomy":"post_tag","embeddable":true,"href":"https:\/\/autoklastr.cz\/en\/wp-json\/wp\/v2\/tags?post=33489"},{"taxonomy":"kategorie_prispevku","embeddable":true,"href":"https:\/\/autoklastr.cz\/en\/wp-json\/wp\/v2\/kategorie_prispevku?post=33489"}],"curies":[{"name":"wp","href":"https:\/\/api.w.org\/{rel}","templated":true}]}}