{"id":24399,"date":"2024-03-05T21:03:00","date_gmt":"2024-03-05T20:03:00","guid":{"rendered":"https:\/\/autoklastr.cz\/cs\/?p=24399"},"modified":"2024-03-06T21:04:56","modified_gmt":"2024-03-06T20:04:56","slug":"volkswagen-zastavil-vyrobu-v-emdenu","status":"publish","type":"post","link":"https:\/\/autoklastr.cz\/en\/volkswagen-zastavil-vyrobu-v-emdenu\/","title":{"rendered":"Volkswagen zastavil v\u00fdrobu v Emdenu"},"content":{"rendered":"<p style=\"text-align: justify;\"><strong>Tov\u00e1rna Volkswagenu na v\u00fdrobu elektromobil\u016f v n\u011bmeck\u00e9m Emdenu u\u017e p\u011bt dn\u00ed stoj\u00ed. Chyb\u00ed sou\u010d\u00e1stky od jednoho z dodavatel\u016f.<\/strong><span id=\"more-2647\"><\/span><\/p>\n<p style=\"text-align: justify;\">\u201eEmdensk\u00fd Volkswagen-Werk nebude cel\u00fd n\u00e1sleduj\u00edc\u00ed t\u00fdden fungovat, chyb\u00ed n\u00e1m d\u00edly,\u201c potvrdila o v\u00edkendu n\u011bmeck\u00e9mu tisku mluv\u010d\u00ed z\u00e1vodu.<\/p>\n<p style=\"text-align: justify;\">Tov\u00e1rna v Emdenu existuje od roku 1960, jako prvn\u00ed model tam sjel z v\u00fdrobn\u00edho p\u00e1su VW K\u00e4fer. Od roku 2019 slou\u017e\u00ed k mont\u00e1\u017ei vozidel na elektromobiln\u00ed platform\u011b, nap\u0159\u00edklad modelu ID.4.<\/p>\n<p>&nbsp;<\/p>\n<p>Zdroj: automakers.cz<\/p>\n","protected":false},"excerpt":{"rendered":"<p>Tov\u00e1rna Volkswagenu na v\u00fdrobu elektromobil\u016f v n\u011bmeck\u00e9m Emdenu u\u017e p\u011bt dn\u00ed stoj\u00ed. Chyb\u00ed sou\u010d\u00e1stky od jednoho z dodavatel\u016f. \u201eEmdensk\u00fd Volkswagen-Werk nebude cel\u00fd n\u00e1sleduj\u00edc\u00ed t\u00fdden fungovat, chyb\u00ed n\u00e1m d\u00edly,\u201c potvrdila o v\u00edkendu n\u011bmeck\u00e9mu tisku mluv\u010d\u00ed z\u00e1vodu. Tov\u00e1rna v Emdenu existuje od roku 1960, jako prvn\u00ed model tam sjel z v\u00fdrobn\u00edho p\u00e1su VW K\u00e4fer. Od roku 2019 [&hellip;]<\/p>\n","protected":false},"author":81,"featured_media":24400,"comment_status":"open","ping_status":"open","sticky":false,"template":"","format":"standard","meta":{"_acf_changed":false,"inline_featured_image":false,"footnotes":""},"categories":[1],"tags":[],"kategorie_prispevku":[],"acf":[],"yoast_head":"<!-- This site is optimized with the Yoast SEO plugin v24.5 - https:\/\/yoast.com\/wordpress\/plugins\/seo\/ -->\n<title>Volkswagen zastavil v\u00fdrobu v Emdenu | Autoklastr<\/title>\n<meta name=\"robots\" content=\"index, follow, max-snippet:-1, max-image-preview:large, max-video-preview:-1\" \/>\n<link rel=\"canonical\" href=\"https:\/\/autoklastr.cz\/cs\/volkswagen-zastavil-vyrobu-v-emdenu\/\" \/>\n<meta property=\"og:locale\" content=\"en_US\" \/>\n<meta property=\"og:locale:alternate\" content=\"cs_CZ\" \/>\n<meta property=\"og:type\" content=\"article\" \/>\n<meta property=\"og:title\" content=\"Volkswagen zastavil v\u00fdrobu v Emdenu\" \/>\n<meta property=\"og:description\" content=\"Tov\u00e1rna Volkswagenu na v\u00fdrobu elektromobil\u016f v n\u011bmeck\u00e9m Emdenu u\u017e p\u011bt dn\u00ed stoj\u00ed. Chyb\u00ed sou\u010d\u00e1stky od jednoho z dodavatel\u016f. \u201eEmdensk\u00fd Volkswagen-Werk nebude cel\u00fd n\u00e1sleduj\u00edc\u00ed t\u00fdden fungovat, chyb\u00ed n\u00e1m d\u00edly,\u201c potvrdila o v\u00edkendu n\u011bmeck\u00e9mu tisku mluv\u010d\u00ed z\u00e1vodu. Tov\u00e1rna v Emdenu existuje od roku 1960, jako prvn\u00ed model tam sjel z v\u00fdrobn\u00edho p\u00e1su VW K\u00e4fer. Od roku 2019 [&hellip;]\" \/>\n<meta property=\"og:url\" content=\"https:\/\/autoklastr.cz\/en\/volkswagen-zastavil-vyrobu-v-emdenu\/\" \/>\n<meta property=\"og:site_name\" content=\"Autoklastr\" \/>\n<meta property=\"article:published_time\" content=\"2024-03-05T20:03:00+00:00\" \/>\n<meta property=\"article:modified_time\" content=\"2024-03-06T20:04:56+00:00\" \/>\n<meta property=\"og:image\" content=\"https:\/\/autoklastr.cz\/wp-content\/uploads\/2024\/03\/Skoda-Auto-almost-780000-vehicles-produced-worldwide-1-e1701069670664.jpg\" \/>\n\t<meta property=\"og:image:width\" content=\"504\" \/>\n\t<meta property=\"og:image:height\" content=\"336\" \/>\n\t<meta property=\"og:image:type\" content=\"image\/jpeg\" \/>\n<meta name=\"author\" content=\"Karel B\u0159emek\" \/>\n<meta name=\"twitter:card\" content=\"summary_large_image\" \/>\n<meta name=\"twitter:label1\" content=\"Written by\" \/>\n\t<meta name=\"twitter:data1\" content=\"Karel B\u0159emek\" \/>\n\t<meta name=\"twitter:label2\" content=\"Est. reading time\" \/>\n\t<meta name=\"twitter:data2\" content=\"1 minute\" \/>\n<script type=\"application\/ld+json\" class=\"yoast-schema-graph\">{\"@context\":\"https:\/\/schema.org\",\"@graph\":[{\"@type\":\"WebPage\",\"@id\":\"https:\/\/autoklastr.cz\/cs\/volkswagen-zastavil-vyrobu-v-emdenu\/\",\"url\":\"https:\/\/autoklastr.cz\/cs\/volkswagen-zastavil-vyrobu-v-emdenu\/\",\"name\":\"Volkswagen zastavil v\u00fdrobu v Emdenu\",\"isPartOf\":{\"@id\":\"https:\/\/autoklastr.cz\/cs\/#website\"},\"primaryImageOfPage\":{\"@id\":\"https:\/\/autoklastr.cz\/cs\/volkswagen-zastavil-vyrobu-v-emdenu\/#primaryimage\"},\"image\":{\"@id\":\"https:\/\/autoklastr.cz\/cs\/volkswagen-zastavil-vyrobu-v-emdenu\/#primaryimage\"},\"thumbnailUrl\":\"https:\/\/autoklastr.cz\/wp-content\/uploads\/2024\/03\/Skoda-Auto-almost-780000-vehicles-produced-worldwide-1-e1701069670664.jpg\",\"datePublished\":\"2024-03-05T20:03:00+00:00\",\"dateModified\":\"2024-03-06T20:04:56+00:00\",\"author\":{\"@id\":\"https:\/\/autoklastr.cz\/cs\/#\/schema\/person\/51de917140dff28ece1c759a7579ba79\"},\"breadcrumb\":{\"@id\":\"https:\/\/autoklastr.cz\/cs\/volkswagen-zastavil-vyrobu-v-emdenu\/#breadcrumb\"},\"inLanguage\":\"en-US\",\"potentialAction\":[{\"@type\":\"ReadAction\",\"target\":[\"https:\/\/autoklastr.cz\/cs\/volkswagen-zastavil-vyrobu-v-emdenu\/\"]}]},{\"@type\":\"ImageObject\",\"inLanguage\":\"en-US\",\"@id\":\"https:\/\/autoklastr.cz\/cs\/volkswagen-zastavil-vyrobu-v-emdenu\/#primaryimage\",\"url\":\"https:\/\/autoklastr.cz\/wp-content\/uploads\/2024\/03\/Skoda-Auto-almost-780000-vehicles-produced-worldwide-1-e1701069670664.jpg\",\"contentUrl\":\"https:\/\/autoklastr.cz\/wp-content\/uploads\/2024\/03\/Skoda-Auto-almost-780000-vehicles-produced-worldwide-1-e1701069670664.jpg\",\"width\":504,\"height\":336,\"caption\":\"V\u00fdroba vozu \u0160koda Enyaq Coupe iV ve \u0160KODA Auto Mlad\u00e1 Boleslav.\"},{\"@type\":\"BreadcrumbList\",\"@id\":\"https:\/\/autoklastr.cz\/cs\/volkswagen-zastavil-vyrobu-v-emdenu\/#breadcrumb\",\"itemListElement\":[{\"@type\":\"ListItem\",\"position\":1,\"name\":\"Dom\u016f\",\"item\":\"https:\/\/autoklastr.cz\/cs\/\"},{\"@type\":\"ListItem\",\"position\":2,\"name\":\"Volkswagen zastavil v\u00fdrobu v Emdenu\"}]},{\"@type\":\"WebSite\",\"@id\":\"https:\/\/autoklastr.cz\/cs\/#website\",\"url\":\"https:\/\/autoklastr.cz\/cs\/\",\"name\":\"Autoklastr\",\"description\":\"Spole\u010dn\u011b pro Automotive!\",\"potentialAction\":[{\"@type\":\"SearchAction\",\"target\":{\"@type\":\"EntryPoint\",\"urlTemplate\":\"https:\/\/autoklastr.cz\/cs\/?s={search_term_string}\"},\"query-input\":{\"@type\":\"PropertyValueSpecification\",\"valueRequired\":true,\"valueName\":\"search_term_string\"}}],\"inLanguage\":\"en-US\"},{\"@type\":\"Person\",\"@id\":\"https:\/\/autoklastr.cz\/cs\/#\/schema\/person\/51de917140dff28ece1c759a7579ba79\",\"name\":\"Karel B\u0159emek\",\"image\":{\"@type\":\"ImageObject\",\"inLanguage\":\"en-US\",\"@id\":\"https:\/\/autoklastr.cz\/cs\/#\/schema\/person\/image\/\",\"url\":\"https:\/\/secure.gravatar.com\/avatar\/ba59bb4aee7dc631079170762e66e8c6?s=96&d=mm&r=g\",\"contentUrl\":\"https:\/\/secure.gravatar.com\/avatar\/ba59bb4aee7dc631079170762e66e8c6?s=96&d=mm&r=g\",\"caption\":\"Karel B\u0159emek\"}}]}<\/script>\n<!-- \/ Yoast SEO plugin. -->","yoast_head_json":{"title":"Volkswagen zastavil v\u00fdrobu v Emdenu | Autoklastr","robots":{"index":"index","follow":"follow","max-snippet":"max-snippet:-1","max-image-preview":"max-image-preview:large","max-video-preview":"max-video-preview:-1"},"canonical":"https:\/\/autoklastr.cz\/cs\/volkswagen-zastavil-vyrobu-v-emdenu\/","og_locale":"en_US","og_type":"article","og_title":"[:cs]Volkswagen zastavil v\u00fdrobu v Emdenu[:] | Autoklastr","og_description":"Tov\u00e1rna Volkswagenu na v\u00fdrobu elektromobil\u016f v n\u011bmeck\u00e9m Emdenu u\u017e p\u011bt dn\u00ed stoj\u00ed. Chyb\u00ed sou\u010d\u00e1stky od jednoho z dodavatel\u016f. \u201eEmdensk\u00fd Volkswagen-Werk nebude cel\u00fd n\u00e1sleduj\u00edc\u00ed t\u00fdden fungovat, chyb\u00ed n\u00e1m d\u00edly,\u201c potvrdila o v\u00edkendu n\u011bmeck\u00e9mu tisku mluv\u010d\u00ed z\u00e1vodu. Tov\u00e1rna v Emdenu existuje od roku 1960, jako prvn\u00ed model tam sjel z v\u00fdrobn\u00edho p\u00e1su VW K\u00e4fer. Od roku 2019 [&hellip;]","og_url":"https:\/\/autoklastr.cz\/en\/volkswagen-zastavil-vyrobu-v-emdenu\/","og_site_name":"Autoklastr","article_published_time":"2024-03-05T20:03:00+00:00","article_modified_time":"2024-03-06T20:04:56+00:00","og_image":[{"width":504,"height":336,"url":"https:\/\/autoklastr.cz\/wp-content\/uploads\/2024\/03\/Skoda-Auto-almost-780000-vehicles-produced-worldwide-1-e1701069670664.jpg","type":"image\/jpeg"}],"author":"Karel B\u0159emek","twitter_card":"summary_large_image","twitter_misc":{"Written by":"Karel B\u0159emek","Est. reading time":"1 minute"},"schema":{"@context":"https:\/\/schema.org","@graph":[{"@type":"WebPage","@id":"https:\/\/autoklastr.cz\/cs\/volkswagen-zastavil-vyrobu-v-emdenu\/","url":"https:\/\/autoklastr.cz\/cs\/volkswagen-zastavil-vyrobu-v-emdenu\/","name":"Volkswagen zastavil v\u00fdrobu v Emdenu","isPartOf":{"@id":"https:\/\/autoklastr.cz\/cs\/#website"},"primaryImageOfPage":{"@id":"https:\/\/autoklastr.cz\/cs\/volkswagen-zastavil-vyrobu-v-emdenu\/#primaryimage"},"image":{"@id":"https:\/\/autoklastr.cz\/cs\/volkswagen-zastavil-vyrobu-v-emdenu\/#primaryimage"},"thumbnailUrl":"https:\/\/autoklastr.cz\/wp-content\/uploads\/2024\/03\/Skoda-Auto-almost-780000-vehicles-produced-worldwide-1-e1701069670664.jpg","datePublished":"2024-03-05T20:03:00+00:00","dateModified":"2024-03-06T20:04:56+00:00","author":{"@id":"https:\/\/autoklastr.cz\/cs\/#\/schema\/person\/51de917140dff28ece1c759a7579ba79"},"breadcrumb":{"@id":"https:\/\/autoklastr.cz\/cs\/volkswagen-zastavil-vyrobu-v-emdenu\/#breadcrumb"},"inLanguage":"en-US","potentialAction":[{"@type":"ReadAction","target":["https:\/\/autoklastr.cz\/cs\/volkswagen-zastavil-vyrobu-v-emdenu\/"]}]},{"@type":"ImageObject","inLanguage":"en-US","@id":"https:\/\/autoklastr.cz\/cs\/volkswagen-zastavil-vyrobu-v-emdenu\/#primaryimage","url":"https:\/\/autoklastr.cz\/wp-content\/uploads\/2024\/03\/Skoda-Auto-almost-780000-vehicles-produced-worldwide-1-e1701069670664.jpg","contentUrl":"https:\/\/autoklastr.cz\/wp-content\/uploads\/2024\/03\/Skoda-Auto-almost-780000-vehicles-produced-worldwide-1-e1701069670664.jpg","width":504,"height":336,"caption":"V\u00fdroba vozu \u0160koda Enyaq Coupe iV ve \u0160KODA Auto Mlad\u00e1 Boleslav."},{"@type":"BreadcrumbList","@id":"https:\/\/autoklastr.cz\/cs\/volkswagen-zastavil-vyrobu-v-emdenu\/#breadcrumb","itemListElement":[{"@type":"ListItem","position":1,"name":"Dom\u016f","item":"https:\/\/autoklastr.cz\/cs\/"},{"@type":"ListItem","position":2,"name":"Volkswagen zastavil v\u00fdrobu v Emdenu"}]},{"@type":"WebSite","@id":"https:\/\/autoklastr.cz\/cs\/#website","url":"https:\/\/autoklastr.cz\/cs\/","name":"Autoklastr","description":"Spole\u010dn\u011b pro Automotive!","potentialAction":[{"@type":"SearchAction","target":{"@type":"EntryPoint","urlTemplate":"https:\/\/autoklastr.cz\/cs\/?s={search_term_string}"},"query-input":{"@type":"PropertyValueSpecification","valueRequired":true,"valueName":"search_term_string"}}],"inLanguage":"en-US"},{"@type":"Person","@id":"https:\/\/autoklastr.cz\/cs\/#\/schema\/person\/51de917140dff28ece1c759a7579ba79","name":"Karel B\u0159emek","image":{"@type":"ImageObject","inLanguage":"en-US","@id":"https:\/\/autoklastr.cz\/cs\/#\/schema\/person\/image\/","url":"https:\/\/secure.gravatar.com\/avatar\/ba59bb4aee7dc631079170762e66e8c6?s=96&d=mm&r=g","contentUrl":"https:\/\/secure.gravatar.com\/avatar\/ba59bb4aee7dc631079170762e66e8c6?s=96&d=mm&r=g","caption":"Karel B\u0159emek"}}]}},"_links":{"self":[{"href":"https:\/\/autoklastr.cz\/en\/wp-json\/wp\/v2\/posts\/24399"}],"collection":[{"href":"https:\/\/autoklastr.cz\/en\/wp-json\/wp\/v2\/posts"}],"about":[{"href":"https:\/\/autoklastr.cz\/en\/wp-json\/wp\/v2\/types\/post"}],"author":[{"embeddable":true,"href":"https:\/\/autoklastr.cz\/en\/wp-json\/wp\/v2\/users\/81"}],"replies":[{"embeddable":true,"href":"https:\/\/autoklastr.cz\/en\/wp-json\/wp\/v2\/comments?post=24399"}],"version-history":[{"count":1,"href":"https:\/\/autoklastr.cz\/en\/wp-json\/wp\/v2\/posts\/24399\/revisions"}],"predecessor-version":[{"id":24401,"href":"https:\/\/autoklastr.cz\/en\/wp-json\/wp\/v2\/posts\/24399\/revisions\/24401"}],"wp:featuredmedia":[{"embeddable":true,"href":"https:\/\/autoklastr.cz\/en\/wp-json\/wp\/v2\/media\/24400"}],"wp:attachment":[{"href":"https:\/\/autoklastr.cz\/en\/wp-json\/wp\/v2\/media?parent=24399"}],"wp:term":[{"taxonomy":"category","embeddable":true,"href":"https:\/\/autoklastr.cz\/en\/wp-json\/wp\/v2\/categories?post=24399"},{"taxonomy":"post_tag","embeddable":true,"href":"https:\/\/autoklastr.cz\/en\/wp-json\/wp\/v2\/tags?post=24399"},{"taxonomy":"kategorie_prispevku","embeddable":true,"href":"https:\/\/autoklastr.cz\/en\/wp-json\/wp\/v2\/kategorie_prispevku?post=24399"}],"curies":[{"name":"wp","href":"https:\/\/api.w.org\/{rel}","templated":true}]}}