{"id":22524,"date":"2023-04-25T21:07:46","date_gmt":"2023-04-25T19:07:46","guid":{"rendered":"https:\/\/autoklastr.cz\/cs\/?p=22524"},"modified":"2023-04-26T21:13:27","modified_gmt":"2023-04-26T19:13:27","slug":"nejsme-proti-euru-7-ale-at-plati-pozdeji-zamestnavatele-chteji-odklad-normy-o-pet-let","status":"publish","type":"post","link":"https:\/\/autoklastr.cz\/en\/nejsme-proti-euru-7-ale-at-plati-pozdeji-zamestnavatele-chteji-odklad-normy-o-pet-let\/","title":{"rendered":"\u201eNejsme proti Euru 7, ale a\u0165 plat\u00ed pozd\u011bji.\u201c Zam\u011bstnavatel\u00e9 cht\u011bj\u00ed odklad normy o p\u011bt let"},"content":{"rendered":"<p style=\"text-align: justify;\"><strong>Pr\u016fmyslov\u00e9 a zam\u011bstnavatelsk\u00e9 svazy \u017e\u00e1daj\u00ed o odklad \u00fa\u010dinnosti pl\u00e1novan\u00e9 emisn\u00ed normy Euro 7 o \u010dty\u0159i roky pro nov\u00e9 typy vozidel a o p\u011bt let pro ji\u017e existuj\u00edc\u00ed modely. Uv\u00e1d\u00ed to spole\u010dn\u00e1 deklarace, kterou v pond\u011bl\u00ed pod taktovkou Hospod\u00e1\u0159sk\u00e9 komory \u010cR (HK \u010cR) podepsaly tak\u00e9 Svaz pr\u016fmyslu a dopravy, Sdru\u017een\u00ed automobilov\u00e9ho pr\u016fmyslu a Konfederace zam\u011bstnavatelsk\u00fdch a podnikatelsk\u00fdch svaz\u016f.<\/strong><\/p>\n<p style=\"text-align: justify;\">Organizace z\u00e1rove\u0148 po\u017eaduj\u00ed zru\u0161en\u00ed \u010di \u00fapravy n\u011bkter\u00fdch technick\u00fdch po\u017eadavk\u016f, jako je palubn\u00ed monitorov\u00e1n\u00ed emis\u00ed stanoven\u00fdch zne\u010dis\u0165uj\u00edc\u00edch l\u00e1tek. Argumentuj\u00ed i t\u00edm, \u017ee nap\u0159\u00edklad po\u017eadovan\u00e1 \u010didla pro emise amoniaku \u010di oxidu dusnat\u00e9ho \u010di dusi\u010dit\u00e9ho doposud neexistuj\u00ed a ani v bl\u00edzk\u00e9 budoucnosti na trhu nemaj\u00ed b\u00fdt k dispozici.<\/p>\n<p style=\"text-align: justify;\">\u201eNen\u00ed to tak, \u017ee bychom Euro 7 necht\u011bli v\u016fbec. Je to o tom, jak normu naopak zlep\u0161it, p\u0159\u00edpadn\u011b rozvolnit n\u011bkter\u00e9 zbyte\u010dn\u011b napjat\u00e9 term\u00edny tak, abychom v\u0161ichni mohli sm\u011b\u0159ovat tam, kam chceme \u2013 tedy k dlouhodob\u00e9mu zlep\u0161en\u00ed klimatick\u00e9 situace nejen v Evrop\u011b,\u201c uvedl k deklaraci prezident Hospod\u00e1\u0159sk\u00e9 komory Vladim\u00edr Dlouh\u00fd.<\/p>\n<p style=\"text-align: justify;\" data-debug-redistribute=\"002. \/ 308px \/ 494\"><strong><a class=\"text-link\" href=\"https:\/\/www.komora.cz\/wp-content\/uploads\/2023\/04\/Deklarace-prumyslu-Euro-7.pdf\" target=\"_blank\" rel=\"noopener\">Text prohl\u00e1\u0161en\u00ed <\/a><\/strong>je podle n\u011bj stanoviskem, kter\u00e9 m\u016f\u017ee slou\u017eit jako podklad pro vl\u00e1du \u010di pro \u010desk\u00e9 z\u00e1stupce v Evropsk\u00e9 parlamentu.<\/p>\n<p style=\"text-align: justify;\">Norma v sou\u010dasn\u00e9m zn\u011bn\u00ed dle ministra sni\u017euje konkurenceschopnost nejen \u010desk\u00fdch, ale i evropsk\u00fdch v\u00fdrobc\u016f, kte\u0159\u00ed budou muset investovat obrovsk\u00e9 sumy pen\u011bz do technologi\u00ed na fosiln\u00ed paliva, p\u0159itom prodej aut se spalovac\u00edmi motory bude (a\u017e na v\u00fdjimky) po roce 2035 nep\u0159\u00edpustn\u00fd. Norma dle Kupky z\u00e1rove\u0148 brzd\u00ed obnovu vozov\u00e9ho parku. \u201eProto\u017ee si lid\u00e9 kv\u016fli vypadnut\u00ed levn\u011bj\u0161\u00edch model\u016f z v\u00fdroby a celkov\u011b vy\u0161\u0161\u00edm cen\u00e1m budou nech\u00e1vat auta del\u0161\u00ed dobu,\u201c uvedl ministr.<\/p>\n<p style=\"text-align: justify;\">Kritici n\u00e1vrhu regule tak\u00e9 argumentuj\u00ed, \u017ee ve sv\u00e9 sou\u010dasn\u00e9 podob\u011b ohro\u017euje pracovn\u00ed m\u00edsta. Automobilky odhaduj\u00ed, \u017ee kv\u016fli nedostatku \u010dasu pro adekv\u00e1tn\u00ed p\u0159\u00edpravu na zp\u0159\u00edsn\u011bn\u00ed po\u017eadavk\u016f by musely zdra\u017eit osobn\u00ed auta a\u017e o dva tis\u00edce eur (dnes zhruba 46 900 korun), co\u017e by vedlo k tomu, \u017ee by se zejm\u00e9na mal\u00e1 auta p\u0159estala vyr\u00e1b\u011bt. A zbyl\u00e9 modely by pr\u00fd zdra\u017eily.<\/p>\n<h3 id=\"--nerealisticky-navrh\" class=\"tit\" style=\"text-align: justify;\" data-debug-redistribute=\"001. \/ 384px \/ 496\">Nerealistick\u00fd n\u00e1vrh<\/h3>\n<p style=\"text-align: justify;\" data-debug-redistribute=\"009. \/ 441px \/ -102\">Podobn\u011b to vn\u00edm\u00e1 i ministr dopravy Martin Kupka (ODS), kter\u00fd m\u00edn\u00ed, \u017ee dosavadn\u00ed podoba n\u00e1vrhu normyje\u0161t\u011b dozn\u00e1 \u2013 i z\u00e1sluhou tlaku n\u011bkter\u00fdch st\u00e1t\u016f a jejich podnikatelsk\u00fdch a zam\u011bstnaneck\u00fdch svaz\u016f a europoslanc\u016f \u2013 k\u00fd\u017een\u00fdch zm\u011bn. \u201eN\u00e1vrh je nerealistick\u00fd. V mnoha p\u0159\u00edpadech odporuje nejen zdrav\u00e9mu rozumu, ale i fyzik\u00e1ln\u00edm z\u00e1kon\u016fm,\u201c \u0159ekl Kupka. Snahy o posun term\u00ednu projevuj\u00ed tak\u00e9 v It\u00e1lii \u010di \u0160pan\u011blsku.<\/p>\n<p style=\"text-align: justify;\">V\u00fdkonn\u00fd \u0159editel Sdru\u017een\u00ed automobilov\u00e9ho pr\u016fmyslu Zden\u011bk Petzl upozornil, \u017ee d\u016fsledkem p\u0159ijet\u00ed normy Euro 7 by bylo sn\u00ed\u017een\u00ed ro\u010dn\u00ed v\u00fdroby osobn\u00edch aut o 300 a\u017e 400 tis\u00edc, tedy o 30 procent, a pokles hrub\u00e9ho dom\u00e1c\u00edho produktu o dv\u011b a\u017e t\u0159i procenta. Z\u00e1rove\u0148 by se v ohro\u017een\u00ed ocitlo a\u017e 700 tis\u00edc pracovn\u00edch m\u00edst v automobilk\u00e1ch a u jejich dodavatel\u016f.<\/p>\n<h3 id=\"--vliv-na-mobilitu-lidi\" class=\"tit\" style=\"text-align: justify;\" data-debug-redistribute=\"005. \/ 1551px \/ 227\">Vliv na mobilitu lid\u00ed<\/h3>\n<p style=\"text-align: justify;\" data-debug-redistribute=\"010. \/ 1608px \/ -356\">Europoslanec a zpravodaj pro normu Euro 7 v Evropsk\u00e9m parlamentu Alexandr Vondra (ODS) zd\u016fraznil, \u017ee v kone\u010dn\u00e9m d\u016fsledku bude nov\u00e1 emisn\u00ed norma nejen\u017ee p\u016fsobit proti dosahov\u00e1n\u00ed emisn\u00edch c\u00edl\u016f EU, ale \u017ee tak\u00e9 sn\u00ed\u017e\u00ed mobilitu lid\u00ed, kter\u00e1 pat\u0159\u00ed p\u0159\u00edmo k z\u00e1kladn\u00edm pil\u00ed\u0159\u016fm fungov\u00e1n\u00ed Unie. Na po\u0159ad plen\u00e1rn\u00edho zased\u00e1n\u00ed europarlamentu by norma podle Vondry m\u011bla p\u0159ij\u00edt letos v \u0159\u00edjnu, jej\u00ed zaveden\u00ed se p\u0159edpokl\u00e1d\u00e1 v roce 2025.<\/p>\n<p style=\"text-align: justify;\" data-debug-redistribute=\"007. \/ 1922px \/ 162\">\u201eNejde jen o z\u00e1jmy automobilov\u00e9ho pr\u016fmyslu \u010di automobilist\u016f, ale tak\u00e9 zam\u011bstnanc\u016f a jejich odbor\u016f. A nejen to. Je to z\u00e1jem cel\u00e9 \u010desk\u00e9 ekonomiky. Doty\u010dn\u00e1 deklarace by m\u011bla b\u00fdt deklarac\u00ed celkov\u00e9ho n\u00e1rodn\u00edho z\u00e1jmu,\u201c \u0159ekl serveru Lidovky.cz \u0159editel odboru pr\u00e1va, legislativy a anal\u00fdz HK \u010cR Ladislav Min\u010di\u010d.<\/p>\n<div data-redistribute=\"ad\">\n<div id=\"r-outstream\" class=\"r-main m72 s_outstream\">\n<div class=\"r-head\">\n<div id=\"art-text\" class=\"text\">\n<div class=\"bbtext\">\n<p style=\"text-align: justify;\" data-debug-redistribute=\"003. \/ 2076px \/ 273\">Pr\u00e1v\u011b takov\u00fd rozm\u011br cht\u011bla komora deklaraci d\u00e1t. Podm\u00ednkou by ale bylo zapojen\u00ed nejen nejv\u011bt\u0161\u00ed odborov\u00e9 centr\u00e1ly \u010ceskomoravsk\u00e9 konfederace odborov\u00fdch svaz\u016f, ale i dal\u0161\u00edch \u010dlen\u016f vl\u00e1dy a z\u00e1stupc\u016f politick\u00fdch stran nap\u0159\u00ed\u010d politick\u00fdm spektrem. \u201eA to nevy\u0161lo,\u201c podotkl Min\u010di\u010d.<\/p>\n<p data-debug-redistribute=\"003. \/ 2076px \/ 273\">\n<\/div>\n<\/div>\n<\/div>\n<\/div>\n<\/div>\n<div class=\"artmeta\">\n<div class=\"authors\">\n<div class=\"authorbox-foto\">\n<div data-redistribute=\"ad\">\n<div id=\"r-outstream\" class=\"r-main m72 s_outstream\">\n<div class=\"r-head\">\n<p>Zdroj: lidovky.cz<\/p>\n<\/div>\n<\/div>\n<\/div>\n<\/div>\n<\/div>\n<\/div>\n","protected":false},"excerpt":{"rendered":"<p>Pr\u016fmyslov\u00e9 a zam\u011bstnavatelsk\u00e9 svazy \u017e\u00e1daj\u00ed o odklad \u00fa\u010dinnosti pl\u00e1novan\u00e9 emisn\u00ed normy Euro 7 o \u010dty\u0159i roky pro nov\u00e9 typy vozidel a o p\u011bt let pro ji\u017e existuj\u00edc\u00ed modely. Uv\u00e1d\u00ed to spole\u010dn\u00e1 deklarace, kterou v pond\u011bl\u00ed pod taktovkou Hospod\u00e1\u0159sk\u00e9 komory \u010cR (HK \u010cR) podepsaly tak\u00e9 Svaz pr\u016fmyslu a dopravy, Sdru\u017een\u00ed automobilov\u00e9ho pr\u016fmyslu a Konfederace zam\u011bstnavatelsk\u00fdch a [&hellip;]<\/p>\n","protected":false},"author":81,"featured_media":22525,"comment_status":"open","ping_status":"open","sticky":false,"template":"","format":"standard","meta":{"_acf_changed":false,"inline_featured_image":false,"footnotes":""},"categories":[1],"tags":[],"kategorie_prispevku":[],"acf":[],"yoast_head":"<!-- This site is optimized with the Yoast SEO plugin v24.5 - https:\/\/yoast.com\/wordpress\/plugins\/seo\/ -->\n<title>\u201eNejsme proti Euru 7, ale a\u0165 plat\u00ed pozd\u011bji.\u201c Zam\u011bstnavatel\u00e9 cht\u011bj\u00ed odklad normy o p\u011bt let | Autoklastr<\/title>\n<meta name=\"robots\" content=\"index, follow, max-snippet:-1, max-image-preview:large, max-video-preview:-1\" \/>\n<link rel=\"canonical\" href=\"https:\/\/autoklastr.cz\/cs\/nejsme-proti-euru-7-ale-at-plati-pozdeji-zamestnavatele-chteji-odklad-normy-o-pet-let\/\" \/>\n<meta property=\"og:locale\" content=\"en_US\" \/>\n<meta property=\"og:locale:alternate\" content=\"cs_CZ\" \/>\n<meta property=\"og:type\" content=\"article\" \/>\n<meta property=\"og:title\" content=\"\u201eNejsme proti Euru 7, ale a\u0165 plat\u00ed pozd\u011bji.\u201c Zam\u011bstnavatel\u00e9 cht\u011bj\u00ed odklad normy o p\u011bt let\" \/>\n<meta property=\"og:description\" content=\"Pr\u016fmyslov\u00e9 a zam\u011bstnavatelsk\u00e9 svazy \u017e\u00e1daj\u00ed o odklad \u00fa\u010dinnosti pl\u00e1novan\u00e9 emisn\u00ed normy Euro 7 o \u010dty\u0159i roky pro nov\u00e9 typy vozidel a o p\u011bt let pro ji\u017e existuj\u00edc\u00ed modely. Uv\u00e1d\u00ed to spole\u010dn\u00e1 deklarace, kterou v pond\u011bl\u00ed pod taktovkou Hospod\u00e1\u0159sk\u00e9 komory \u010cR (HK \u010cR) podepsaly tak\u00e9 Svaz pr\u016fmyslu a dopravy, Sdru\u017een\u00ed automobilov\u00e9ho pr\u016fmyslu a Konfederace zam\u011bstnavatelsk\u00fdch a [&hellip;]\" \/>\n<meta property=\"og:url\" content=\"https:\/\/autoklastr.cz\/en\/nejsme-proti-euru-7-ale-at-plati-pozdeji-zamestnavatele-chteji-odklad-normy-o-pet-let\/\" \/>\n<meta property=\"og:site_name\" content=\"Autoklastr\" \/>\n<meta property=\"article:published_time\" content=\"2023-04-25T19:07:46+00:00\" \/>\n<meta property=\"article:modified_time\" content=\"2023-04-26T19:13:27+00:00\" \/>\n<meta property=\"og:image\" content=\"https:\/\/autoklastr.cz\/wp-content\/uploads\/2023\/04\/HOV9a8cf6_7ts_revised_superb_flagship_1_jpg.jpg\" \/>\n\t<meta property=\"og:image:width\" content=\"1030\" \/>\n\t<meta property=\"og:image:height\" content=\"579\" \/>\n\t<meta property=\"og:image:type\" content=\"image\/jpeg\" \/>\n<meta name=\"author\" content=\"Karel B\u0159emek\" \/>\n<meta name=\"twitter:card\" content=\"summary_large_image\" \/>\n<meta name=\"twitter:label1\" content=\"Written by\" \/>\n\t<meta name=\"twitter:data1\" content=\"Karel B\u0159emek\" \/>\n\t<meta name=\"twitter:label2\" content=\"Est. reading time\" \/>\n\t<meta name=\"twitter:data2\" content=\"4 minutes\" \/>\n<script type=\"application\/ld+json\" class=\"yoast-schema-graph\">{\"@context\":\"https:\/\/schema.org\",\"@graph\":[{\"@type\":\"WebPage\",\"@id\":\"https:\/\/autoklastr.cz\/cs\/nejsme-proti-euru-7-ale-at-plati-pozdeji-zamestnavatele-chteji-odklad-normy-o-pet-let\/\",\"url\":\"https:\/\/autoklastr.cz\/cs\/nejsme-proti-euru-7-ale-at-plati-pozdeji-zamestnavatele-chteji-odklad-normy-o-pet-let\/\",\"name\":\"\u201eNejsme proti Euru 7, ale a\u0165 plat\u00ed pozd\u011bji.\u201c Zam\u011bstnavatel\u00e9 cht\u011bj\u00ed odklad normy o p\u011bt let\",\"isPartOf\":{\"@id\":\"https:\/\/autoklastr.cz\/cs\/#website\"},\"primaryImageOfPage\":{\"@id\":\"https:\/\/autoklastr.cz\/cs\/nejsme-proti-euru-7-ale-at-plati-pozdeji-zamestnavatele-chteji-odklad-normy-o-pet-let\/#primaryimage\"},\"image\":{\"@id\":\"https:\/\/autoklastr.cz\/cs\/nejsme-proti-euru-7-ale-at-plati-pozdeji-zamestnavatele-chteji-odklad-normy-o-pet-let\/#primaryimage\"},\"thumbnailUrl\":\"https:\/\/autoklastr.cz\/wp-content\/uploads\/2023\/04\/HOV9a8cf6_7ts_revised_superb_flagship_1_jpg.jpg\",\"datePublished\":\"2023-04-25T19:07:46+00:00\",\"dateModified\":\"2023-04-26T19:13:27+00:00\",\"author\":{\"@id\":\"https:\/\/autoklastr.cz\/cs\/#\/schema\/person\/51de917140dff28ece1c759a7579ba79\"},\"breadcrumb\":{\"@id\":\"https:\/\/autoklastr.cz\/cs\/nejsme-proti-euru-7-ale-at-plati-pozdeji-zamestnavatele-chteji-odklad-normy-o-pet-let\/#breadcrumb\"},\"inLanguage\":\"en-US\",\"potentialAction\":[{\"@type\":\"ReadAction\",\"target\":[\"https:\/\/autoklastr.cz\/cs\/nejsme-proti-euru-7-ale-at-plati-pozdeji-zamestnavatele-chteji-odklad-normy-o-pet-let\/\"]}]},{\"@type\":\"ImageObject\",\"inLanguage\":\"en-US\",\"@id\":\"https:\/\/autoklastr.cz\/cs\/nejsme-proti-euru-7-ale-at-plati-pozdeji-zamestnavatele-chteji-odklad-normy-o-pet-let\/#primaryimage\",\"url\":\"https:\/\/autoklastr.cz\/wp-content\/uploads\/2023\/04\/HOV9a8cf6_7ts_revised_superb_flagship_1_jpg.jpg\",\"contentUrl\":\"https:\/\/autoklastr.cz\/wp-content\/uploads\/2023\/04\/HOV9a8cf6_7ts_revised_superb_flagship_1_jpg.jpg\",\"width\":1030,\"height\":579},{\"@type\":\"BreadcrumbList\",\"@id\":\"https:\/\/autoklastr.cz\/cs\/nejsme-proti-euru-7-ale-at-plati-pozdeji-zamestnavatele-chteji-odklad-normy-o-pet-let\/#breadcrumb\",\"itemListElement\":[{\"@type\":\"ListItem\",\"position\":1,\"name\":\"Dom\u016f\",\"item\":\"https:\/\/autoklastr.cz\/cs\/\"},{\"@type\":\"ListItem\",\"position\":2,\"name\":\"\u201eNejsme proti Euru 7, ale a\u0165 plat\u00ed pozd\u011bji.\u201c Zam\u011bstnavatel\u00e9 cht\u011bj\u00ed odklad normy o p\u011bt let\"}]},{\"@type\":\"WebSite\",\"@id\":\"https:\/\/autoklastr.cz\/cs\/#website\",\"url\":\"https:\/\/autoklastr.cz\/cs\/\",\"name\":\"Autoklastr\",\"description\":\"Spole\u010dn\u011b pro Automotive!\",\"potentialAction\":[{\"@type\":\"SearchAction\",\"target\":{\"@type\":\"EntryPoint\",\"urlTemplate\":\"https:\/\/autoklastr.cz\/cs\/?s={search_term_string}\"},\"query-input\":{\"@type\":\"PropertyValueSpecification\",\"valueRequired\":true,\"valueName\":\"search_term_string\"}}],\"inLanguage\":\"en-US\"},{\"@type\":\"Person\",\"@id\":\"https:\/\/autoklastr.cz\/cs\/#\/schema\/person\/51de917140dff28ece1c759a7579ba79\",\"name\":\"Karel B\u0159emek\",\"image\":{\"@type\":\"ImageObject\",\"inLanguage\":\"en-US\",\"@id\":\"https:\/\/autoklastr.cz\/cs\/#\/schema\/person\/image\/\",\"url\":\"https:\/\/secure.gravatar.com\/avatar\/ba59bb4aee7dc631079170762e66e8c6?s=96&d=mm&r=g\",\"contentUrl\":\"https:\/\/secure.gravatar.com\/avatar\/ba59bb4aee7dc631079170762e66e8c6?s=96&d=mm&r=g\",\"caption\":\"Karel B\u0159emek\"}}]}<\/script>\n<!-- \/ Yoast SEO plugin. -->","yoast_head_json":{"title":"\u201eNejsme proti Euru 7, ale a\u0165 plat\u00ed pozd\u011bji.\u201c Zam\u011bstnavatel\u00e9 cht\u011bj\u00ed odklad normy o p\u011bt let | Autoklastr","robots":{"index":"index","follow":"follow","max-snippet":"max-snippet:-1","max-image-preview":"max-image-preview:large","max-video-preview":"max-video-preview:-1"},"canonical":"https:\/\/autoklastr.cz\/cs\/nejsme-proti-euru-7-ale-at-plati-pozdeji-zamestnavatele-chteji-odklad-normy-o-pet-let\/","og_locale":"en_US","og_type":"article","og_title":"[:cs]\u201eNejsme proti Euru 7, ale a\u0165 plat\u00ed pozd\u011bji.\u201c Zam\u011bstnavatel\u00e9 cht\u011bj\u00ed odklad normy o p\u011bt let[:] | Autoklastr","og_description":"Pr\u016fmyslov\u00e9 a zam\u011bstnavatelsk\u00e9 svazy \u017e\u00e1daj\u00ed o odklad \u00fa\u010dinnosti pl\u00e1novan\u00e9 emisn\u00ed normy Euro 7 o \u010dty\u0159i roky pro nov\u00e9 typy vozidel a o p\u011bt let pro ji\u017e existuj\u00edc\u00ed modely. Uv\u00e1d\u00ed to spole\u010dn\u00e1 deklarace, kterou v pond\u011bl\u00ed pod taktovkou Hospod\u00e1\u0159sk\u00e9 komory \u010cR (HK \u010cR) podepsaly tak\u00e9 Svaz pr\u016fmyslu a dopravy, Sdru\u017een\u00ed automobilov\u00e9ho pr\u016fmyslu a Konfederace zam\u011bstnavatelsk\u00fdch a [&hellip;]","og_url":"https:\/\/autoklastr.cz\/en\/nejsme-proti-euru-7-ale-at-plati-pozdeji-zamestnavatele-chteji-odklad-normy-o-pet-let\/","og_site_name":"Autoklastr","article_published_time":"2023-04-25T19:07:46+00:00","article_modified_time":"2023-04-26T19:13:27+00:00","og_image":[{"width":1030,"height":579,"url":"https:\/\/autoklastr.cz\/wp-content\/uploads\/2023\/04\/HOV9a8cf6_7ts_revised_superb_flagship_1_jpg.jpg","type":"image\/jpeg"}],"author":"Karel B\u0159emek","twitter_card":"summary_large_image","twitter_misc":{"Written by":"Karel B\u0159emek","Est. reading time":"4 minutes"},"schema":{"@context":"https:\/\/schema.org","@graph":[{"@type":"WebPage","@id":"https:\/\/autoklastr.cz\/cs\/nejsme-proti-euru-7-ale-at-plati-pozdeji-zamestnavatele-chteji-odklad-normy-o-pet-let\/","url":"https:\/\/autoklastr.cz\/cs\/nejsme-proti-euru-7-ale-at-plati-pozdeji-zamestnavatele-chteji-odklad-normy-o-pet-let\/","name":"\u201eNejsme proti Euru 7, ale a\u0165 plat\u00ed pozd\u011bji.\u201c Zam\u011bstnavatel\u00e9 cht\u011bj\u00ed odklad normy o p\u011bt let","isPartOf":{"@id":"https:\/\/autoklastr.cz\/cs\/#website"},"primaryImageOfPage":{"@id":"https:\/\/autoklastr.cz\/cs\/nejsme-proti-euru-7-ale-at-plati-pozdeji-zamestnavatele-chteji-odklad-normy-o-pet-let\/#primaryimage"},"image":{"@id":"https:\/\/autoklastr.cz\/cs\/nejsme-proti-euru-7-ale-at-plati-pozdeji-zamestnavatele-chteji-odklad-normy-o-pet-let\/#primaryimage"},"thumbnailUrl":"https:\/\/autoklastr.cz\/wp-content\/uploads\/2023\/04\/HOV9a8cf6_7ts_revised_superb_flagship_1_jpg.jpg","datePublished":"2023-04-25T19:07:46+00:00","dateModified":"2023-04-26T19:13:27+00:00","author":{"@id":"https:\/\/autoklastr.cz\/cs\/#\/schema\/person\/51de917140dff28ece1c759a7579ba79"},"breadcrumb":{"@id":"https:\/\/autoklastr.cz\/cs\/nejsme-proti-euru-7-ale-at-plati-pozdeji-zamestnavatele-chteji-odklad-normy-o-pet-let\/#breadcrumb"},"inLanguage":"en-US","potentialAction":[{"@type":"ReadAction","target":["https:\/\/autoklastr.cz\/cs\/nejsme-proti-euru-7-ale-at-plati-pozdeji-zamestnavatele-chteji-odklad-normy-o-pet-let\/"]}]},{"@type":"ImageObject","inLanguage":"en-US","@id":"https:\/\/autoklastr.cz\/cs\/nejsme-proti-euru-7-ale-at-plati-pozdeji-zamestnavatele-chteji-odklad-normy-o-pet-let\/#primaryimage","url":"https:\/\/autoklastr.cz\/wp-content\/uploads\/2023\/04\/HOV9a8cf6_7ts_revised_superb_flagship_1_jpg.jpg","contentUrl":"https:\/\/autoklastr.cz\/wp-content\/uploads\/2023\/04\/HOV9a8cf6_7ts_revised_superb_flagship_1_jpg.jpg","width":1030,"height":579},{"@type":"BreadcrumbList","@id":"https:\/\/autoklastr.cz\/cs\/nejsme-proti-euru-7-ale-at-plati-pozdeji-zamestnavatele-chteji-odklad-normy-o-pet-let\/#breadcrumb","itemListElement":[{"@type":"ListItem","position":1,"name":"Dom\u016f","item":"https:\/\/autoklastr.cz\/cs\/"},{"@type":"ListItem","position":2,"name":"\u201eNejsme proti Euru 7, ale a\u0165 plat\u00ed pozd\u011bji.\u201c Zam\u011bstnavatel\u00e9 cht\u011bj\u00ed odklad normy o p\u011bt let"}]},{"@type":"WebSite","@id":"https:\/\/autoklastr.cz\/cs\/#website","url":"https:\/\/autoklastr.cz\/cs\/","name":"Autoklastr","description":"Spole\u010dn\u011b pro Automotive!","potentialAction":[{"@type":"SearchAction","target":{"@type":"EntryPoint","urlTemplate":"https:\/\/autoklastr.cz\/cs\/?s={search_term_string}"},"query-input":{"@type":"PropertyValueSpecification","valueRequired":true,"valueName":"search_term_string"}}],"inLanguage":"en-US"},{"@type":"Person","@id":"https:\/\/autoklastr.cz\/cs\/#\/schema\/person\/51de917140dff28ece1c759a7579ba79","name":"Karel B\u0159emek","image":{"@type":"ImageObject","inLanguage":"en-US","@id":"https:\/\/autoklastr.cz\/cs\/#\/schema\/person\/image\/","url":"https:\/\/secure.gravatar.com\/avatar\/ba59bb4aee7dc631079170762e66e8c6?s=96&d=mm&r=g","contentUrl":"https:\/\/secure.gravatar.com\/avatar\/ba59bb4aee7dc631079170762e66e8c6?s=96&d=mm&r=g","caption":"Karel B\u0159emek"}}]}},"_links":{"self":[{"href":"https:\/\/autoklastr.cz\/en\/wp-json\/wp\/v2\/posts\/22524"}],"collection":[{"href":"https:\/\/autoklastr.cz\/en\/wp-json\/wp\/v2\/posts"}],"about":[{"href":"https:\/\/autoklastr.cz\/en\/wp-json\/wp\/v2\/types\/post"}],"author":[{"embeddable":true,"href":"https:\/\/autoklastr.cz\/en\/wp-json\/wp\/v2\/users\/81"}],"replies":[{"embeddable":true,"href":"https:\/\/autoklastr.cz\/en\/wp-json\/wp\/v2\/comments?post=22524"}],"version-history":[{"count":4,"href":"https:\/\/autoklastr.cz\/en\/wp-json\/wp\/v2\/posts\/22524\/revisions"}],"predecessor-version":[{"id":22529,"href":"https:\/\/autoklastr.cz\/en\/wp-json\/wp\/v2\/posts\/22524\/revisions\/22529"}],"wp:featuredmedia":[{"embeddable":true,"href":"https:\/\/autoklastr.cz\/en\/wp-json\/wp\/v2\/media\/22525"}],"wp:attachment":[{"href":"https:\/\/autoklastr.cz\/en\/wp-json\/wp\/v2\/media?parent=22524"}],"wp:term":[{"taxonomy":"category","embeddable":true,"href":"https:\/\/autoklastr.cz\/en\/wp-json\/wp\/v2\/categories?post=22524"},{"taxonomy":"post_tag","embeddable":true,"href":"https:\/\/autoklastr.cz\/en\/wp-json\/wp\/v2\/tags?post=22524"},{"taxonomy":"kategorie_prispevku","embeddable":true,"href":"https:\/\/autoklastr.cz\/en\/wp-json\/wp\/v2\/kategorie_prispevku?post=22524"}],"curies":[{"name":"wp","href":"https:\/\/api.w.org\/{rel}","templated":true}]}}