{"id":22244,"date":"2023-03-10T20:02:00","date_gmt":"2023-03-10T19:02:00","guid":{"rendered":"https:\/\/autoklastr.cz\/cs\/?p=22244"},"modified":"2023-03-14T20:25:30","modified_gmt":"2023-03-14T19:25:30","slug":"orlen-otevrel-vodikove-cerpadlo-v-praze","status":"publish","type":"post","link":"https:\/\/autoklastr.cz\/en\/orlen-otevrel-vodikove-cerpadlo-v-praze\/","title":{"rendered":"ORLEN otev\u0159el vod\u00edkov\u00e9 \u010derpadlo v Praze"},"content":{"rendered":"<p style=\"text-align: justify;\"><strong>Skupina ORLEN Unipetrol za\u010dala ve sv\u00e9 s\u00edti \u010derpac\u00edch stanic ORLEN Benzina nab\u00edzet nov\u00fd druh paliva. Na \u010derpac\u00ed stanici na pra\u017esk\u00e9m Barrandov\u011b uvedla do provozu vod\u00edkov\u00fd plnic\u00ed stojan pro automobily, n\u00e1kladn\u00ed vozidla a autobusy.<\/strong><span id=\"more-28469\"><\/span><\/p>\n<p style=\"text-align: justify;\">Zaveden\u00ed nab\u00eddky vod\u00edkov\u00e9ho paliva je v souladu se strategi\u00ed bezemisn\u00edho rozvoje skupiny ORLEN Unipetrol a navazuje na unijn\u00ed a n\u00e1rodn\u00ed priority v oblasti rozvoje ve\u0159ejn\u00e9 infrastruktury pro \u010distou mobilitu.<\/p>\n<p style=\"text-align: justify;\">Do roku 2030 chce ORLEN Unipetrol provozovat 28 vod\u00edkov\u00fdch plnic\u00edch stanic a dva vod\u00edkov\u00e9 distribu\u010dn\u00ed termin\u00e1ly pro \u017eelezni\u010dn\u00ed dopravu v\u00a0Litv\u00ednov\u011b a Neratovic\u00edch.<\/p>\n<p style=\"text-align: justify;\"><em>\u201ePostupn\u011b realizujeme c\u00edle na\u0161eho strategick\u00e9ho rozvoje sm\u011brem k\u00a0emisn\u00ed neutralit\u011b, kter\u00e9 chceme dos\u00e1hnout nejpozd\u011bji do roku 2050. Klademe d\u016fraz na rozvoj petrochemick\u00e9ho segmentu, dekarbonizaci, digitalizaci, recyklaci a vyu\u017e\u00edv\u00e1n\u00ed alternativn\u00ed zdroj\u016f energie v\u010detn\u011b biopaliv a vod\u00edku. Jen do roku 2030 investujeme t\u00edmto sm\u011brem 35 miliard korun,\u201c\u00a0<\/em>popsal rozvojov\u00e9 pl\u00e1ny\u00a0<strong>skupiny ORLEN Unipetrol jej\u00ed gener\u00e1ln\u00ed \u0159editel Tomasz Wiatrak.<\/strong><\/p>\n<p style=\"text-align: justify;\">Ministerstvo dopravy v\u00fdstavbu vod\u00edkov\u00e9 stanice na Barrandov\u011b podpo\u0159ilo v r\u00e1mci Opera\u010dn\u00edho programu doprava 2.\u00a0<em>\u201eDle sou\u010dasn\u00e9ho pl\u00e1nu \u010dist\u00e9 mobility by v\u00a0\u010cesk\u00e9 republice do roku 2025 m\u011blo b\u00fdt 12 vod\u00edkov\u00fdch stanic a 80 stanic pak do roku 2030,\u201c\u00a0<\/em>\u0159ekl\u00a0<strong>ministr Martin Kupka<\/strong>\u00a0a sou\u010dasn\u011b upozor\u0148uje, \u017ee dan\u00e9 c\u00edle je\u0161t\u011b nereflektuj\u00ed aktu\u00e1ln\u00ed podobu n\u00e1vrhu evropsk\u00e9ho na\u0159\u00edzen\u00ed o zav\u00e1d\u011bn\u00ed infrastruktury pro alternativn\u00ed paliva, podle kter\u00e9ho je t\u0159eba vybudovat vod\u00edkovou infrastrukturu ka\u017ed\u00fdch 200 km na hlavn\u00ed s\u00edti TEN-T.<\/p>\n<p style=\"text-align: justify;\"><em>\u201eV leto\u0161n\u00edm roce proto o\u010dek\u00e1v\u00e1me aktualizaci N\u00e1rodn\u00edho pl\u00e1nu \u010dist\u00e9 mobility,\u201c<\/em>\u00a0uzav\u0159el ministr Kupka.<\/p>\n<p style=\"text-align: justify;\">ORLEN Unipetrol je v\u00a0budov\u00e1n\u00ed infrastruktury alternativn\u00edch pohon\u016f velmi aktivn\u00ed. Ve sv\u00e9 s\u00edti ORLEN Benzina, kter\u00e1 je se 431 stanicemi nej\u0161ir\u0161\u00edm \u0159et\u011bzcem v\u00a0\u010cesku, nab\u00edz\u00ed vedle klasick\u00fdch pohonn\u00fdch hmot i \u0159adu alternativn\u00edch energi\u00ed. Na 56 \u010derpac\u00edch stanic\u00edch je k\u00a0dispozici zkapaln\u011bn\u00fd ropn\u00fd plyn (LPG), na 46 stanic\u00edch lze na\u010derpat stla\u010den\u00fd zemn\u00ed plyn (CNG) a na 55 stanic\u00edch je k\u00a0dispozici celkem 225 dob\u00edjec\u00edch bod\u016f pro elektromobily.<\/p>\n<p style=\"text-align: justify;\"><em>\u201eKe st\u00e1vaj\u00edc\u00edm klasick\u00fdm i alternativn\u00edm pohonn\u00fdm hmot\u00e1m a elektrick\u00e9 energii nyn\u00ed p\u0159id\u00e1v\u00e1me tak\u00e9 vod\u00edk, kter\u00fd z\u00e1sadn\u011b roz\u0161\u00ed\u0159\u00ed mo\u017enosti rozvoje n\u00edzko emisn\u00ed a bezemisn\u00ed osobn\u00ed, hromadn\u00e9 i n\u00e1kladn\u00ed dopravy. Roz\u0161i\u0159ov\u00e1n\u00ed nab\u00eddky na na\u0161ich \u010derpac\u00edch stanic\u00edch je pln\u011b v souladu se strategi\u00ed rozvoje na\u0161\u00ed skupiny a\u00a0navazuje na unijn\u00ed a n\u00e1rodn\u00ed priority v oblasti rozvoje ve\u0159ejn\u00e9 infrastruktury pro \u010distou mobilitu,\u201c\u00a0<\/em>\u0159ekl\u00a0<strong>Tomasz Wiatrak\u00a0<\/strong>a dodal:<\/p>\n<p style=\"text-align: justify;\"><em>\u201ePlnic\u00ed stanice ORLEN Benzina na pra\u017esk\u00e9m Barrandovu je pln\u011b samoobslu\u017en\u00e1, p\u0159\u00edstupn\u00e1 \u0161irok\u00e9 ve\u0159ejnosti v\u00a0non-stop re\u017eimu a vhodn\u00e1 pro pln\u011bn\u00ed osobn\u00edch i n\u00e1kladn\u00edch aut a autobus\u016f. Dal\u0161\u00ed vod\u00edkovou stanici otev\u0159eme v\u00a0l\u00e9t\u011b v\u00a0Litv\u00ednov\u011b.\u201c<\/em><\/p>\n<p style=\"text-align: justify;\">Vozidla na vod\u00edkov\u00fd pohon jsou v\u00a0podstat\u011b elektromobily. Svou energii ale ne\u010derpaj\u00ed z\u00a0bateri\u00ed, ale prost\u0159ednictv\u00edm reakce vod\u00edku s\u00a0kysl\u00edkem v\u00a0palivov\u00fdch \u010dl\u00e1nc\u00edch za vzniku vody. Z\u00e1sadn\u00ed v\u00fdhodou vod\u00edkov\u00fdch vozidel oproti st\u00e1vaj\u00edc\u00edm bateriov\u00fdm elektromobil\u016fm je dlouh\u00fd dojezd a kr\u00e1tk\u00e1 doba pln\u011bn\u00ed, kter\u00e1 je srovnateln\u00e1 s\u00a0tankov\u00e1n\u00edm benzinov\u00fdch a naftov\u00fdch automobil\u016f.<\/p>\n<p style=\"text-align: justify;\">Vod\u00edkov\u00fdch aut zat\u00edm v \u010cesku jezd\u00ed n\u011bkolik des\u00edtek. V\u00a0roce 2030 by v\u0161ak podle odhad\u016f Ministerstva dopravy \u010cesk\u00e9 republiky mohlo b\u00fdt na \u010desk\u00fdch silnic\u00edch a\u017e\u00a050\u00a0000 voz\u016f na vod\u00edkov\u00fd pohon.<\/p>\n<p style=\"text-align: justify;\"><em>\u201eVod\u00edk v\u00a0n\u00e1sleduj\u00edc\u00edch letech dopln\u00ed bateriovou elektromobilitu a bude hr\u00e1t st\u00e1le v\u00fdznamn\u011bj\u0161\u00ed roli nejen v\u00a0osobn\u00ed, ale p\u0159edev\u0161\u00edm v\u00a0hromadn\u00e9 doprav\u011b a p\u0159epravn\u00fdch slu\u017eb\u00e1ch na silnici i \u017eeleznici. Ro\u010dn\u011b v\u00a0na\u0161ich rafin\u00e9ri\u00edch vyprodukujeme 80 tis\u00edc tun vod\u00edku a ji\u017e m\u00e1me rozpracov\u00e1ny konkr\u00e9tn\u00ed pl\u00e1ny na produkci vod\u00edku za pomoci elektrick\u00e9 energie s\u00a0ekologicky \u010dist\u00fdch zdroj\u016f, jako je slunce, v\u00edtr nebo teplo v\u00a0zemsk\u00e9 k\u016f\u0159e. Do roku 2030 chceme vyr\u00e1b\u011bt 4,5 tis\u00edce tun vod\u00edku s n\u00edzkou uhl\u00edkovou stopou, co\u017e p\u0159edstavuje pohon pro zhruba 30\u00a0tis\u00edc automobil\u016f,\u201c<\/em>\u00a0uzav\u0159el\u00a0<strong>Tomasz Wiatrak<\/strong>.<\/p>\n<p style=\"text-align: justify;\">Plnic\u00ed stanice ORLEN Benzina na pra\u017esk\u00e9m Barrandov\u011b je pln\u011b samoobslu\u017en\u00e1, p\u0159\u00edstupn\u00e1 \u0161irok\u00e9 ve\u0159ejnosti v\u00a0non-stop re\u017eimu a vhodn\u00e1 pro pln\u011bn\u00ed osobn\u00edch i n\u00e1kladn\u00edch aut a autobus\u016f. K\u00a0dispozici jsou dv\u011b plnic\u00ed pistole s\u00a0odli\u0161n\u00fdm tvarem hlavice pro pln\u011bn\u00ed automobil\u016f tlakem 700\u00a0bar\u016f a tlakem 350 bar\u016f pro pln\u011bn\u00ed n\u00e1kladn\u00edch automobil\u016f a autobus\u016f. Cena vod\u00edku na \u010derpac\u00edch stanic\u00edch ORLEN Benzina byla stanovena na 278 korun za jeden kilogram.<\/p>\n<p><iframe loading=\"lazy\" title=\"Otev\u0159en\u00ed vod\u00edkov\u00e9 stanice\" src=\"https:\/\/www.youtube.com\/embed\/m0I2S5CDcpY?list=TLGGHgaf1NvW7cAxNDAzMjAyMw\" width=\"678\" height=\"450\" frameborder=\"0\" allowfullscreen=\"allowfullscreen\"><\/iframe><\/p>\n<p>&nbsp;<\/p>\n<p>Zdroj: automakersnews.cz<\/p>\n","protected":false},"excerpt":{"rendered":"<p>Skupina ORLEN Unipetrol za\u010dala ve sv\u00e9 s\u00edti \u010derpac\u00edch stanic ORLEN Benzina nab\u00edzet nov\u00fd druh paliva. Na \u010derpac\u00ed stanici na pra\u017esk\u00e9m Barrandov\u011b uvedla do provozu vod\u00edkov\u00fd plnic\u00ed stojan pro automobily, n\u00e1kladn\u00ed vozidla a autobusy. Zaveden\u00ed nab\u00eddky vod\u00edkov\u00e9ho paliva je v souladu se strategi\u00ed bezemisn\u00edho rozvoje skupiny ORLEN Unipetrol a navazuje na unijn\u00ed a n\u00e1rodn\u00ed priority v [&hellip;]<\/p>\n","protected":false},"author":81,"featured_media":22250,"comment_status":"open","ping_status":"open","sticky":false,"template":"","format":"standard","meta":{"_acf_changed":false,"inline_featured_image":false,"footnotes":""},"categories":[1],"tags":[],"kategorie_prispevku":[],"acf":[],"yoast_head":"<!-- This site is optimized with the Yoast SEO plugin v24.5 - https:\/\/yoast.com\/wordpress\/plugins\/seo\/ -->\n<title>ORLEN otev\u0159el vod\u00edkov\u00e9 \u010derpadlo v Praze | Autoklastr<\/title>\n<meta name=\"robots\" content=\"index, follow, max-snippet:-1, max-image-preview:large, max-video-preview:-1\" \/>\n<link rel=\"canonical\" href=\"https:\/\/autoklastr.cz\/cs\/orlen-otevrel-vodikove-cerpadlo-v-praze\/\" \/>\n<meta property=\"og:locale\" content=\"en_US\" \/>\n<meta property=\"og:locale:alternate\" content=\"cs_CZ\" \/>\n<meta property=\"og:type\" content=\"article\" \/>\n<meta property=\"og:title\" content=\"ORLEN otev\u0159el vod\u00edkov\u00e9 \u010derpadlo v Praze\" \/>\n<meta property=\"og:description\" content=\"Skupina ORLEN Unipetrol za\u010dala ve sv\u00e9 s\u00edti \u010derpac\u00edch stanic ORLEN Benzina nab\u00edzet nov\u00fd druh paliva. Na \u010derpac\u00ed stanici na pra\u017esk\u00e9m Barrandov\u011b uvedla do provozu vod\u00edkov\u00fd plnic\u00ed stojan pro automobily, n\u00e1kladn\u00ed vozidla a autobusy. Zaveden\u00ed nab\u00eddky vod\u00edkov\u00e9ho paliva je v souladu se strategi\u00ed bezemisn\u00edho rozvoje skupiny ORLEN Unipetrol a navazuje na unijn\u00ed a n\u00e1rodn\u00ed priority v [&hellip;]\" \/>\n<meta property=\"og:url\" content=\"https:\/\/autoklastr.cz\/en\/orlen-otevrel-vodikove-cerpadlo-v-praze\/\" \/>\n<meta property=\"og:site_name\" content=\"Autoklastr\" \/>\n<meta property=\"article:published_time\" content=\"2023-03-10T19:02:00+00:00\" \/>\n<meta property=\"article:modified_time\" content=\"2023-03-14T19:25:30+00:00\" \/>\n<meta property=\"og:image\" content=\"https:\/\/autoklastr.cz\/wp-content\/uploads\/2023\/03\/ORLEN-Benzina-otevreni-H2-Praha-Barrandov-11-678x381-1.jpg\" \/>\n\t<meta property=\"og:image:width\" content=\"678\" \/>\n\t<meta property=\"og:image:height\" content=\"381\" \/>\n\t<meta property=\"og:image:type\" content=\"image\/jpeg\" \/>\n<meta name=\"author\" content=\"Karel B\u0159emek\" \/>\n<meta name=\"twitter:card\" content=\"summary_large_image\" \/>\n<meta name=\"twitter:label1\" content=\"Written by\" \/>\n\t<meta name=\"twitter:data1\" content=\"Karel B\u0159emek\" \/>\n\t<meta name=\"twitter:label2\" content=\"Est. reading time\" \/>\n\t<meta name=\"twitter:data2\" content=\"4 minutes\" \/>\n<script type=\"application\/ld+json\" class=\"yoast-schema-graph\">{\"@context\":\"https:\/\/schema.org\",\"@graph\":[{\"@type\":\"WebPage\",\"@id\":\"https:\/\/autoklastr.cz\/cs\/orlen-otevrel-vodikove-cerpadlo-v-praze\/\",\"url\":\"https:\/\/autoklastr.cz\/cs\/orlen-otevrel-vodikove-cerpadlo-v-praze\/\",\"name\":\"ORLEN otev\u0159el vod\u00edkov\u00e9 \u010derpadlo v Praze\",\"isPartOf\":{\"@id\":\"https:\/\/autoklastr.cz\/cs\/#website\"},\"primaryImageOfPage\":{\"@id\":\"https:\/\/autoklastr.cz\/cs\/orlen-otevrel-vodikove-cerpadlo-v-praze\/#primaryimage\"},\"image\":{\"@id\":\"https:\/\/autoklastr.cz\/cs\/orlen-otevrel-vodikove-cerpadlo-v-praze\/#primaryimage\"},\"thumbnailUrl\":\"https:\/\/autoklastr.cz\/wp-content\/uploads\/2023\/03\/ORLEN-Benzina-otevreni-H2-Praha-Barrandov-11-678x381-1.jpg\",\"datePublished\":\"2023-03-10T19:02:00+00:00\",\"dateModified\":\"2023-03-14T19:25:30+00:00\",\"author\":{\"@id\":\"https:\/\/autoklastr.cz\/cs\/#\/schema\/person\/51de917140dff28ece1c759a7579ba79\"},\"breadcrumb\":{\"@id\":\"https:\/\/autoklastr.cz\/cs\/orlen-otevrel-vodikove-cerpadlo-v-praze\/#breadcrumb\"},\"inLanguage\":\"en-US\",\"potentialAction\":[{\"@type\":\"ReadAction\",\"target\":[\"https:\/\/autoklastr.cz\/cs\/orlen-otevrel-vodikove-cerpadlo-v-praze\/\"]}]},{\"@type\":\"ImageObject\",\"inLanguage\":\"en-US\",\"@id\":\"https:\/\/autoklastr.cz\/cs\/orlen-otevrel-vodikove-cerpadlo-v-praze\/#primaryimage\",\"url\":\"https:\/\/autoklastr.cz\/wp-content\/uploads\/2023\/03\/ORLEN-Benzina-otevreni-H2-Praha-Barrandov-11-678x381-1.jpg\",\"contentUrl\":\"https:\/\/autoklastr.cz\/wp-content\/uploads\/2023\/03\/ORLEN-Benzina-otevreni-H2-Praha-Barrandov-11-678x381-1.jpg\",\"width\":678,\"height\":381},{\"@type\":\"BreadcrumbList\",\"@id\":\"https:\/\/autoklastr.cz\/cs\/orlen-otevrel-vodikove-cerpadlo-v-praze\/#breadcrumb\",\"itemListElement\":[{\"@type\":\"ListItem\",\"position\":1,\"name\":\"Dom\u016f\",\"item\":\"https:\/\/autoklastr.cz\/cs\/\"},{\"@type\":\"ListItem\",\"position\":2,\"name\":\"ORLEN otev\u0159el vod\u00edkov\u00e9 \u010derpadlo v Praze\"}]},{\"@type\":\"WebSite\",\"@id\":\"https:\/\/autoklastr.cz\/cs\/#website\",\"url\":\"https:\/\/autoklastr.cz\/cs\/\",\"name\":\"Autoklastr\",\"description\":\"Spole\u010dn\u011b pro Automotive!\",\"potentialAction\":[{\"@type\":\"SearchAction\",\"target\":{\"@type\":\"EntryPoint\",\"urlTemplate\":\"https:\/\/autoklastr.cz\/cs\/?s={search_term_string}\"},\"query-input\":{\"@type\":\"PropertyValueSpecification\",\"valueRequired\":true,\"valueName\":\"search_term_string\"}}],\"inLanguage\":\"en-US\"},{\"@type\":\"Person\",\"@id\":\"https:\/\/autoklastr.cz\/cs\/#\/schema\/person\/51de917140dff28ece1c759a7579ba79\",\"name\":\"Karel B\u0159emek\",\"image\":{\"@type\":\"ImageObject\",\"inLanguage\":\"en-US\",\"@id\":\"https:\/\/autoklastr.cz\/cs\/#\/schema\/person\/image\/\",\"url\":\"https:\/\/secure.gravatar.com\/avatar\/ba59bb4aee7dc631079170762e66e8c6?s=96&d=mm&r=g\",\"contentUrl\":\"https:\/\/secure.gravatar.com\/avatar\/ba59bb4aee7dc631079170762e66e8c6?s=96&d=mm&r=g\",\"caption\":\"Karel B\u0159emek\"}}]}<\/script>\n<!-- \/ Yoast SEO plugin. -->","yoast_head_json":{"title":"ORLEN otev\u0159el vod\u00edkov\u00e9 \u010derpadlo v Praze | Autoklastr","robots":{"index":"index","follow":"follow","max-snippet":"max-snippet:-1","max-image-preview":"max-image-preview:large","max-video-preview":"max-video-preview:-1"},"canonical":"https:\/\/autoklastr.cz\/cs\/orlen-otevrel-vodikove-cerpadlo-v-praze\/","og_locale":"en_US","og_type":"article","og_title":"[:cs]ORLEN otev\u0159el vod\u00edkov\u00e9 \u010derpadlo v Praze[:] | Autoklastr","og_description":"Skupina ORLEN Unipetrol za\u010dala ve sv\u00e9 s\u00edti \u010derpac\u00edch stanic ORLEN Benzina nab\u00edzet nov\u00fd druh paliva. Na \u010derpac\u00ed stanici na pra\u017esk\u00e9m Barrandov\u011b uvedla do provozu vod\u00edkov\u00fd plnic\u00ed stojan pro automobily, n\u00e1kladn\u00ed vozidla a autobusy. Zaveden\u00ed nab\u00eddky vod\u00edkov\u00e9ho paliva je v souladu se strategi\u00ed bezemisn\u00edho rozvoje skupiny ORLEN Unipetrol a navazuje na unijn\u00ed a n\u00e1rodn\u00ed priority v [&hellip;]","og_url":"https:\/\/autoklastr.cz\/en\/orlen-otevrel-vodikove-cerpadlo-v-praze\/","og_site_name":"Autoklastr","article_published_time":"2023-03-10T19:02:00+00:00","article_modified_time":"2023-03-14T19:25:30+00:00","og_image":[{"width":678,"height":381,"url":"https:\/\/autoklastr.cz\/wp-content\/uploads\/2023\/03\/ORLEN-Benzina-otevreni-H2-Praha-Barrandov-11-678x381-1.jpg","type":"image\/jpeg"}],"author":"Karel B\u0159emek","twitter_card":"summary_large_image","twitter_misc":{"Written by":"Karel B\u0159emek","Est. reading time":"4 minutes"},"schema":{"@context":"https:\/\/schema.org","@graph":[{"@type":"WebPage","@id":"https:\/\/autoklastr.cz\/cs\/orlen-otevrel-vodikove-cerpadlo-v-praze\/","url":"https:\/\/autoklastr.cz\/cs\/orlen-otevrel-vodikove-cerpadlo-v-praze\/","name":"ORLEN otev\u0159el vod\u00edkov\u00e9 \u010derpadlo v Praze","isPartOf":{"@id":"https:\/\/autoklastr.cz\/cs\/#website"},"primaryImageOfPage":{"@id":"https:\/\/autoklastr.cz\/cs\/orlen-otevrel-vodikove-cerpadlo-v-praze\/#primaryimage"},"image":{"@id":"https:\/\/autoklastr.cz\/cs\/orlen-otevrel-vodikove-cerpadlo-v-praze\/#primaryimage"},"thumbnailUrl":"https:\/\/autoklastr.cz\/wp-content\/uploads\/2023\/03\/ORLEN-Benzina-otevreni-H2-Praha-Barrandov-11-678x381-1.jpg","datePublished":"2023-03-10T19:02:00+00:00","dateModified":"2023-03-14T19:25:30+00:00","author":{"@id":"https:\/\/autoklastr.cz\/cs\/#\/schema\/person\/51de917140dff28ece1c759a7579ba79"},"breadcrumb":{"@id":"https:\/\/autoklastr.cz\/cs\/orlen-otevrel-vodikove-cerpadlo-v-praze\/#breadcrumb"},"inLanguage":"en-US","potentialAction":[{"@type":"ReadAction","target":["https:\/\/autoklastr.cz\/cs\/orlen-otevrel-vodikove-cerpadlo-v-praze\/"]}]},{"@type":"ImageObject","inLanguage":"en-US","@id":"https:\/\/autoklastr.cz\/cs\/orlen-otevrel-vodikove-cerpadlo-v-praze\/#primaryimage","url":"https:\/\/autoklastr.cz\/wp-content\/uploads\/2023\/03\/ORLEN-Benzina-otevreni-H2-Praha-Barrandov-11-678x381-1.jpg","contentUrl":"https:\/\/autoklastr.cz\/wp-content\/uploads\/2023\/03\/ORLEN-Benzina-otevreni-H2-Praha-Barrandov-11-678x381-1.jpg","width":678,"height":381},{"@type":"BreadcrumbList","@id":"https:\/\/autoklastr.cz\/cs\/orlen-otevrel-vodikove-cerpadlo-v-praze\/#breadcrumb","itemListElement":[{"@type":"ListItem","position":1,"name":"Dom\u016f","item":"https:\/\/autoklastr.cz\/cs\/"},{"@type":"ListItem","position":2,"name":"ORLEN otev\u0159el vod\u00edkov\u00e9 \u010derpadlo v Praze"}]},{"@type":"WebSite","@id":"https:\/\/autoklastr.cz\/cs\/#website","url":"https:\/\/autoklastr.cz\/cs\/","name":"Autoklastr","description":"Spole\u010dn\u011b pro Automotive!","potentialAction":[{"@type":"SearchAction","target":{"@type":"EntryPoint","urlTemplate":"https:\/\/autoklastr.cz\/cs\/?s={search_term_string}"},"query-input":{"@type":"PropertyValueSpecification","valueRequired":true,"valueName":"search_term_string"}}],"inLanguage":"en-US"},{"@type":"Person","@id":"https:\/\/autoklastr.cz\/cs\/#\/schema\/person\/51de917140dff28ece1c759a7579ba79","name":"Karel B\u0159emek","image":{"@type":"ImageObject","inLanguage":"en-US","@id":"https:\/\/autoklastr.cz\/cs\/#\/schema\/person\/image\/","url":"https:\/\/secure.gravatar.com\/avatar\/ba59bb4aee7dc631079170762e66e8c6?s=96&d=mm&r=g","contentUrl":"https:\/\/secure.gravatar.com\/avatar\/ba59bb4aee7dc631079170762e66e8c6?s=96&d=mm&r=g","caption":"Karel B\u0159emek"}}]}},"_links":{"self":[{"href":"https:\/\/autoklastr.cz\/en\/wp-json\/wp\/v2\/posts\/22244"}],"collection":[{"href":"https:\/\/autoklastr.cz\/en\/wp-json\/wp\/v2\/posts"}],"about":[{"href":"https:\/\/autoklastr.cz\/en\/wp-json\/wp\/v2\/types\/post"}],"author":[{"embeddable":true,"href":"https:\/\/autoklastr.cz\/en\/wp-json\/wp\/v2\/users\/81"}],"replies":[{"embeddable":true,"href":"https:\/\/autoklastr.cz\/en\/wp-json\/wp\/v2\/comments?post=22244"}],"version-history":[{"count":3,"href":"https:\/\/autoklastr.cz\/en\/wp-json\/wp\/v2\/posts\/22244\/revisions"}],"predecessor-version":[{"id":22251,"href":"https:\/\/autoklastr.cz\/en\/wp-json\/wp\/v2\/posts\/22244\/revisions\/22251"}],"wp:featuredmedia":[{"embeddable":true,"href":"https:\/\/autoklastr.cz\/en\/wp-json\/wp\/v2\/media\/22250"}],"wp:attachment":[{"href":"https:\/\/autoklastr.cz\/en\/wp-json\/wp\/v2\/media?parent=22244"}],"wp:term":[{"taxonomy":"category","embeddable":true,"href":"https:\/\/autoklastr.cz\/en\/wp-json\/wp\/v2\/categories?post=22244"},{"taxonomy":"post_tag","embeddable":true,"href":"https:\/\/autoklastr.cz\/en\/wp-json\/wp\/v2\/tags?post=22244"},{"taxonomy":"kategorie_prispevku","embeddable":true,"href":"https:\/\/autoklastr.cz\/en\/wp-json\/wp\/v2\/kategorie_prispevku?post=22244"}],"curies":[{"name":"wp","href":"https:\/\/api.w.org\/{rel}","templated":true}]}}