{"id":22216,"date":"2023-03-02T18:08:58","date_gmt":"2023-03-02T17:08:58","guid":{"rendered":"https:\/\/autoklastr.cz\/cs\/?p=22216"},"modified":"2023-03-08T18:18:36","modified_gmt":"2023-03-08T17:18:36","slug":"indie-je-nova-cina-ekonomicka-diplomacie-ceska-nabrala-novy-smer","status":"publish","type":"post","link":"https:\/\/autoklastr.cz\/en\/indie-je-nova-cina-ekonomicka-diplomacie-ceska-nabrala-novy-smer\/","title":{"rendered":"Indie je nov\u00e1 \u010c\u00edna. Ekonomick\u00e1 diplomacie \u010ceska nabrala nov\u00fd sm\u011br"},"content":{"rendered":"<p class=\"article-detail__article__header__perex\" style=\"text-align: justify;\"><strong>Jsme \u010ce\u0161i a chceme u v\u00e1s podnikat. Tak by se dala shrnout ned\u00e1vn\u00e1 n\u00e1v\u0161t\u011bva ministra zahrani\u010d\u00ed Jana Lipavsk\u00e9ho v Indii. Na p\u0159elomu m\u011bs\u00edce se vydal s podnikateli na n\u011bkolikadenn\u00ed misi, kter\u00e1 m\u011bla uk\u00e1zat odhodl\u00e1n\u00ed \u010desk\u00e9 vl\u00e1dy a diplomacie \u201eodemykat\u201c \u010desk\u00fdm firm\u00e1m perspektivn\u00ed trhy v Indopacifiku.<\/strong><\/p>\n<div class=\"article-detail__article__header__image__wrap\" style=\"text-align: center;\">\u00a0<img loading=\"lazy\" decoding=\"async\" src=\"https:\/\/js.pencdn.cz\/acimage\/w655-h426-c1\/440572.jpg\" alt=\"Indie je nov\u00e1 \u010c\u00edna. Ekonomick\u00e1 diplomacie \u010ceska nabrala nov\u00fd sm\u011br\" width=\"655\" height=\"426\" \/><\/div>\n<p style=\"text-align: center;\"><em>Ministr zahrani\u010dn\u00edch v\u011bc\u00ed Jan Lipavsk\u00fd nav\u0161t\u00edvil 26. \u00fanora a\u017e 1. b\u0159ezna 2023 Indii, kde jednal se sv\u00fdm indick\u00fdm prot\u011bj\u0161kem Subrahmanyamem Jaishankarem\u00a0<\/em><\/p>\n<p style=\"text-align: justify;\">Se sv\u00fdm indick\u00fdm prot\u011bj\u0161kem se Lipavsk\u00fd potkal u\u017e po\u010dtvrt\u00e9. Podnikatelsk\u00e9 delegaci dominoval p\u0159edev\u0161\u00edm cestovn\u00ed ruch s obrann\u00fdm pr\u016fmyslem. V delegaci bylo deset podnikatel\u016f a z\u00e1stupci Svazu pr\u016fmyslu a dopravy, dal\u0161\u00edch \u0161est firem se p\u0159ipojilo p\u0159\u00edmo v Indii.<\/p>\n<p style=\"text-align: justify;\">Za cestovn\u00ed ruch se \u00fa\u010dastnilo Leti\u0161t\u011b Praha, kter\u00e9 s Indy jedn\u00e1 o otev\u0159en\u00ed leteck\u00e9ho spojen\u00ed. Mezi z\u00e1stupci obrann\u00e9ho pr\u016fmyslu byla PBS vyr\u00e1b\u011bj\u00edc\u00ed tryskov\u00e9 pohony. Dod\u00e1v\u00e1 nap\u0159\u00edklad energetick\u00e9 jednotky \u010derpadla do letadel a vrtuln\u00edk\u016f.<\/p>\n<div class=\"fr clear \">\n<div class=\"toolBox\">\n<div class=\"in\">\n<div class=\"clear center offset2\">\n<div>\n<div>\n<div class=\"img\">\n<p style=\"text-align: justify;\">Na obrann\u00e9 spolupr\u00e1ci se pod\u00edl\u00ed tak\u00e9 kop\u0159ivnick\u00e1 Tatra Trucks, kter\u00e1 u\u017e se na indick\u00e9m trhu etablovala, jej\u00ed z\u00e1stupci se tak k misi p\u0159ipojili na m\u00edst\u011b. \u201eJe v\u00fdznamn\u00fdm dodavatelem n\u00e1kladn\u00edch vozidel a ter\u00e9nn\u00edch podvozk\u016f pro indickou arm\u00e1du s mnohaletou histori\u00ed spolupr\u00e1ce,\u201c \u0159\u00edk\u00e1 ministr\u016fv n\u00e1m\u011bstek Ji\u0159\u00ed Koz\u00e1k.<\/p>\n<p style=\"text-align: justify;\">\u201eIndie si uv\u011bdomila, \u017ee spolupr\u00e1ce s Ruskem v t\u00e9to oblasti je dlouhodob\u011b neudr\u017eiteln\u00e1. M\u00e1 z\u00e1jem vylep\u0161ovat sv\u00e9 vybaven\u00ed,\u201c vysv\u011btluje, pro\u010d m\u00e1 podle ministerstva spolupr\u00e1ce v t\u00e9to oblasti budoucnost. Z\u00e1rove\u0148 uji\u0161\u0165uje, \u017ee nehroz\u00ed, \u017ee by Indov\u00e9 \u010desk\u00e9 vybaven\u00ed p\u0159eprod\u00e1vali Rus\u016fm.<\/p>\n<p style=\"text-align: justify;\">Na m\u00edst\u011b se k misi p\u0159ipojili i z\u00e1stupci \u0160koda Auto, kter\u00e1 v zemi rovn\u011b\u017e p\u016fsob\u00ed. St\u00e1le v\u00edc se hovo\u0159\u00ed o tom, \u017ee by se automobilka mohla v\u00edc\u00a0<a href=\"https:\/\/www.garaz.cz\/clanek\/novinky-skodovka-uvazuje-ze-opusti-cinsky-trh-a-zameri-se-na-slibnou-indii-21009378\" target=\"_blank\" rel=\"noopener\">zam\u011b\u0159it na perspektivn\u00ed indick\u00fd trh na \u00fakor \u010d\u00ednsk\u00e9ho<\/a>, kde ztr\u00e1c\u00ed pozice. Jen za prvn\u00ed pololet\u00ed lo\u0148sk\u00e9ho roku odbyt v \u010c\u00edn\u011b klesl o 44 procent na 24 700 voz\u016f, zat\u00edmco v Indii se prodeje zp\u011btin\u00e1sobily na 25 900 aut.<\/p>\n<\/div>\n<\/div>\n<\/div>\n<\/div>\n<\/div>\n<\/div>\n<\/div>\n<p>&nbsp;<\/p>\n<p>Zdroj: finmag.penize.cz<\/p>\n","protected":false},"excerpt":{"rendered":"<p>Jsme \u010ce\u0161i a chceme u v\u00e1s podnikat. Tak by se dala shrnout ned\u00e1vn\u00e1 n\u00e1v\u0161t\u011bva ministra zahrani\u010d\u00ed Jana Lipavsk\u00e9ho v Indii. Na p\u0159elomu m\u011bs\u00edce se vydal s podnikateli na n\u011bkolikadenn\u00ed misi, kter\u00e1 m\u011bla uk\u00e1zat odhodl\u00e1n\u00ed \u010desk\u00e9 vl\u00e1dy a diplomacie \u201eodemykat\u201c \u010desk\u00fdm firm\u00e1m perspektivn\u00ed trhy v Indopacifiku. \u00a0 Ministr zahrani\u010dn\u00edch v\u011bc\u00ed Jan Lipavsk\u00fd nav\u0161t\u00edvil 26. \u00fanora a\u017e [&hellip;]<\/p>\n","protected":false},"author":81,"featured_media":22222,"comment_status":"open","ping_status":"open","sticky":false,"template":"","format":"standard","meta":{"_acf_changed":false,"inline_featured_image":false,"footnotes":""},"categories":[1],"tags":[],"kategorie_prispevku":[],"acf":[],"yoast_head":"<!-- This site is optimized with the Yoast SEO plugin v24.5 - https:\/\/yoast.com\/wordpress\/plugins\/seo\/ -->\n<title>Indie je nov\u00e1 \u010c\u00edna. Ekonomick\u00e1 diplomacie \u010ceska nabrala nov\u00fd sm\u011br | Autoklastr<\/title>\n<meta name=\"robots\" content=\"index, follow, max-snippet:-1, max-image-preview:large, max-video-preview:-1\" \/>\n<link rel=\"canonical\" href=\"https:\/\/autoklastr.cz\/cs\/indie-je-nova-cina-ekonomicka-diplomacie-ceska-nabrala-novy-smer\/\" \/>\n<meta property=\"og:locale\" content=\"en_US\" \/>\n<meta property=\"og:locale:alternate\" content=\"cs_CZ\" \/>\n<meta property=\"og:type\" content=\"article\" \/>\n<meta property=\"og:title\" content=\"Indie je nov\u00e1 \u010c\u00edna. Ekonomick\u00e1 diplomacie \u010ceska nabrala nov\u00fd sm\u011br\" \/>\n<meta property=\"og:description\" content=\"Jsme \u010ce\u0161i a chceme u v\u00e1s podnikat. Tak by se dala shrnout ned\u00e1vn\u00e1 n\u00e1v\u0161t\u011bva ministra zahrani\u010d\u00ed Jana Lipavsk\u00e9ho v Indii. Na p\u0159elomu m\u011bs\u00edce se vydal s podnikateli na n\u011bkolikadenn\u00ed misi, kter\u00e1 m\u011bla uk\u00e1zat odhodl\u00e1n\u00ed \u010desk\u00e9 vl\u00e1dy a diplomacie \u201eodemykat\u201c \u010desk\u00fdm firm\u00e1m perspektivn\u00ed trhy v Indopacifiku. \u00a0 Ministr zahrani\u010dn\u00edch v\u011bc\u00ed Jan Lipavsk\u00fd nav\u0161t\u00edvil 26. \u00fanora a\u017e [&hellip;]\" \/>\n<meta property=\"og:url\" content=\"https:\/\/autoklastr.cz\/en\/indie-je-nova-cina-ekonomicka-diplomacie-ceska-nabrala-novy-smer\/\" \/>\n<meta property=\"og:site_name\" content=\"Autoklastr\" \/>\n<meta property=\"article:published_time\" content=\"2023-03-02T17:08:58+00:00\" \/>\n<meta property=\"article:modified_time\" content=\"2023-03-08T17:18:36+00:00\" \/>\n<meta property=\"og:image\" content=\"https:\/\/autoklastr.cz\/wp-content\/uploads\/2023\/03\/440572.jpg\" \/>\n\t<meta property=\"og:image:width\" content=\"655\" \/>\n\t<meta property=\"og:image:height\" content=\"426\" \/>\n\t<meta property=\"og:image:type\" content=\"image\/jpeg\" \/>\n<meta name=\"author\" content=\"Karel B\u0159emek\" \/>\n<meta name=\"twitter:card\" content=\"summary_large_image\" \/>\n<meta name=\"twitter:label1\" content=\"Written by\" \/>\n\t<meta name=\"twitter:data1\" content=\"Karel B\u0159emek\" \/>\n\t<meta name=\"twitter:label2\" content=\"Est. reading time\" \/>\n\t<meta name=\"twitter:data2\" content=\"2 minutes\" \/>\n<script type=\"application\/ld+json\" class=\"yoast-schema-graph\">{\"@context\":\"https:\/\/schema.org\",\"@graph\":[{\"@type\":\"WebPage\",\"@id\":\"https:\/\/autoklastr.cz\/cs\/indie-je-nova-cina-ekonomicka-diplomacie-ceska-nabrala-novy-smer\/\",\"url\":\"https:\/\/autoklastr.cz\/cs\/indie-je-nova-cina-ekonomicka-diplomacie-ceska-nabrala-novy-smer\/\",\"name\":\"Indie je nov\u00e1 \u010c\u00edna. Ekonomick\u00e1 diplomacie \u010ceska nabrala nov\u00fd sm\u011br\",\"isPartOf\":{\"@id\":\"https:\/\/autoklastr.cz\/cs\/#website\"},\"primaryImageOfPage\":{\"@id\":\"https:\/\/autoklastr.cz\/cs\/indie-je-nova-cina-ekonomicka-diplomacie-ceska-nabrala-novy-smer\/#primaryimage\"},\"image\":{\"@id\":\"https:\/\/autoklastr.cz\/cs\/indie-je-nova-cina-ekonomicka-diplomacie-ceska-nabrala-novy-smer\/#primaryimage\"},\"thumbnailUrl\":\"https:\/\/autoklastr.cz\/wp-content\/uploads\/2023\/03\/440572.jpg\",\"datePublished\":\"2023-03-02T17:08:58+00:00\",\"dateModified\":\"2023-03-08T17:18:36+00:00\",\"author\":{\"@id\":\"https:\/\/autoklastr.cz\/cs\/#\/schema\/person\/51de917140dff28ece1c759a7579ba79\"},\"breadcrumb\":{\"@id\":\"https:\/\/autoklastr.cz\/cs\/indie-je-nova-cina-ekonomicka-diplomacie-ceska-nabrala-novy-smer\/#breadcrumb\"},\"inLanguage\":\"en-US\",\"potentialAction\":[{\"@type\":\"ReadAction\",\"target\":[\"https:\/\/autoklastr.cz\/cs\/indie-je-nova-cina-ekonomicka-diplomacie-ceska-nabrala-novy-smer\/\"]}]},{\"@type\":\"ImageObject\",\"inLanguage\":\"en-US\",\"@id\":\"https:\/\/autoklastr.cz\/cs\/indie-je-nova-cina-ekonomicka-diplomacie-ceska-nabrala-novy-smer\/#primaryimage\",\"url\":\"https:\/\/autoklastr.cz\/wp-content\/uploads\/2023\/03\/440572.jpg\",\"contentUrl\":\"https:\/\/autoklastr.cz\/wp-content\/uploads\/2023\/03\/440572.jpg\",\"width\":655,\"height\":426},{\"@type\":\"BreadcrumbList\",\"@id\":\"https:\/\/autoklastr.cz\/cs\/indie-je-nova-cina-ekonomicka-diplomacie-ceska-nabrala-novy-smer\/#breadcrumb\",\"itemListElement\":[{\"@type\":\"ListItem\",\"position\":1,\"name\":\"Dom\u016f\",\"item\":\"https:\/\/autoklastr.cz\/cs\/\"},{\"@type\":\"ListItem\",\"position\":2,\"name\":\"Indie je nov\u00e1 \u010c\u00edna. Ekonomick\u00e1 diplomacie \u010ceska nabrala nov\u00fd sm\u011br\"}]},{\"@type\":\"WebSite\",\"@id\":\"https:\/\/autoklastr.cz\/cs\/#website\",\"url\":\"https:\/\/autoklastr.cz\/cs\/\",\"name\":\"Autoklastr\",\"description\":\"Spole\u010dn\u011b pro Automotive!\",\"potentialAction\":[{\"@type\":\"SearchAction\",\"target\":{\"@type\":\"EntryPoint\",\"urlTemplate\":\"https:\/\/autoklastr.cz\/cs\/?s={search_term_string}\"},\"query-input\":{\"@type\":\"PropertyValueSpecification\",\"valueRequired\":true,\"valueName\":\"search_term_string\"}}],\"inLanguage\":\"en-US\"},{\"@type\":\"Person\",\"@id\":\"https:\/\/autoklastr.cz\/cs\/#\/schema\/person\/51de917140dff28ece1c759a7579ba79\",\"name\":\"Karel B\u0159emek\",\"image\":{\"@type\":\"ImageObject\",\"inLanguage\":\"en-US\",\"@id\":\"https:\/\/autoklastr.cz\/cs\/#\/schema\/person\/image\/\",\"url\":\"https:\/\/secure.gravatar.com\/avatar\/ba59bb4aee7dc631079170762e66e8c6?s=96&d=mm&r=g\",\"contentUrl\":\"https:\/\/secure.gravatar.com\/avatar\/ba59bb4aee7dc631079170762e66e8c6?s=96&d=mm&r=g\",\"caption\":\"Karel B\u0159emek\"}}]}<\/script>\n<!-- \/ Yoast SEO plugin. -->","yoast_head_json":{"title":"Indie je nov\u00e1 \u010c\u00edna. Ekonomick\u00e1 diplomacie \u010ceska nabrala nov\u00fd sm\u011br | Autoklastr","robots":{"index":"index","follow":"follow","max-snippet":"max-snippet:-1","max-image-preview":"max-image-preview:large","max-video-preview":"max-video-preview:-1"},"canonical":"https:\/\/autoklastr.cz\/cs\/indie-je-nova-cina-ekonomicka-diplomacie-ceska-nabrala-novy-smer\/","og_locale":"en_US","og_type":"article","og_title":"[:cs]Indie je nov\u00e1 \u010c\u00edna. Ekonomick\u00e1 diplomacie \u010ceska nabrala nov\u00fd sm\u011br[:] | Autoklastr","og_description":"Jsme \u010ce\u0161i a chceme u v\u00e1s podnikat. Tak by se dala shrnout ned\u00e1vn\u00e1 n\u00e1v\u0161t\u011bva ministra zahrani\u010d\u00ed Jana Lipavsk\u00e9ho v Indii. Na p\u0159elomu m\u011bs\u00edce se vydal s podnikateli na n\u011bkolikadenn\u00ed misi, kter\u00e1 m\u011bla uk\u00e1zat odhodl\u00e1n\u00ed \u010desk\u00e9 vl\u00e1dy a diplomacie \u201eodemykat\u201c \u010desk\u00fdm firm\u00e1m perspektivn\u00ed trhy v Indopacifiku. \u00a0 Ministr zahrani\u010dn\u00edch v\u011bc\u00ed Jan Lipavsk\u00fd nav\u0161t\u00edvil 26. \u00fanora a\u017e [&hellip;]","og_url":"https:\/\/autoklastr.cz\/en\/indie-je-nova-cina-ekonomicka-diplomacie-ceska-nabrala-novy-smer\/","og_site_name":"Autoklastr","article_published_time":"2023-03-02T17:08:58+00:00","article_modified_time":"2023-03-08T17:18:36+00:00","og_image":[{"width":655,"height":426,"url":"https:\/\/autoklastr.cz\/wp-content\/uploads\/2023\/03\/440572.jpg","type":"image\/jpeg"}],"author":"Karel B\u0159emek","twitter_card":"summary_large_image","twitter_misc":{"Written by":"Karel B\u0159emek","Est. reading time":"2 minutes"},"schema":{"@context":"https:\/\/schema.org","@graph":[{"@type":"WebPage","@id":"https:\/\/autoklastr.cz\/cs\/indie-je-nova-cina-ekonomicka-diplomacie-ceska-nabrala-novy-smer\/","url":"https:\/\/autoklastr.cz\/cs\/indie-je-nova-cina-ekonomicka-diplomacie-ceska-nabrala-novy-smer\/","name":"Indie je nov\u00e1 \u010c\u00edna. Ekonomick\u00e1 diplomacie \u010ceska nabrala nov\u00fd sm\u011br","isPartOf":{"@id":"https:\/\/autoklastr.cz\/cs\/#website"},"primaryImageOfPage":{"@id":"https:\/\/autoklastr.cz\/cs\/indie-je-nova-cina-ekonomicka-diplomacie-ceska-nabrala-novy-smer\/#primaryimage"},"image":{"@id":"https:\/\/autoklastr.cz\/cs\/indie-je-nova-cina-ekonomicka-diplomacie-ceska-nabrala-novy-smer\/#primaryimage"},"thumbnailUrl":"https:\/\/autoklastr.cz\/wp-content\/uploads\/2023\/03\/440572.jpg","datePublished":"2023-03-02T17:08:58+00:00","dateModified":"2023-03-08T17:18:36+00:00","author":{"@id":"https:\/\/autoklastr.cz\/cs\/#\/schema\/person\/51de917140dff28ece1c759a7579ba79"},"breadcrumb":{"@id":"https:\/\/autoklastr.cz\/cs\/indie-je-nova-cina-ekonomicka-diplomacie-ceska-nabrala-novy-smer\/#breadcrumb"},"inLanguage":"en-US","potentialAction":[{"@type":"ReadAction","target":["https:\/\/autoklastr.cz\/cs\/indie-je-nova-cina-ekonomicka-diplomacie-ceska-nabrala-novy-smer\/"]}]},{"@type":"ImageObject","inLanguage":"en-US","@id":"https:\/\/autoklastr.cz\/cs\/indie-je-nova-cina-ekonomicka-diplomacie-ceska-nabrala-novy-smer\/#primaryimage","url":"https:\/\/autoklastr.cz\/wp-content\/uploads\/2023\/03\/440572.jpg","contentUrl":"https:\/\/autoklastr.cz\/wp-content\/uploads\/2023\/03\/440572.jpg","width":655,"height":426},{"@type":"BreadcrumbList","@id":"https:\/\/autoklastr.cz\/cs\/indie-je-nova-cina-ekonomicka-diplomacie-ceska-nabrala-novy-smer\/#breadcrumb","itemListElement":[{"@type":"ListItem","position":1,"name":"Dom\u016f","item":"https:\/\/autoklastr.cz\/cs\/"},{"@type":"ListItem","position":2,"name":"Indie je nov\u00e1 \u010c\u00edna. Ekonomick\u00e1 diplomacie \u010ceska nabrala nov\u00fd sm\u011br"}]},{"@type":"WebSite","@id":"https:\/\/autoklastr.cz\/cs\/#website","url":"https:\/\/autoklastr.cz\/cs\/","name":"Autoklastr","description":"Spole\u010dn\u011b pro Automotive!","potentialAction":[{"@type":"SearchAction","target":{"@type":"EntryPoint","urlTemplate":"https:\/\/autoklastr.cz\/cs\/?s={search_term_string}"},"query-input":{"@type":"PropertyValueSpecification","valueRequired":true,"valueName":"search_term_string"}}],"inLanguage":"en-US"},{"@type":"Person","@id":"https:\/\/autoklastr.cz\/cs\/#\/schema\/person\/51de917140dff28ece1c759a7579ba79","name":"Karel B\u0159emek","image":{"@type":"ImageObject","inLanguage":"en-US","@id":"https:\/\/autoklastr.cz\/cs\/#\/schema\/person\/image\/","url":"https:\/\/secure.gravatar.com\/avatar\/ba59bb4aee7dc631079170762e66e8c6?s=96&d=mm&r=g","contentUrl":"https:\/\/secure.gravatar.com\/avatar\/ba59bb4aee7dc631079170762e66e8c6?s=96&d=mm&r=g","caption":"Karel B\u0159emek"}}]}},"_links":{"self":[{"href":"https:\/\/autoklastr.cz\/en\/wp-json\/wp\/v2\/posts\/22216"}],"collection":[{"href":"https:\/\/autoklastr.cz\/en\/wp-json\/wp\/v2\/posts"}],"about":[{"href":"https:\/\/autoklastr.cz\/en\/wp-json\/wp\/v2\/types\/post"}],"author":[{"embeddable":true,"href":"https:\/\/autoklastr.cz\/en\/wp-json\/wp\/v2\/users\/81"}],"replies":[{"embeddable":true,"href":"https:\/\/autoklastr.cz\/en\/wp-json\/wp\/v2\/comments?post=22216"}],"version-history":[{"count":1,"href":"https:\/\/autoklastr.cz\/en\/wp-json\/wp\/v2\/posts\/22216\/revisions"}],"predecessor-version":[{"id":22217,"href":"https:\/\/autoklastr.cz\/en\/wp-json\/wp\/v2\/posts\/22216\/revisions\/22217"}],"wp:featuredmedia":[{"embeddable":true,"href":"https:\/\/autoklastr.cz\/en\/wp-json\/wp\/v2\/media\/22222"}],"wp:attachment":[{"href":"https:\/\/autoklastr.cz\/en\/wp-json\/wp\/v2\/media?parent=22216"}],"wp:term":[{"taxonomy":"category","embeddable":true,"href":"https:\/\/autoklastr.cz\/en\/wp-json\/wp\/v2\/categories?post=22216"},{"taxonomy":"post_tag","embeddable":true,"href":"https:\/\/autoklastr.cz\/en\/wp-json\/wp\/v2\/tags?post=22216"},{"taxonomy":"kategorie_prispevku","embeddable":true,"href":"https:\/\/autoklastr.cz\/en\/wp-json\/wp\/v2\/kategorie_prispevku?post=22216"}],"curies":[{"name":"wp","href":"https:\/\/api.w.org\/{rel}","templated":true}]}}