{"id":22098,"date":"2023-02-02T08:57:47","date_gmt":"2023-02-02T07:57:47","guid":{"rendered":"https:\/\/autoklastr.cz\/cs\/?p=22098"},"modified":"2023-02-09T09:00:45","modified_gmt":"2023-02-09T08:00:45","slug":"malacek-skoda-udrzela-trzni-podil-v-cr","status":"publish","type":"post","link":"https:\/\/autoklastr.cz\/en\/malacek-skoda-udrzela-trzni-podil-v-cr\/","title":{"rendered":"Mal\u00e1\u010dek: \u0160koda udr\u017eela tr\u017en\u00ed pod\u00edl v \u010cR"},"content":{"rendered":"<p style=\"text-align: justify;\"><strong>\u0160\u00e9f importu \u0160kody Ji\u0159\u00ed Mal\u00e1\u010dek svolal na Hromnice novin\u00e1\u0159e do karl\u00ednsk\u00e9ho centra Spojka Events. Na v\u00fdro\u010dn\u00ed tiskov\u00e9 konferenci hovo\u0159il o prodejn\u00edch v\u00fdsledc\u00edch zna\u010dky na \u010desk\u00e9m trhu v roce 2022 a mluvil i o pl\u00e1nech na leto\u0161ek.<br \/>\n<\/strong><span id=\"more-18750\"><\/span><\/p>\n<p style=\"text-align: justify;\">\u201eTiskovku po\u0159\u00e1d\u00e1me v nelehk\u00e9 dob\u011b, loni n\u00e1m vyho\u0159el d\u016fle\u017eit\u00fd dodavatel pro octavie, za\u010dala v\u00e1lka a pokra\u010dovaly logistick\u00e9 probl\u00e9my ve v\u00fdrob\u011b. P\u0159esto se n\u00e1m v tuzemsku poda\u0159ilo registrovat 62 905 \u0161kodovek a ztratit jen jedno procento z lo\u0148sk\u00e9ho tr\u017en\u00edho pod\u00edlu 34 procent. T\u0159etina prodan\u00fdch aut v \u010cesku jsou st\u00e1le \u0161kodovky, dr\u017e\u00edme fleety i pod\u00edl v operativn\u00edm leasingu,\u201c pochlubil se Mal\u00e1\u010dek.<\/p>\n<p style=\"text-align: justify;\">O tom, \u017ee z\u00e1jem o dom\u00e1c\u00ed zna\u010dku neupad\u00e1, sv\u011bd\u010d\u00ed podle n\u011bj v\u00fdvoj objedn\u00e1vek \u2013 loni se jejich po\u010det nav\u00fd\u0161il p\u0159es 60 000 nevy\u0159\u00edzen\u00fdch polo\u017eek.\u201cSnad leto budeme moci dodat v\u011bt\u0161inu z t\u011bchto voz\u016f,\u201c ut\u011b\u0161oval se \u0161\u00e9f importu.<\/p>\n<p style=\"text-align: justify;\">Prodeje jeho zna\u010dky loni tla\u010dila na prvn\u00edm m\u00edst\u011b Octavia, druh\u00e1 byla Fabia.<\/p>\n<h5 style=\"text-align: justify;\"><strong>Kolik se prodalo soukrom\u00fdch Enyaq\u016f?<\/strong><\/h5>\n<p style=\"text-align: justify;\">O prodej\u00edch elektromobilu Enyaq se ale p\u0159\u00edli\u0161 nehovo\u0159ilo. \u201eP\u0159esn\u00e9 \u010d\u00edslo prodeje tohoto modelu soukrom\u00fdm klient\u016fm nyn\u00ed nem\u00e1m, dod\u00e1m v\u00e1m ho pozd\u011bji,\u201c \u0159ekl na dotaz Automakers Mal\u00e1\u010dek.<\/p>\n<p><img loading=\"lazy\" decoding=\"async\" class=\"size-large wp-image-18855 aligncenter\" src=\"http:\/\/www.automakersnews.cz\/wp-content\/uploads\/2023\/02\/Skoda-Malacek-TK-Spojka-elektromobilita-orez-1024x721.jpg\" sizes=\"(max-width: 1024px) 100vw, 1024px\" srcset=\"https:\/\/www.automakersnews.cz\/wp-content\/uploads\/2023\/02\/Skoda-Malacek-TK-Spojka-elektromobilita-orez-1024x721.jpg 1024w, https:\/\/www.automakersnews.cz\/wp-content\/uploads\/2023\/02\/Skoda-Malacek-TK-Spojka-elektromobilita-orez-300x211.jpg 300w, https:\/\/www.automakersnews.cz\/wp-content\/uploads\/2023\/02\/Skoda-Malacek-TK-Spojka-elektromobilita-orez-768x541.jpg 768w, https:\/\/www.automakersnews.cz\/wp-content\/uploads\/2023\/02\/Skoda-Malacek-TK-Spojka-elektromobilita-orez.jpg 1401w\" alt=\"\" width=\"1024\" height=\"721\" \/><\/p>\n<p style=\"text-align: justify;\">Podle jeho slov ale celkov\u011b \u0161kodov\u00e1ck\u00e9 Enyaqy tvo\u0159ily loni t\u0159etinu z prodej\u016f na trhu \u010dist\u00fdch elektromobil\u016f.<\/p>\n<p><img loading=\"lazy\" decoding=\"async\" class=\"size-large wp-image-18784 aligncenter\" src=\"http:\/\/www.automakersnews.cz\/wp-content\/uploads\/2023\/02\/Skoda-Malacek-statistika-2022-orez-1024x683.jpg\" sizes=\"(max-width: 1024px) 100vw, 1024px\" srcset=\"https:\/\/www.automakersnews.cz\/wp-content\/uploads\/2023\/02\/Skoda-Malacek-statistika-2022-orez-1024x683.jpg 1024w, https:\/\/www.automakersnews.cz\/wp-content\/uploads\/2023\/02\/Skoda-Malacek-statistika-2022-orez-300x200.jpg 300w, https:\/\/www.automakersnews.cz\/wp-content\/uploads\/2023\/02\/Skoda-Malacek-statistika-2022-orez-768x512.jpg 768w, https:\/\/www.automakersnews.cz\/wp-content\/uploads\/2023\/02\/Skoda-Malacek-statistika-2022-orez-1536x1024.jpg 1536w, https:\/\/www.automakersnews.cz\/wp-content\/uploads\/2023\/02\/Skoda-Malacek-statistika-2022-orez.jpg 1990w\" alt=\"\" width=\"1024\" height=\"683\" \/><\/p>\n<p style=\"text-align: justify;\">Hor\u0161\u00ed v\u00fdsledek vid\u00ed Mal\u00e1\u010dek na trhu celkov\u00fdch prodej\u016f soukromn\u00edk\u016fm, kde \u0160kodu loni p\u0159edstihl Hyundai. \u201eChceme letos konkurenci dohnat, ale bude to spjato s v\u00fdrobou,\u201c \u0159ekl mana\u017eer.<\/p>\n<p style=\"text-align: justify;\">Program pro ojetiny \u0160koda Plus loni registroval 42 800 voz\u016f.<\/p>\n<p><img loading=\"lazy\" decoding=\"async\" class=\"size-large wp-image-18860 aligncenter\" src=\"http:\/\/www.automakersnews.cz\/wp-content\/uploads\/2023\/02\/Skoda-Malacek-cile-2023-orez-1024x620.jpg\" sizes=\"(max-width: 1024px) 100vw, 1024px\" srcset=\"https:\/\/www.automakersnews.cz\/wp-content\/uploads\/2023\/02\/Skoda-Malacek-cile-2023-orez-1024x620.jpg 1024w, https:\/\/www.automakersnews.cz\/wp-content\/uploads\/2023\/02\/Skoda-Malacek-cile-2023-orez-300x182.jpg 300w, https:\/\/www.automakersnews.cz\/wp-content\/uploads\/2023\/02\/Skoda-Malacek-cile-2023-orez-768x465.jpg 768w, https:\/\/www.automakersnews.cz\/wp-content\/uploads\/2023\/02\/Skoda-Malacek-cile-2023-orez-1536x930.jpg 1536w, https:\/\/www.automakersnews.cz\/wp-content\/uploads\/2023\/02\/Skoda-Malacek-cile-2023-orez.jpg 1867w\" alt=\"\" width=\"1024\" height=\"620\" \/><\/p>\n<p style=\"text-align: justify;\">V roce 2023 nab\u00eddne Ji\u0159\u00ed Mal\u00e1\u010dek \u010dty\u0159i novinky \u2013 nov\u00e9 verze Scaly, Kamiqu, Kodiaqu a Superbu. Do roku 2026 chce pak \u0160koda nab\u00eddnout t\u0159i nov\u00e9 elektrick\u00e9 modely.<\/p>\n<p>&nbsp;<\/p>\n<p>Zdroj: automakersnews.cz<\/p>\n","protected":false},"excerpt":{"rendered":"<p>\u0160\u00e9f importu \u0160kody Ji\u0159\u00ed Mal\u00e1\u010dek svolal na Hromnice novin\u00e1\u0159e do karl\u00ednsk\u00e9ho centra Spojka Events. Na v\u00fdro\u010dn\u00ed tiskov\u00e9 konferenci hovo\u0159il o prodejn\u00edch v\u00fdsledc\u00edch zna\u010dky na \u010desk\u00e9m trhu v roce 2022 a mluvil i o pl\u00e1nech na leto\u0161ek. \u201eTiskovku po\u0159\u00e1d\u00e1me v nelehk\u00e9 dob\u011b, loni n\u00e1m vyho\u0159el d\u016fle\u017eit\u00fd dodavatel pro octavie, za\u010dala v\u00e1lka a pokra\u010dovaly logistick\u00e9 probl\u00e9my ve [&hellip;]<\/p>\n","protected":false},"author":81,"featured_media":22099,"comment_status":"open","ping_status":"open","sticky":false,"template":"","format":"standard","meta":{"_acf_changed":false,"inline_featured_image":false,"footnotes":""},"categories":[1],"tags":[],"kategorie_prispevku":[],"acf":[],"yoast_head":"<!-- This site is optimized with the Yoast SEO plugin v24.5 - https:\/\/yoast.com\/wordpress\/plugins\/seo\/ -->\n<title>Mal\u00e1\u010dek: \u0160koda udr\u017eela tr\u017en\u00ed pod\u00edl v \u010cR | Autoklastr<\/title>\n<meta name=\"robots\" content=\"index, follow, max-snippet:-1, max-image-preview:large, max-video-preview:-1\" \/>\n<link rel=\"canonical\" href=\"https:\/\/autoklastr.cz\/cs\/malacek-skoda-udrzela-trzni-podil-v-cr\/\" \/>\n<meta property=\"og:locale\" content=\"en_US\" \/>\n<meta property=\"og:locale:alternate\" content=\"cs_CZ\" \/>\n<meta property=\"og:type\" content=\"article\" \/>\n<meta property=\"og:title\" content=\"Mal\u00e1\u010dek: \u0160koda udr\u017eela tr\u017en\u00ed pod\u00edl v \u010cR\" \/>\n<meta property=\"og:description\" content=\"\u0160\u00e9f importu \u0160kody Ji\u0159\u00ed Mal\u00e1\u010dek svolal na Hromnice novin\u00e1\u0159e do karl\u00ednsk\u00e9ho centra Spojka Events. Na v\u00fdro\u010dn\u00ed tiskov\u00e9 konferenci hovo\u0159il o prodejn\u00edch v\u00fdsledc\u00edch zna\u010dky na \u010desk\u00e9m trhu v roce 2022 a mluvil i o pl\u00e1nech na leto\u0161ek. \u201eTiskovku po\u0159\u00e1d\u00e1me v nelehk\u00e9 dob\u011b, loni n\u00e1m vyho\u0159el d\u016fle\u017eit\u00fd dodavatel pro octavie, za\u010dala v\u00e1lka a pokra\u010dovaly logistick\u00e9 probl\u00e9my ve [&hellip;]\" \/>\n<meta property=\"og:url\" content=\"https:\/\/autoklastr.cz\/en\/malacek-skoda-udrzela-trzni-podil-v-cr\/\" \/>\n<meta property=\"og:site_name\" content=\"Autoklastr\" \/>\n<meta property=\"article:published_time\" content=\"2023-02-02T07:57:47+00:00\" \/>\n<meta property=\"article:modified_time\" content=\"2023-02-09T08:00:45+00:00\" \/>\n<meta property=\"og:image\" content=\"https:\/\/autoklastr.cz\/wp-content\/uploads\/2023\/02\/Skoda-vyrocka-2023-Malacek-orez-678x381-1.jpg\" \/>\n\t<meta property=\"og:image:width\" content=\"678\" \/>\n\t<meta property=\"og:image:height\" content=\"381\" \/>\n\t<meta property=\"og:image:type\" content=\"image\/jpeg\" \/>\n<meta name=\"author\" content=\"Karel B\u0159emek\" \/>\n<meta name=\"twitter:card\" content=\"summary_large_image\" \/>\n<meta name=\"twitter:label1\" content=\"Written by\" \/>\n\t<meta name=\"twitter:data1\" content=\"Karel B\u0159emek\" \/>\n\t<meta name=\"twitter:label2\" content=\"Est. reading time\" \/>\n\t<meta name=\"twitter:data2\" content=\"2 minutes\" \/>\n<script type=\"application\/ld+json\" class=\"yoast-schema-graph\">{\"@context\":\"https:\/\/schema.org\",\"@graph\":[{\"@type\":\"WebPage\",\"@id\":\"https:\/\/autoklastr.cz\/cs\/malacek-skoda-udrzela-trzni-podil-v-cr\/\",\"url\":\"https:\/\/autoklastr.cz\/cs\/malacek-skoda-udrzela-trzni-podil-v-cr\/\",\"name\":\"Mal\u00e1\u010dek: \u0160koda udr\u017eela tr\u017en\u00ed pod\u00edl v \u010cR\",\"isPartOf\":{\"@id\":\"https:\/\/autoklastr.cz\/cs\/#website\"},\"primaryImageOfPage\":{\"@id\":\"https:\/\/autoklastr.cz\/cs\/malacek-skoda-udrzela-trzni-podil-v-cr\/#primaryimage\"},\"image\":{\"@id\":\"https:\/\/autoklastr.cz\/cs\/malacek-skoda-udrzela-trzni-podil-v-cr\/#primaryimage\"},\"thumbnailUrl\":\"https:\/\/autoklastr.cz\/wp-content\/uploads\/2023\/02\/Skoda-vyrocka-2023-Malacek-orez-678x381-1.jpg\",\"datePublished\":\"2023-02-02T07:57:47+00:00\",\"dateModified\":\"2023-02-09T08:00:45+00:00\",\"author\":{\"@id\":\"https:\/\/autoklastr.cz\/cs\/#\/schema\/person\/51de917140dff28ece1c759a7579ba79\"},\"breadcrumb\":{\"@id\":\"https:\/\/autoklastr.cz\/cs\/malacek-skoda-udrzela-trzni-podil-v-cr\/#breadcrumb\"},\"inLanguage\":\"en-US\",\"potentialAction\":[{\"@type\":\"ReadAction\",\"target\":[\"https:\/\/autoklastr.cz\/cs\/malacek-skoda-udrzela-trzni-podil-v-cr\/\"]}]},{\"@type\":\"ImageObject\",\"inLanguage\":\"en-US\",\"@id\":\"https:\/\/autoklastr.cz\/cs\/malacek-skoda-udrzela-trzni-podil-v-cr\/#primaryimage\",\"url\":\"https:\/\/autoklastr.cz\/wp-content\/uploads\/2023\/02\/Skoda-vyrocka-2023-Malacek-orez-678x381-1.jpg\",\"contentUrl\":\"https:\/\/autoklastr.cz\/wp-content\/uploads\/2023\/02\/Skoda-vyrocka-2023-Malacek-orez-678x381-1.jpg\",\"width\":678,\"height\":381},{\"@type\":\"BreadcrumbList\",\"@id\":\"https:\/\/autoklastr.cz\/cs\/malacek-skoda-udrzela-trzni-podil-v-cr\/#breadcrumb\",\"itemListElement\":[{\"@type\":\"ListItem\",\"position\":1,\"name\":\"Dom\u016f\",\"item\":\"https:\/\/autoklastr.cz\/cs\/\"},{\"@type\":\"ListItem\",\"position\":2,\"name\":\"Mal\u00e1\u010dek: \u0160koda udr\u017eela tr\u017en\u00ed pod\u00edl v \u010cR\"}]},{\"@type\":\"WebSite\",\"@id\":\"https:\/\/autoklastr.cz\/cs\/#website\",\"url\":\"https:\/\/autoklastr.cz\/cs\/\",\"name\":\"Autoklastr\",\"description\":\"Spole\u010dn\u011b pro Automotive!\",\"potentialAction\":[{\"@type\":\"SearchAction\",\"target\":{\"@type\":\"EntryPoint\",\"urlTemplate\":\"https:\/\/autoklastr.cz\/cs\/?s={search_term_string}\"},\"query-input\":{\"@type\":\"PropertyValueSpecification\",\"valueRequired\":true,\"valueName\":\"search_term_string\"}}],\"inLanguage\":\"en-US\"},{\"@type\":\"Person\",\"@id\":\"https:\/\/autoklastr.cz\/cs\/#\/schema\/person\/51de917140dff28ece1c759a7579ba79\",\"name\":\"Karel B\u0159emek\",\"image\":{\"@type\":\"ImageObject\",\"inLanguage\":\"en-US\",\"@id\":\"https:\/\/autoklastr.cz\/cs\/#\/schema\/person\/image\/\",\"url\":\"https:\/\/secure.gravatar.com\/avatar\/ba59bb4aee7dc631079170762e66e8c6?s=96&d=mm&r=g\",\"contentUrl\":\"https:\/\/secure.gravatar.com\/avatar\/ba59bb4aee7dc631079170762e66e8c6?s=96&d=mm&r=g\",\"caption\":\"Karel B\u0159emek\"}}]}<\/script>\n<!-- \/ Yoast SEO plugin. -->","yoast_head_json":{"title":"Mal\u00e1\u010dek: \u0160koda udr\u017eela tr\u017en\u00ed pod\u00edl v \u010cR | Autoklastr","robots":{"index":"index","follow":"follow","max-snippet":"max-snippet:-1","max-image-preview":"max-image-preview:large","max-video-preview":"max-video-preview:-1"},"canonical":"https:\/\/autoklastr.cz\/cs\/malacek-skoda-udrzela-trzni-podil-v-cr\/","og_locale":"en_US","og_type":"article","og_title":"[:cs]Mal\u00e1\u010dek: \u0160koda udr\u017eela tr\u017en\u00ed pod\u00edl v \u010cR[:] | Autoklastr","og_description":"\u0160\u00e9f importu \u0160kody Ji\u0159\u00ed Mal\u00e1\u010dek svolal na Hromnice novin\u00e1\u0159e do karl\u00ednsk\u00e9ho centra Spojka Events. Na v\u00fdro\u010dn\u00ed tiskov\u00e9 konferenci hovo\u0159il o prodejn\u00edch v\u00fdsledc\u00edch zna\u010dky na \u010desk\u00e9m trhu v roce 2022 a mluvil i o pl\u00e1nech na leto\u0161ek. \u201eTiskovku po\u0159\u00e1d\u00e1me v nelehk\u00e9 dob\u011b, loni n\u00e1m vyho\u0159el d\u016fle\u017eit\u00fd dodavatel pro octavie, za\u010dala v\u00e1lka a pokra\u010dovaly logistick\u00e9 probl\u00e9my ve [&hellip;]","og_url":"https:\/\/autoklastr.cz\/en\/malacek-skoda-udrzela-trzni-podil-v-cr\/","og_site_name":"Autoklastr","article_published_time":"2023-02-02T07:57:47+00:00","article_modified_time":"2023-02-09T08:00:45+00:00","og_image":[{"width":678,"height":381,"url":"https:\/\/autoklastr.cz\/wp-content\/uploads\/2023\/02\/Skoda-vyrocka-2023-Malacek-orez-678x381-1.jpg","type":"image\/jpeg"}],"author":"Karel B\u0159emek","twitter_card":"summary_large_image","twitter_misc":{"Written by":"Karel B\u0159emek","Est. reading time":"2 minutes"},"schema":{"@context":"https:\/\/schema.org","@graph":[{"@type":"WebPage","@id":"https:\/\/autoklastr.cz\/cs\/malacek-skoda-udrzela-trzni-podil-v-cr\/","url":"https:\/\/autoklastr.cz\/cs\/malacek-skoda-udrzela-trzni-podil-v-cr\/","name":"Mal\u00e1\u010dek: \u0160koda udr\u017eela tr\u017en\u00ed pod\u00edl v \u010cR","isPartOf":{"@id":"https:\/\/autoklastr.cz\/cs\/#website"},"primaryImageOfPage":{"@id":"https:\/\/autoklastr.cz\/cs\/malacek-skoda-udrzela-trzni-podil-v-cr\/#primaryimage"},"image":{"@id":"https:\/\/autoklastr.cz\/cs\/malacek-skoda-udrzela-trzni-podil-v-cr\/#primaryimage"},"thumbnailUrl":"https:\/\/autoklastr.cz\/wp-content\/uploads\/2023\/02\/Skoda-vyrocka-2023-Malacek-orez-678x381-1.jpg","datePublished":"2023-02-02T07:57:47+00:00","dateModified":"2023-02-09T08:00:45+00:00","author":{"@id":"https:\/\/autoklastr.cz\/cs\/#\/schema\/person\/51de917140dff28ece1c759a7579ba79"},"breadcrumb":{"@id":"https:\/\/autoklastr.cz\/cs\/malacek-skoda-udrzela-trzni-podil-v-cr\/#breadcrumb"},"inLanguage":"en-US","potentialAction":[{"@type":"ReadAction","target":["https:\/\/autoklastr.cz\/cs\/malacek-skoda-udrzela-trzni-podil-v-cr\/"]}]},{"@type":"ImageObject","inLanguage":"en-US","@id":"https:\/\/autoklastr.cz\/cs\/malacek-skoda-udrzela-trzni-podil-v-cr\/#primaryimage","url":"https:\/\/autoklastr.cz\/wp-content\/uploads\/2023\/02\/Skoda-vyrocka-2023-Malacek-orez-678x381-1.jpg","contentUrl":"https:\/\/autoklastr.cz\/wp-content\/uploads\/2023\/02\/Skoda-vyrocka-2023-Malacek-orez-678x381-1.jpg","width":678,"height":381},{"@type":"BreadcrumbList","@id":"https:\/\/autoklastr.cz\/cs\/malacek-skoda-udrzela-trzni-podil-v-cr\/#breadcrumb","itemListElement":[{"@type":"ListItem","position":1,"name":"Dom\u016f","item":"https:\/\/autoklastr.cz\/cs\/"},{"@type":"ListItem","position":2,"name":"Mal\u00e1\u010dek: \u0160koda udr\u017eela tr\u017en\u00ed pod\u00edl v \u010cR"}]},{"@type":"WebSite","@id":"https:\/\/autoklastr.cz\/cs\/#website","url":"https:\/\/autoklastr.cz\/cs\/","name":"Autoklastr","description":"Spole\u010dn\u011b pro Automotive!","potentialAction":[{"@type":"SearchAction","target":{"@type":"EntryPoint","urlTemplate":"https:\/\/autoklastr.cz\/cs\/?s={search_term_string}"},"query-input":{"@type":"PropertyValueSpecification","valueRequired":true,"valueName":"search_term_string"}}],"inLanguage":"en-US"},{"@type":"Person","@id":"https:\/\/autoklastr.cz\/cs\/#\/schema\/person\/51de917140dff28ece1c759a7579ba79","name":"Karel B\u0159emek","image":{"@type":"ImageObject","inLanguage":"en-US","@id":"https:\/\/autoklastr.cz\/cs\/#\/schema\/person\/image\/","url":"https:\/\/secure.gravatar.com\/avatar\/ba59bb4aee7dc631079170762e66e8c6?s=96&d=mm&r=g","contentUrl":"https:\/\/secure.gravatar.com\/avatar\/ba59bb4aee7dc631079170762e66e8c6?s=96&d=mm&r=g","caption":"Karel B\u0159emek"}}]}},"_links":{"self":[{"href":"https:\/\/autoklastr.cz\/en\/wp-json\/wp\/v2\/posts\/22098"}],"collection":[{"href":"https:\/\/autoklastr.cz\/en\/wp-json\/wp\/v2\/posts"}],"about":[{"href":"https:\/\/autoklastr.cz\/en\/wp-json\/wp\/v2\/types\/post"}],"author":[{"embeddable":true,"href":"https:\/\/autoklastr.cz\/en\/wp-json\/wp\/v2\/users\/81"}],"replies":[{"embeddable":true,"href":"https:\/\/autoklastr.cz\/en\/wp-json\/wp\/v2\/comments?post=22098"}],"version-history":[{"count":1,"href":"https:\/\/autoklastr.cz\/en\/wp-json\/wp\/v2\/posts\/22098\/revisions"}],"predecessor-version":[{"id":22100,"href":"https:\/\/autoklastr.cz\/en\/wp-json\/wp\/v2\/posts\/22098\/revisions\/22100"}],"wp:featuredmedia":[{"embeddable":true,"href":"https:\/\/autoklastr.cz\/en\/wp-json\/wp\/v2\/media\/22099"}],"wp:attachment":[{"href":"https:\/\/autoklastr.cz\/en\/wp-json\/wp\/v2\/media?parent=22098"}],"wp:term":[{"taxonomy":"category","embeddable":true,"href":"https:\/\/autoklastr.cz\/en\/wp-json\/wp\/v2\/categories?post=22098"},{"taxonomy":"post_tag","embeddable":true,"href":"https:\/\/autoklastr.cz\/en\/wp-json\/wp\/v2\/tags?post=22098"},{"taxonomy":"kategorie_prispevku","embeddable":true,"href":"https:\/\/autoklastr.cz\/en\/wp-json\/wp\/v2\/kategorie_prispevku?post=22098"}],"curies":[{"name":"wp","href":"https:\/\/api.w.org\/{rel}","templated":true}]}}