{"id":21571,"date":"2022-11-22T13:23:38","date_gmt":"2022-11-22T12:23:38","guid":{"rendered":"https:\/\/autoklastr.cz\/cs\/?p=21571"},"modified":"2022-11-30T17:25:50","modified_gmt":"2022-11-30T16:25:50","slug":"autosap-ceske-automobilky-navysily-vyrobu-2","status":"publish","type":"post","link":"https:\/\/autoklastr.cz\/en\/autosap-ceske-automobilky-navysily-vyrobu-2\/","title":{"rendered":"AutoSAP: \u010desk\u00e9 automobilky nav\u00fd\u0161ily v\u00fdrobu"},"content":{"rendered":"<div class=\"inbox\">\n<p style=\"text-align: justify;\"><b>Mezi lednem a \u0159\u00edjnem roku 2022 bylo v\u00a0\u010cesk\u00e9 republice vyrobeno 1\u00a0000 375 osobn\u00edch automobil\u016f, tj. meziro\u010dn\u011b o 11,2 % v\u00edce ne\u017e ve stejn\u00e9m obdob\u00ed lo\u0148sk\u00e9ho roku. Miln\u00edku miliont\u00e9ho vozu se nav\u00edc poda\u0159ilo dos\u00e1hnout o m\u011bs\u00edc d\u0159\u00edve, ne\u017e tomu bylo v\u00a0minul\u00e9m i p\u0159edminul\u00e9m roce.<\/b><\/p>\n<p style=\"text-align: justify;\">Automobilov\u00fd pr\u016fmysl se tak \u00fasp\u011b\u0161n\u011b bl\u00ed\u017e\u00ed k\u00a0p\u0159edkrizov\u00fdm v\u00fdrobn\u00edm hodnot\u00e1m. V\u00a0samotn\u00e9m \u0159\u00edjnu bylo vyrobeno 101 005 osobn\u00edch vozidel. Da\u0159ilo se tak\u00e9 v\u00fdrobc\u016fm v\u00a0ostatn\u00edch segmentech motorov\u00fdch vozidel.<\/p>\n<p style=\"text-align: justify;\">V\u00a0prvn\u00edch des\u00edti m\u011bs\u00edc\u00edch bylo vyrobeno 4 296 autobus\u016f (+14,7 %) a\u00a01\u00a0488 motocykl\u016f (+72,6 %). Segment vozidel s\u00a0elektrick\u00fdm pohonem p\u0159es\u00e1hl 11 % tuzemsk\u00e9 produkce v\u0161ech motorov\u00fdch vozidel. Vyrobeno bylo 112 829 elektrick\u00fdch osobn\u00edch automobil\u016f a 37 elektrick\u00fdch autobus\u016f.<\/p>\n<p style=\"text-align: justify;\">\u201e<i>Navzdory p\u0159etrv\u00e1vaj\u00edc\u00edm obt\u00ed\u017e\u00edm v\u00a0dodavatelsk\u00fdch \u0159et\u011bzc\u00edch se fin\u00e1ln\u00edm v\u00fdrobc\u016fm i nad\u00e1le da\u0159\u00ed navy\u0161ovat v\u00fdrobu, produkce automobil\u016f v\u00a0\u010cesk\u00e9 republice tak meziro\u010dn\u011b rostla o 11,2 %. Z\u00e1sadn\u00ed v\u00fdzvou pro firmy i nad\u00e1le z\u016fst\u00e1vaj\u00ed vysok\u00e9 ceny energi\u00ed, mo\u017en\u00fd nedostatek zemn\u00edho plynu, vysok\u00e1 inflace a zejm\u00e9na nov\u011b p\u0159edstaven\u00fd n\u00e1vrh emisn\u00ed normy Euro 7\/VII. Ten v\u00a0podob\u011b, ve kter\u00e9m jej p\u0159edlo\u017eila Evropsk\u00e1 komise kontraproduktivn\u011b ohro\u017euje technologickou transformaci a p\u0159echod na bezemisn\u00ed mobilitu. Stanovuje ne\u00fam\u011brn\u011b p\u0159\u00edsn\u00e9 limity pro n\u00e1kladn\u00ed vozidla, m\u016f\u017ee omezit nab\u00eddku dostupn\u00fdch osobn\u00edch vozidel ni\u017e\u0161\u00edch kategori\u00ed a hroz\u00ed tak\u00e9 od\u010derp\u00e1n\u00edm omezen\u00fdch zdroj\u016f, kter\u00e9 je t\u0159eba investovat do elektrifikace a\u00a0napln\u011bn\u00ed klimatick\u00fdch c\u00edl\u016f\u201c,<\/i>\u00a0\u0159\u00edk\u00e1\u00a0<b>Zden\u011bk Petzl<\/b>,\u00a0<b>v\u00fdkonn\u00fd \u0159editel Sdru\u017een\u00ed automobilov\u00e9ho pr\u016fmyslu.<\/b><\/p>\n<h4 style=\"text-align: justify;\"><b>Osobn\u00ed vozidla<\/b><\/h4>\n<p style=\"text-align: justify;\">Od ledna do konce \u0159\u00edjna bylo v\u00a0\u010cesk\u00e9 republice vyrobeno 1\u00a0000 375 osobn\u00edch vozidel, tj. meziro\u010dn\u011b o 11,2 % v\u00edce ne\u017e ve stejn\u00e9m obdob\u00ed\u00a0p\u0159edchoz\u00edho roku. V\u00a0absolutn\u00edm vyj\u00e1d\u0159en\u00ed tedy bylo ve zm\u00edn\u011bn\u00e9m obdob\u00ed vyrobeno o 100 520 osobn\u00edch automobil\u016f v\u00edce. V\u00a0m\u011bs\u00ed\u010dn\u00edm srovn\u00e1n\u00ed vzrostla v\u00fdroba osobn\u00edch vozidel o 48,1\u00a0%, z\u00a068 202 v\u00a0\u0159\u00edjnu roku 2021 na 101 005 v\u00a0\u0159\u00edjnu roku 2022. Elektrick\u00fdch vozidel bylo od ledna do konce \u0159\u00edjna vyrobeno 112\u00a0829 ks a\u00a0jejich pod\u00edl na tuzemsk\u00e9 produkci automobil\u016f dos\u00e1hl na 11,28 %. Samotn\u00fd \u0159\u00edjen dokonce zaznamenal nejvy\u0161\u0161\u00ed po\u010det vyroben\u00fdch elektrovoz\u016f za jeden m\u011bs\u00edc od za\u010d\u00e1tku roku 2022, kdy bylo vyrobeno 14\u00a0530 elektrick\u00fdch vozidel z\u00a0toho 9\u00a0106 bateriov\u00fdch BEV a 5\u00a0424 plug-in hybridn\u00edch PHEV.<\/p>\n<p style=\"text-align: justify;\">Nejv\u011bt\u0161\u00ed tuzemsk\u00e1 automobilka, \u0160KODA AUTO, vyrobila za prvn\u00edch deset m\u011bs\u00edc\u016f ve sv\u00fdch tuzemsk\u00fdch z\u00e1vodech 566 569 osobn\u00edch automobil\u016f (+ 3,5 %), z\u00a0toho jen v\u00a0z\u00e1\u0159\u00ed 53 061 voz\u016f (+ 61,5 %). Elektrick\u00fdch voz\u016f (bateriov\u00fdch BEV a\u00a0plug-in hybridn\u00edch PHEV) vyrobila \u0160KODA 59 455 ks, tj.\u00a010,5\u00a0% z\u00a0celkov\u00e9 produkce zna\u010dky. V\u00edce ne\u017e t\u0159i \u010dtvrtiny vyroben\u00fdch elektrick\u00fdch voz\u016f tvo\u0159ily vozy pln\u011b elektrifikovan\u00e9 (BEV).<\/p>\n<p style=\"text-align: justify;\">No\u0161ovick\u00fd z\u00e1vod automobilky Hyundai pokra\u010duje v\u00a0r\u016fstov\u00e9m trendu. V\u00a0dosavadn\u00edm pr\u016fb\u011bhu roku vyrobil celkov\u011b 269 800 osobn\u00edch automobil\u016f, tj. o 16,5 % v\u00edce ne\u017e v\u00a0prvn\u00edch des\u00edti m\u011bs\u00edc\u00edch lo\u0148sk\u00e9ho roku. Tak\u00e9 v\u00a0\u0159\u00edjnu byla produkce meziro\u010dn\u011b v\u00fdrazn\u011b vy\u0161\u0161\u00ed, kdy\u017e bylo vyrobeno 26 900 vozidel (+\u00a010,7 %). Z\u00a0celkov\u00e9ho po\u010dtu vozidel m\u011blo 25 127 ks \u010dist\u011b elektrick\u00fd a 28 247 ks plug-in hybridn\u00ed pohon a celkov\u011b tak elektrick\u00e9 vozy tvo\u0159ily v\u00edce ne\u017e 19,7 % celkov\u00e9 produkce.<\/p>\n<p style=\"text-align: justify;\">Tak\u00e9 v\u00a0kol\u00ednsk\u00e9 Toyot\u011b byla \u0159\u00edjnov\u00e1 v\u00fdroba meziro\u010dn\u011b v\u00fdrazn\u011b vy\u0161\u0161\u00ed. Vyrobeno bylo 21 044 automobil\u016f, tj.\u00a0o\u00a090 % v\u00edce ne\u017e v\u00a0\u0159\u00edjnu 2021. Celkov\u011b v\u00a0prvn\u00edch des\u00edti m\u011bs\u00edc\u00edch Toyota vyrobila 164 006 vozidel (+ 35,5\u00a0%). T\u00e9m\u011b\u0159 polovinu produkce tvo\u0159ily hybridn\u00ed vozy (HEV).<\/p>\n<h4 style=\"text-align: justify;\"><b>Autobusy<\/b><\/h4>\n<p style=\"text-align: justify;\">V\u00a0prvn\u00edch des\u00edti m\u011bs\u00edc\u00edch bylo v\u00a0\u010cesku vyrobeno 4 296 autobus\u016f (+ 14,7 %), V\u00a0samotn\u00e9m m\u011bs\u00edci \u0159\u00edjnu vzrostla v\u00fdroba t\u00e9m\u011b\u0159 o 60 % a bylo vyrobeno celkem 434 ks.<\/p>\n<p style=\"text-align: justify;\">Ve vysokom\u00fdtsk\u00e9m IVECO CR bylo vyrobeno 3 824 autobus\u016f, tedy o 12,1 % v\u00edce ne\u017e ve stejn\u00e9m obdob\u00ed lo\u0148sk\u00e9ho roku. SOR\u00a0Libchavy dok\u00e1zal v\u00a0prvn\u00edch des\u00edti m\u011bs\u00edc\u00edch tohoto roku vyrobit 440 autobus\u016f, tj. o 38,4 % v\u00edce ne\u017e vloni.<\/p>\n<p style=\"text-align: justify;\">Dvacet t\u0159i autobus\u016f zna\u010dky m\u00e1 elektrick\u00fd pohon (tj. pod\u00edl 5,2 %). \u0160KODA Electric vyrobila ve zmi\u0148ovan\u00e9m obdob\u00ed 14 elektrobus\u016f a v\u00fdrobce KHMC 18 autobus\u016f.<\/p>\n<h4 style=\"text-align: justify;\"><b>Motocykly<\/b><\/h4>\n<p style=\"text-align: justify;\">Tak\u00e9 v\u00fdrobce JAWA Moto je nad\u00e1le velmi \u00fasp\u011b\u0161n\u00fd. Od ledna do \u0159\u00edjna 2022 vyprodukovala spole\u010dnost<br \/>\n1\u00a0488 motocykl\u016f (+\u00a072,6\u00a0%). V\u00a0\u0159\u00edjnu sjelo z\u00a0v\u00fdrobn\u00ed linky tuzemsk\u00e9 zna\u010dky celkem 55 motocykl\u016f, kter\u00e9 p\u0159edstavuj\u00ed 7,8 % n\u00e1r\u016fst oproti \u0159\u00edjnu lo\u0148sk\u00e9ho roku.<\/p>\n<\/div>\n<p>&nbsp;<\/p>\n<p style=\"text-align: justify;\">Zdroj: AutoSAP<\/p>\n","protected":false},"excerpt":{"rendered":"<p>Mezi lednem a \u0159\u00edjnem roku 2022 bylo v\u00a0\u010cesk\u00e9 republice vyrobeno 1\u00a0000 375 osobn\u00edch automobil\u016f, tj. meziro\u010dn\u011b o 11,2 % v\u00edce ne\u017e ve stejn\u00e9m obdob\u00ed lo\u0148sk\u00e9ho roku. Miln\u00edku miliont\u00e9ho vozu se nav\u00edc poda\u0159ilo dos\u00e1hnout o m\u011bs\u00edc d\u0159\u00edve, ne\u017e tomu bylo v\u00a0minul\u00e9m i p\u0159edminul\u00e9m roce. Automobilov\u00fd pr\u016fmysl se tak \u00fasp\u011b\u0161n\u011b bl\u00ed\u017e\u00ed k\u00a0p\u0159edkrizov\u00fdm v\u00fdrobn\u00edm hodnot\u00e1m. V\u00a0samotn\u00e9m \u0159\u00edjnu bylo [&hellip;]<\/p>\n","protected":false},"author":4,"featured_media":21572,"comment_status":"open","ping_status":"open","sticky":false,"template":"","format":"standard","meta":{"_acf_changed":false,"inline_featured_image":false,"footnotes":""},"categories":[1],"tags":[],"kategorie_prispevku":[],"acf":[],"yoast_head":"<!-- This site is optimized with the Yoast SEO plugin v24.5 - https:\/\/yoast.com\/wordpress\/plugins\/seo\/ -->\n<title>AutoSAP: \u010desk\u00e9 automobilky nav\u00fd\u0161ily v\u00fdrobu | Autoklastr<\/title>\n<meta name=\"robots\" content=\"index, follow, max-snippet:-1, max-image-preview:large, max-video-preview:-1\" \/>\n<link rel=\"canonical\" href=\"https:\/\/autoklastr.cz\/cs\/autosap-ceske-automobilky-navysily-vyrobu-2\/\" \/>\n<meta property=\"og:locale\" content=\"en_US\" \/>\n<meta property=\"og:locale:alternate\" content=\"cs_CZ\" \/>\n<meta property=\"og:type\" content=\"article\" \/>\n<meta property=\"og:title\" content=\"AutoSAP: \u010desk\u00e9 automobilky nav\u00fd\u0161ily v\u00fdrobu\" \/>\n<meta property=\"og:description\" content=\"Mezi lednem a \u0159\u00edjnem roku 2022 bylo v\u00a0\u010cesk\u00e9 republice vyrobeno 1\u00a0000 375 osobn\u00edch automobil\u016f, tj. meziro\u010dn\u011b o 11,2 % v\u00edce ne\u017e ve stejn\u00e9m obdob\u00ed lo\u0148sk\u00e9ho roku. Miln\u00edku miliont\u00e9ho vozu se nav\u00edc poda\u0159ilo dos\u00e1hnout o m\u011bs\u00edc d\u0159\u00edve, ne\u017e tomu bylo v\u00a0minul\u00e9m i p\u0159edminul\u00e9m roce. Automobilov\u00fd pr\u016fmysl se tak \u00fasp\u011b\u0161n\u011b bl\u00ed\u017e\u00ed k\u00a0p\u0159edkrizov\u00fdm v\u00fdrobn\u00edm hodnot\u00e1m. V\u00a0samotn\u00e9m \u0159\u00edjnu bylo [&hellip;]\" \/>\n<meta property=\"og:url\" content=\"https:\/\/autoklastr.cz\/en\/autosap-ceske-automobilky-navysily-vyrobu-2\/\" \/>\n<meta property=\"og:site_name\" content=\"Autoklastr\" \/>\n<meta property=\"article:published_time\" content=\"2022-11-22T12:23:38+00:00\" \/>\n<meta property=\"article:modified_time\" content=\"2022-11-30T16:25:50+00:00\" \/>\n<meta property=\"og:image\" content=\"https:\/\/autoklastr.cz\/wp-content\/uploads\/2022\/11\/AutoSAP-Petzl-2020-1024x683-1.jpg\" \/>\n\t<meta property=\"og:image:width\" content=\"1024\" \/>\n\t<meta property=\"og:image:height\" content=\"683\" \/>\n\t<meta property=\"og:image:type\" content=\"image\/jpeg\" \/>\n<meta name=\"author\" content=\"adam.priechodsky\" \/>\n<meta name=\"twitter:card\" content=\"summary_large_image\" \/>\n<meta name=\"twitter:label1\" content=\"Written by\" \/>\n\t<meta name=\"twitter:data1\" content=\"adam.priechodsky\" \/>\n\t<meta name=\"twitter:label2\" content=\"Est. reading time\" \/>\n\t<meta name=\"twitter:data2\" content=\"4 minutes\" \/>\n<script type=\"application\/ld+json\" class=\"yoast-schema-graph\">{\"@context\":\"https:\/\/schema.org\",\"@graph\":[{\"@type\":\"WebPage\",\"@id\":\"https:\/\/autoklastr.cz\/cs\/autosap-ceske-automobilky-navysily-vyrobu-2\/\",\"url\":\"https:\/\/autoklastr.cz\/cs\/autosap-ceske-automobilky-navysily-vyrobu-2\/\",\"name\":\"AutoSAP: \u010desk\u00e9 automobilky nav\u00fd\u0161ily v\u00fdrobu\",\"isPartOf\":{\"@id\":\"https:\/\/autoklastr.cz\/cs\/#website\"},\"primaryImageOfPage\":{\"@id\":\"https:\/\/autoklastr.cz\/cs\/autosap-ceske-automobilky-navysily-vyrobu-2\/#primaryimage\"},\"image\":{\"@id\":\"https:\/\/autoklastr.cz\/cs\/autosap-ceske-automobilky-navysily-vyrobu-2\/#primaryimage\"},\"thumbnailUrl\":\"https:\/\/autoklastr.cz\/wp-content\/uploads\/2022\/11\/AutoSAP-Petzl-2020-1024x683-1.jpg\",\"datePublished\":\"2022-11-22T12:23:38+00:00\",\"dateModified\":\"2022-11-30T16:25:50+00:00\",\"author\":{\"@id\":\"https:\/\/autoklastr.cz\/cs\/#\/schema\/person\/2ceb72e5fd7e969ea3b11f014ed72896\"},\"breadcrumb\":{\"@id\":\"https:\/\/autoklastr.cz\/cs\/autosap-ceske-automobilky-navysily-vyrobu-2\/#breadcrumb\"},\"inLanguage\":\"en-US\",\"potentialAction\":[{\"@type\":\"ReadAction\",\"target\":[\"https:\/\/autoklastr.cz\/cs\/autosap-ceske-automobilky-navysily-vyrobu-2\/\"]}]},{\"@type\":\"ImageObject\",\"inLanguage\":\"en-US\",\"@id\":\"https:\/\/autoklastr.cz\/cs\/autosap-ceske-automobilky-navysily-vyrobu-2\/#primaryimage\",\"url\":\"https:\/\/autoklastr.cz\/wp-content\/uploads\/2022\/11\/AutoSAP-Petzl-2020-1024x683-1.jpg\",\"contentUrl\":\"https:\/\/autoklastr.cz\/wp-content\/uploads\/2022\/11\/AutoSAP-Petzl-2020-1024x683-1.jpg\",\"width\":1024,\"height\":683},{\"@type\":\"BreadcrumbList\",\"@id\":\"https:\/\/autoklastr.cz\/cs\/autosap-ceske-automobilky-navysily-vyrobu-2\/#breadcrumb\",\"itemListElement\":[{\"@type\":\"ListItem\",\"position\":1,\"name\":\"Dom\u016f\",\"item\":\"https:\/\/autoklastr.cz\/cs\/\"},{\"@type\":\"ListItem\",\"position\":2,\"name\":\"AutoSAP: \u010desk\u00e9 automobilky nav\u00fd\u0161ily v\u00fdrobu\"}]},{\"@type\":\"WebSite\",\"@id\":\"https:\/\/autoklastr.cz\/cs\/#website\",\"url\":\"https:\/\/autoklastr.cz\/cs\/\",\"name\":\"Autoklastr\",\"description\":\"Spole\u010dn\u011b pro Automotive!\",\"potentialAction\":[{\"@type\":\"SearchAction\",\"target\":{\"@type\":\"EntryPoint\",\"urlTemplate\":\"https:\/\/autoklastr.cz\/cs\/?s={search_term_string}\"},\"query-input\":{\"@type\":\"PropertyValueSpecification\",\"valueRequired\":true,\"valueName\":\"search_term_string\"}}],\"inLanguage\":\"en-US\"},{\"@type\":\"Person\",\"@id\":\"https:\/\/autoklastr.cz\/cs\/#\/schema\/person\/2ceb72e5fd7e969ea3b11f014ed72896\",\"name\":\"adam.priechodsky\",\"image\":{\"@type\":\"ImageObject\",\"inLanguage\":\"en-US\",\"@id\":\"https:\/\/autoklastr.cz\/cs\/#\/schema\/person\/image\/\",\"url\":\"https:\/\/secure.gravatar.com\/avatar\/d2e6c6214446f55d001681a1366ee5ab?s=96&d=mm&r=g\",\"contentUrl\":\"https:\/\/secure.gravatar.com\/avatar\/d2e6c6214446f55d001681a1366ee5ab?s=96&d=mm&r=g\",\"caption\":\"adam.priechodsky\"}}]}<\/script>\n<!-- \/ Yoast SEO plugin. -->","yoast_head_json":{"title":"AutoSAP: \u010desk\u00e9 automobilky nav\u00fd\u0161ily v\u00fdrobu | Autoklastr","robots":{"index":"index","follow":"follow","max-snippet":"max-snippet:-1","max-image-preview":"max-image-preview:large","max-video-preview":"max-video-preview:-1"},"canonical":"https:\/\/autoklastr.cz\/cs\/autosap-ceske-automobilky-navysily-vyrobu-2\/","og_locale":"en_US","og_type":"article","og_title":"[:cs]AutoSAP: \u010desk\u00e9 automobilky nav\u00fd\u0161ily v\u00fdrobu[:] | Autoklastr","og_description":"Mezi lednem a \u0159\u00edjnem roku 2022 bylo v\u00a0\u010cesk\u00e9 republice vyrobeno 1\u00a0000 375 osobn\u00edch automobil\u016f, tj. meziro\u010dn\u011b o 11,2 % v\u00edce ne\u017e ve stejn\u00e9m obdob\u00ed lo\u0148sk\u00e9ho roku. Miln\u00edku miliont\u00e9ho vozu se nav\u00edc poda\u0159ilo dos\u00e1hnout o m\u011bs\u00edc d\u0159\u00edve, ne\u017e tomu bylo v\u00a0minul\u00e9m i p\u0159edminul\u00e9m roce. Automobilov\u00fd pr\u016fmysl se tak \u00fasp\u011b\u0161n\u011b bl\u00ed\u017e\u00ed k\u00a0p\u0159edkrizov\u00fdm v\u00fdrobn\u00edm hodnot\u00e1m. V\u00a0samotn\u00e9m \u0159\u00edjnu bylo [&hellip;]","og_url":"https:\/\/autoklastr.cz\/en\/autosap-ceske-automobilky-navysily-vyrobu-2\/","og_site_name":"Autoklastr","article_published_time":"2022-11-22T12:23:38+00:00","article_modified_time":"2022-11-30T16:25:50+00:00","og_image":[{"width":1024,"height":683,"url":"https:\/\/autoklastr.cz\/wp-content\/uploads\/2022\/11\/AutoSAP-Petzl-2020-1024x683-1.jpg","type":"image\/jpeg"}],"author":"adam.priechodsky","twitter_card":"summary_large_image","twitter_misc":{"Written by":"adam.priechodsky","Est. reading time":"4 minutes"},"schema":{"@context":"https:\/\/schema.org","@graph":[{"@type":"WebPage","@id":"https:\/\/autoklastr.cz\/cs\/autosap-ceske-automobilky-navysily-vyrobu-2\/","url":"https:\/\/autoklastr.cz\/cs\/autosap-ceske-automobilky-navysily-vyrobu-2\/","name":"AutoSAP: \u010desk\u00e9 automobilky nav\u00fd\u0161ily v\u00fdrobu","isPartOf":{"@id":"https:\/\/autoklastr.cz\/cs\/#website"},"primaryImageOfPage":{"@id":"https:\/\/autoklastr.cz\/cs\/autosap-ceske-automobilky-navysily-vyrobu-2\/#primaryimage"},"image":{"@id":"https:\/\/autoklastr.cz\/cs\/autosap-ceske-automobilky-navysily-vyrobu-2\/#primaryimage"},"thumbnailUrl":"https:\/\/autoklastr.cz\/wp-content\/uploads\/2022\/11\/AutoSAP-Petzl-2020-1024x683-1.jpg","datePublished":"2022-11-22T12:23:38+00:00","dateModified":"2022-11-30T16:25:50+00:00","author":{"@id":"https:\/\/autoklastr.cz\/cs\/#\/schema\/person\/2ceb72e5fd7e969ea3b11f014ed72896"},"breadcrumb":{"@id":"https:\/\/autoklastr.cz\/cs\/autosap-ceske-automobilky-navysily-vyrobu-2\/#breadcrumb"},"inLanguage":"en-US","potentialAction":[{"@type":"ReadAction","target":["https:\/\/autoklastr.cz\/cs\/autosap-ceske-automobilky-navysily-vyrobu-2\/"]}]},{"@type":"ImageObject","inLanguage":"en-US","@id":"https:\/\/autoklastr.cz\/cs\/autosap-ceske-automobilky-navysily-vyrobu-2\/#primaryimage","url":"https:\/\/autoklastr.cz\/wp-content\/uploads\/2022\/11\/AutoSAP-Petzl-2020-1024x683-1.jpg","contentUrl":"https:\/\/autoklastr.cz\/wp-content\/uploads\/2022\/11\/AutoSAP-Petzl-2020-1024x683-1.jpg","width":1024,"height":683},{"@type":"BreadcrumbList","@id":"https:\/\/autoklastr.cz\/cs\/autosap-ceske-automobilky-navysily-vyrobu-2\/#breadcrumb","itemListElement":[{"@type":"ListItem","position":1,"name":"Dom\u016f","item":"https:\/\/autoklastr.cz\/cs\/"},{"@type":"ListItem","position":2,"name":"AutoSAP: \u010desk\u00e9 automobilky nav\u00fd\u0161ily v\u00fdrobu"}]},{"@type":"WebSite","@id":"https:\/\/autoklastr.cz\/cs\/#website","url":"https:\/\/autoklastr.cz\/cs\/","name":"Autoklastr","description":"Spole\u010dn\u011b pro Automotive!","potentialAction":[{"@type":"SearchAction","target":{"@type":"EntryPoint","urlTemplate":"https:\/\/autoklastr.cz\/cs\/?s={search_term_string}"},"query-input":{"@type":"PropertyValueSpecification","valueRequired":true,"valueName":"search_term_string"}}],"inLanguage":"en-US"},{"@type":"Person","@id":"https:\/\/autoklastr.cz\/cs\/#\/schema\/person\/2ceb72e5fd7e969ea3b11f014ed72896","name":"adam.priechodsky","image":{"@type":"ImageObject","inLanguage":"en-US","@id":"https:\/\/autoklastr.cz\/cs\/#\/schema\/person\/image\/","url":"https:\/\/secure.gravatar.com\/avatar\/d2e6c6214446f55d001681a1366ee5ab?s=96&d=mm&r=g","contentUrl":"https:\/\/secure.gravatar.com\/avatar\/d2e6c6214446f55d001681a1366ee5ab?s=96&d=mm&r=g","caption":"adam.priechodsky"}}]}},"_links":{"self":[{"href":"https:\/\/autoklastr.cz\/en\/wp-json\/wp\/v2\/posts\/21571"}],"collection":[{"href":"https:\/\/autoklastr.cz\/en\/wp-json\/wp\/v2\/posts"}],"about":[{"href":"https:\/\/autoklastr.cz\/en\/wp-json\/wp\/v2\/types\/post"}],"author":[{"embeddable":true,"href":"https:\/\/autoklastr.cz\/en\/wp-json\/wp\/v2\/users\/4"}],"replies":[{"embeddable":true,"href":"https:\/\/autoklastr.cz\/en\/wp-json\/wp\/v2\/comments?post=21571"}],"version-history":[{"count":2,"href":"https:\/\/autoklastr.cz\/en\/wp-json\/wp\/v2\/posts\/21571\/revisions"}],"predecessor-version":[{"id":21611,"href":"https:\/\/autoklastr.cz\/en\/wp-json\/wp\/v2\/posts\/21571\/revisions\/21611"}],"wp:featuredmedia":[{"embeddable":true,"href":"https:\/\/autoklastr.cz\/en\/wp-json\/wp\/v2\/media\/21572"}],"wp:attachment":[{"href":"https:\/\/autoklastr.cz\/en\/wp-json\/wp\/v2\/media?parent=21571"}],"wp:term":[{"taxonomy":"category","embeddable":true,"href":"https:\/\/autoklastr.cz\/en\/wp-json\/wp\/v2\/categories?post=21571"},{"taxonomy":"post_tag","embeddable":true,"href":"https:\/\/autoklastr.cz\/en\/wp-json\/wp\/v2\/tags?post=21571"},{"taxonomy":"kategorie_prispevku","embeddable":true,"href":"https:\/\/autoklastr.cz\/en\/wp-json\/wp\/v2\/kategorie_prispevku?post=21571"}],"curies":[{"name":"wp","href":"https:\/\/api.w.org\/{rel}","templated":true}]}}