{"id":21029,"date":"2022-09-14T15:14:14","date_gmt":"2022-09-14T13:14:14","guid":{"rendered":"https:\/\/autoklastr.cz\/cs\/?p=21029"},"modified":"2022-09-14T22:18:23","modified_gmt":"2022-09-14T20:18:23","slug":"bmw-chysta-dily-z-recyklovanych-rybarskych-siti","status":"publish","type":"post","link":"https:\/\/autoklastr.cz\/en\/bmw-chysta-dily-z-recyklovanych-rybarskych-siti\/","title":{"rendered":"BMW chyst\u00e1 d\u00edly z recyklovan\u00fdch ryb\u00e1\u0159sk\u00fdch s\u00edt\u00ed"},"content":{"rendered":"<p style=\"text-align: justify;\"><strong>Poprv\u00e9 v automobilov\u00e9m pr\u016fmyslu budou modely Neue Klasse, jejich\u017e uveden\u00ed na trh je napl\u00e1novan\u00e9 na rok 2025, vybaveny plastov\u00fdmi d\u00edly, kter\u00e9 jsou z p\u0159ibli\u017en\u011b 30 % vyrobeny z recyklovan\u00fdch ryb\u00e1\u0159sk\u00fdch s\u00edt\u00ed a lan. Tyto suroviny jsou z\u00edsk\u00e1v\u00e1ny v p\u0159\u00edstavech po cel\u00e9m sv\u011bt\u011b, p\u0159i\u010dem\u017e c\u00edlem je zajistit, \u017ee neskon\u010d\u00ed v mo\u0159i.<\/strong><span id=\"more-154788\"><\/span><\/p>\n<p style=\"text-align: justify;\">V r\u00e1mci recykla\u010dn\u00edho procesu se odpadn\u00ed materi\u00e1l z n\u00e1mo\u0159n\u00edho pr\u016fmyslu bude pou\u017e\u00edvat k v\u00fdrob\u011b d\u00edl\u016f vhodn\u00fdch pro exteri\u00e9r a interi\u00e9r budouc\u00edch vozidel. V\u00fdsledn\u00e9 komponenty budou m\u00edt p\u0159ibli\u017en\u011b o 25 % ni\u017e\u0161\u00ed uhl\u00edkovou stopu ne\u017e jejich prot\u011bj\u0161ky vyroben\u00e9 z konven\u010dn\u011b produkovan\u00fdch plast\u016f.<\/p>\n<h5 style=\"text-align: justify;\"><strong>\u0160et\u0159\u00ed zdroje, sni\u017euje uhl\u00edkovou stopu a zm\u00edr\u0148uje zne\u010di\u0161t\u011bn\u00ed oce\u00e1n\u016f.<\/strong><\/h5>\n<p style=\"text-align: justify;\">BMW Group pracuje s r\u016fzn\u00fdmi p\u0159\u00edstupy k vyu\u017eit\u00ed plastov\u00e9ho odpadu z n\u00e1mo\u0159n\u00edho pr\u016fmyslu jako surovin pro v\u00fdrobu d\u00edl\u016f sv\u00fdch vozidel s c\u00edlem \u0161et\u0159it cenn\u00e9 zdroje a sn\u00ed\u017eit emise CO<sub>2<\/sub>. Tato forma recyklace umo\u017e\u0148uje omezit pot\u0159ebu prim\u00e1rn\u00edch plast\u016f na b\u00e1zi ropy a z\u00e1rove\u0148 zm\u00edrnit zne\u010di\u0161t\u011bn\u00ed oce\u00e1n\u016f.<\/p>\n<p style=\"text-align: justify;\">Recyklovan\u00fd nylonov\u00fd odpad tvo\u0159\u00ed z\u00e1klad syntetick\u00e9 p\u0159\u00edze, z n\u00ed\u017e jsou vyrobeny nap\u0159\u00edklad podlahov\u00e9 koberce v BMW iX a nov\u00e9m BMW X1. Tento materi\u00e1l, zn\u00e1m\u00fd jako ECONYL, se vyr\u00e1b\u00ed z vy\u0159azen\u00fdch ryb\u00e1\u0159sk\u00fdch s\u00edt\u00ed, ale i\u00a0z\u00a0opot\u0159ebovan\u00fdch podlahov\u00fdch krytin a zbytkov\u00e9ho odpadu z v\u00fdroby plast\u016f.<\/p>\n<h5 style=\"text-align: justify;\"><strong>Plastov\u00fd odpad z mo\u0159e pou\u017eit\u00fd k v\u00fdrob\u011b viditeln\u00fdch d\u00edl\u016f.<\/strong><\/h5>\n<p style=\"text-align: justify;\">V r\u00e1mci nov\u00e9 iniciativy vyvinut\u00e9 ve spolupr\u00e1ci s d\u00e1nskou spole\u010dnost\u00ed PLASTIX se BMW Group posunula v recyklaci n\u00e1mo\u0159n\u00edho plastov\u00e9ho odpadu o krok d\u00e1le. Ryb\u00e1\u0159sk\u00e9 s\u00edt\u011b a lana proch\u00e1zej\u00ed po separaci inovativn\u00edm procesem, p\u0159i kter\u00e9m vznikaj\u00ed plastov\u00e9 granule. Zat\u00edmco dosud se recyklovan\u00fd n\u00e1mo\u0159n\u00ed plast pou\u017e\u00edval v automobilov\u00e9m pr\u016fmyslu pro r\u016fzn\u00e9 komponenty pouze ve form\u011b vl\u00e1ken, nyn\u00ed je tento recyklovan\u00fd materi\u00e1l poprv\u00e9 vhodn\u00fd i pro tvarov\u00e1n\u00ed plast\u016f. Surovina pro komponenty vyr\u00e1b\u011bn\u00e9 t\u00edmto zp\u016fsobem se m\u016f\u017ee skl\u00e1dat z\u00a0p\u0159ibli\u017en\u011b 30 % z odpadu poch\u00e1zej\u00edc\u00edho z n\u00e1mo\u0159n\u00edho pr\u016fmyslu<\/p>\n<p style=\"text-align: justify;\">T\u00edm vznikaj\u00ed dal\u0161\u00ed mo\u017enosti vyu\u017eit\u00ed recyklovan\u00fdch plast\u016f. Komponenty vyr\u00e1b\u011bn\u00e9 vst\u0159ikov\u00e1n\u00edm jsou d\u00edly oblo\u017een\u00ed, kter\u00e9 se budou od roku 2025 pou\u017e\u00edvat jak ve skryt\u00fdch, tak ve viditeln\u00fdch \u010d\u00e1stech exteri\u00e9ru a interi\u00e9ru model\u016f Neue Klasse. Celkov\u011b si BMW Group stanovila c\u00edl zv\u00fd\u0161it do roku 2030 pr\u016fm\u011brn\u00fd pod\u00edl druhotn\u00fdch materi\u00e1l\u016f v termoplastech pou\u017e\u00edvan\u00fdch v nov\u00fdch vozech ze sou\u010dasn\u00fdch p\u0159ibli\u017en\u011b 20 na 40 %.<\/p>\n<p>&nbsp;<\/p>\n<p>Zdroj: automakers.cz<\/p>\n","protected":false},"excerpt":{"rendered":"<p>Poprv\u00e9 v automobilov\u00e9m pr\u016fmyslu budou modely Neue Klasse, jejich\u017e uveden\u00ed na trh je napl\u00e1novan\u00e9 na rok 2025, vybaveny plastov\u00fdmi d\u00edly, kter\u00e9 jsou z p\u0159ibli\u017en\u011b 30 % vyrobeny z recyklovan\u00fdch ryb\u00e1\u0159sk\u00fdch s\u00edt\u00ed a lan. Tyto suroviny jsou z\u00edsk\u00e1v\u00e1ny v p\u0159\u00edstavech po cel\u00e9m sv\u011bt\u011b, p\u0159i\u010dem\u017e c\u00edlem je zajistit, \u017ee neskon\u010d\u00ed v mo\u0159i. V r\u00e1mci recykla\u010dn\u00edho procesu se [&hellip;]<\/p>\n","protected":false},"author":81,"featured_media":21030,"comment_status":"open","ping_status":"open","sticky":false,"template":"","format":"standard","meta":{"_acf_changed":false,"inline_featured_image":false,"footnotes":""},"categories":[1],"tags":[],"kategorie_prispevku":[],"acf":[],"yoast_head":"<!-- This site is optimized with the Yoast SEO plugin v24.5 - https:\/\/yoast.com\/wordpress\/plugins\/seo\/ -->\n<title>BMW chyst\u00e1 d\u00edly z recyklovan\u00fdch ryb\u00e1\u0159sk\u00fdch s\u00edt\u00ed | Autoklastr<\/title>\n<meta name=\"robots\" content=\"index, follow, max-snippet:-1, max-image-preview:large, max-video-preview:-1\" \/>\n<link rel=\"canonical\" href=\"https:\/\/autoklastr.cz\/cs\/bmw-chysta-dily-z-recyklovanych-rybarskych-siti\/\" \/>\n<meta property=\"og:locale\" content=\"en_US\" \/>\n<meta property=\"og:locale:alternate\" content=\"cs_CZ\" \/>\n<meta property=\"og:type\" content=\"article\" \/>\n<meta property=\"og:title\" content=\"BMW chyst\u00e1 d\u00edly z recyklovan\u00fdch ryb\u00e1\u0159sk\u00fdch s\u00edt\u00ed\" \/>\n<meta property=\"og:description\" content=\"Poprv\u00e9 v automobilov\u00e9m pr\u016fmyslu budou modely Neue Klasse, jejich\u017e uveden\u00ed na trh je napl\u00e1novan\u00e9 na rok 2025, vybaveny plastov\u00fdmi d\u00edly, kter\u00e9 jsou z p\u0159ibli\u017en\u011b 30 % vyrobeny z recyklovan\u00fdch ryb\u00e1\u0159sk\u00fdch s\u00edt\u00ed a lan. Tyto suroviny jsou z\u00edsk\u00e1v\u00e1ny v p\u0159\u00edstavech po cel\u00e9m sv\u011bt\u011b, p\u0159i\u010dem\u017e c\u00edlem je zajistit, \u017ee neskon\u010d\u00ed v mo\u0159i. V r\u00e1mci recykla\u010dn\u00edho procesu se [&hellip;]\" \/>\n<meta property=\"og:url\" content=\"https:\/\/autoklastr.cz\/en\/bmw-chysta-dily-z-recyklovanych-rybarskych-siti\/\" \/>\n<meta property=\"og:site_name\" content=\"Autoklastr\" \/>\n<meta property=\"article:published_time\" content=\"2022-09-14T13:14:14+00:00\" \/>\n<meta property=\"article:modified_time\" content=\"2022-09-14T20:18:23+00:00\" \/>\n<meta property=\"og:image\" content=\"https:\/\/autoklastr.cz\/wp-content\/uploads\/2022\/09\/BMW-rybarske-site-1024x682-1.jpg\" \/>\n\t<meta property=\"og:image:width\" content=\"1024\" \/>\n\t<meta property=\"og:image:height\" content=\"682\" \/>\n\t<meta property=\"og:image:type\" content=\"image\/jpeg\" \/>\n<meta name=\"author\" content=\"Karel B\u0159emek\" \/>\n<meta name=\"twitter:card\" content=\"summary_large_image\" \/>\n<meta name=\"twitter:label1\" content=\"Written by\" \/>\n\t<meta name=\"twitter:data1\" content=\"Karel B\u0159emek\" \/>\n\t<meta name=\"twitter:label2\" content=\"Est. reading time\" \/>\n\t<meta name=\"twitter:data2\" content=\"2 minutes\" \/>\n<script type=\"application\/ld+json\" class=\"yoast-schema-graph\">{\"@context\":\"https:\/\/schema.org\",\"@graph\":[{\"@type\":\"WebPage\",\"@id\":\"https:\/\/autoklastr.cz\/cs\/bmw-chysta-dily-z-recyklovanych-rybarskych-siti\/\",\"url\":\"https:\/\/autoklastr.cz\/cs\/bmw-chysta-dily-z-recyklovanych-rybarskych-siti\/\",\"name\":\"BMW chyst\u00e1 d\u00edly z recyklovan\u00fdch ryb\u00e1\u0159sk\u00fdch s\u00edt\u00ed\",\"isPartOf\":{\"@id\":\"https:\/\/autoklastr.cz\/cs\/#website\"},\"primaryImageOfPage\":{\"@id\":\"https:\/\/autoklastr.cz\/cs\/bmw-chysta-dily-z-recyklovanych-rybarskych-siti\/#primaryimage\"},\"image\":{\"@id\":\"https:\/\/autoklastr.cz\/cs\/bmw-chysta-dily-z-recyklovanych-rybarskych-siti\/#primaryimage\"},\"thumbnailUrl\":\"https:\/\/autoklastr.cz\/wp-content\/uploads\/2022\/09\/BMW-rybarske-site-1024x682-1.jpg\",\"datePublished\":\"2022-09-14T13:14:14+00:00\",\"dateModified\":\"2022-09-14T20:18:23+00:00\",\"author\":{\"@id\":\"https:\/\/autoklastr.cz\/cs\/#\/schema\/person\/51de917140dff28ece1c759a7579ba79\"},\"breadcrumb\":{\"@id\":\"https:\/\/autoklastr.cz\/cs\/bmw-chysta-dily-z-recyklovanych-rybarskych-siti\/#breadcrumb\"},\"inLanguage\":\"en-US\",\"potentialAction\":[{\"@type\":\"ReadAction\",\"target\":[\"https:\/\/autoklastr.cz\/cs\/bmw-chysta-dily-z-recyklovanych-rybarskych-siti\/\"]}]},{\"@type\":\"ImageObject\",\"inLanguage\":\"en-US\",\"@id\":\"https:\/\/autoklastr.cz\/cs\/bmw-chysta-dily-z-recyklovanych-rybarskych-siti\/#primaryimage\",\"url\":\"https:\/\/autoklastr.cz\/wp-content\/uploads\/2022\/09\/BMW-rybarske-site-1024x682-1.jpg\",\"contentUrl\":\"https:\/\/autoklastr.cz\/wp-content\/uploads\/2022\/09\/BMW-rybarske-site-1024x682-1.jpg\",\"width\":1024,\"height\":682},{\"@type\":\"BreadcrumbList\",\"@id\":\"https:\/\/autoklastr.cz\/cs\/bmw-chysta-dily-z-recyklovanych-rybarskych-siti\/#breadcrumb\",\"itemListElement\":[{\"@type\":\"ListItem\",\"position\":1,\"name\":\"Dom\u016f\",\"item\":\"https:\/\/autoklastr.cz\/cs\/\"},{\"@type\":\"ListItem\",\"position\":2,\"name\":\"BMW chyst\u00e1 d\u00edly z recyklovan\u00fdch ryb\u00e1\u0159sk\u00fdch s\u00edt\u00ed\"}]},{\"@type\":\"WebSite\",\"@id\":\"https:\/\/autoklastr.cz\/cs\/#website\",\"url\":\"https:\/\/autoklastr.cz\/cs\/\",\"name\":\"Autoklastr\",\"description\":\"Spole\u010dn\u011b pro Automotive!\",\"potentialAction\":[{\"@type\":\"SearchAction\",\"target\":{\"@type\":\"EntryPoint\",\"urlTemplate\":\"https:\/\/autoklastr.cz\/cs\/?s={search_term_string}\"},\"query-input\":{\"@type\":\"PropertyValueSpecification\",\"valueRequired\":true,\"valueName\":\"search_term_string\"}}],\"inLanguage\":\"en-US\"},{\"@type\":\"Person\",\"@id\":\"https:\/\/autoklastr.cz\/cs\/#\/schema\/person\/51de917140dff28ece1c759a7579ba79\",\"name\":\"Karel B\u0159emek\",\"image\":{\"@type\":\"ImageObject\",\"inLanguage\":\"en-US\",\"@id\":\"https:\/\/autoklastr.cz\/cs\/#\/schema\/person\/image\/\",\"url\":\"https:\/\/secure.gravatar.com\/avatar\/ba59bb4aee7dc631079170762e66e8c6?s=96&d=mm&r=g\",\"contentUrl\":\"https:\/\/secure.gravatar.com\/avatar\/ba59bb4aee7dc631079170762e66e8c6?s=96&d=mm&r=g\",\"caption\":\"Karel B\u0159emek\"}}]}<\/script>\n<!-- \/ Yoast SEO plugin. -->","yoast_head_json":{"title":"BMW chyst\u00e1 d\u00edly z recyklovan\u00fdch ryb\u00e1\u0159sk\u00fdch s\u00edt\u00ed | Autoklastr","robots":{"index":"index","follow":"follow","max-snippet":"max-snippet:-1","max-image-preview":"max-image-preview:large","max-video-preview":"max-video-preview:-1"},"canonical":"https:\/\/autoklastr.cz\/cs\/bmw-chysta-dily-z-recyklovanych-rybarskych-siti\/","og_locale":"en_US","og_type":"article","og_title":"[:cs]BMW chyst\u00e1 d\u00edly z recyklovan\u00fdch ryb\u00e1\u0159sk\u00fdch s\u00edt\u00ed[:] | Autoklastr","og_description":"Poprv\u00e9 v automobilov\u00e9m pr\u016fmyslu budou modely Neue Klasse, jejich\u017e uveden\u00ed na trh je napl\u00e1novan\u00e9 na rok 2025, vybaveny plastov\u00fdmi d\u00edly, kter\u00e9 jsou z p\u0159ibli\u017en\u011b 30 % vyrobeny z recyklovan\u00fdch ryb\u00e1\u0159sk\u00fdch s\u00edt\u00ed a lan. Tyto suroviny jsou z\u00edsk\u00e1v\u00e1ny v p\u0159\u00edstavech po cel\u00e9m sv\u011bt\u011b, p\u0159i\u010dem\u017e c\u00edlem je zajistit, \u017ee neskon\u010d\u00ed v mo\u0159i. V r\u00e1mci recykla\u010dn\u00edho procesu se [&hellip;]","og_url":"https:\/\/autoklastr.cz\/en\/bmw-chysta-dily-z-recyklovanych-rybarskych-siti\/","og_site_name":"Autoklastr","article_published_time":"2022-09-14T13:14:14+00:00","article_modified_time":"2022-09-14T20:18:23+00:00","og_image":[{"width":1024,"height":682,"url":"https:\/\/autoklastr.cz\/wp-content\/uploads\/2022\/09\/BMW-rybarske-site-1024x682-1.jpg","type":"image\/jpeg"}],"author":"Karel B\u0159emek","twitter_card":"summary_large_image","twitter_misc":{"Written by":"Karel B\u0159emek","Est. reading time":"2 minutes"},"schema":{"@context":"https:\/\/schema.org","@graph":[{"@type":"WebPage","@id":"https:\/\/autoklastr.cz\/cs\/bmw-chysta-dily-z-recyklovanych-rybarskych-siti\/","url":"https:\/\/autoklastr.cz\/cs\/bmw-chysta-dily-z-recyklovanych-rybarskych-siti\/","name":"BMW chyst\u00e1 d\u00edly z recyklovan\u00fdch ryb\u00e1\u0159sk\u00fdch s\u00edt\u00ed","isPartOf":{"@id":"https:\/\/autoklastr.cz\/cs\/#website"},"primaryImageOfPage":{"@id":"https:\/\/autoklastr.cz\/cs\/bmw-chysta-dily-z-recyklovanych-rybarskych-siti\/#primaryimage"},"image":{"@id":"https:\/\/autoklastr.cz\/cs\/bmw-chysta-dily-z-recyklovanych-rybarskych-siti\/#primaryimage"},"thumbnailUrl":"https:\/\/autoklastr.cz\/wp-content\/uploads\/2022\/09\/BMW-rybarske-site-1024x682-1.jpg","datePublished":"2022-09-14T13:14:14+00:00","dateModified":"2022-09-14T20:18:23+00:00","author":{"@id":"https:\/\/autoklastr.cz\/cs\/#\/schema\/person\/51de917140dff28ece1c759a7579ba79"},"breadcrumb":{"@id":"https:\/\/autoklastr.cz\/cs\/bmw-chysta-dily-z-recyklovanych-rybarskych-siti\/#breadcrumb"},"inLanguage":"en-US","potentialAction":[{"@type":"ReadAction","target":["https:\/\/autoklastr.cz\/cs\/bmw-chysta-dily-z-recyklovanych-rybarskych-siti\/"]}]},{"@type":"ImageObject","inLanguage":"en-US","@id":"https:\/\/autoklastr.cz\/cs\/bmw-chysta-dily-z-recyklovanych-rybarskych-siti\/#primaryimage","url":"https:\/\/autoklastr.cz\/wp-content\/uploads\/2022\/09\/BMW-rybarske-site-1024x682-1.jpg","contentUrl":"https:\/\/autoklastr.cz\/wp-content\/uploads\/2022\/09\/BMW-rybarske-site-1024x682-1.jpg","width":1024,"height":682},{"@type":"BreadcrumbList","@id":"https:\/\/autoklastr.cz\/cs\/bmw-chysta-dily-z-recyklovanych-rybarskych-siti\/#breadcrumb","itemListElement":[{"@type":"ListItem","position":1,"name":"Dom\u016f","item":"https:\/\/autoklastr.cz\/cs\/"},{"@type":"ListItem","position":2,"name":"BMW chyst\u00e1 d\u00edly z recyklovan\u00fdch ryb\u00e1\u0159sk\u00fdch s\u00edt\u00ed"}]},{"@type":"WebSite","@id":"https:\/\/autoklastr.cz\/cs\/#website","url":"https:\/\/autoklastr.cz\/cs\/","name":"Autoklastr","description":"Spole\u010dn\u011b pro Automotive!","potentialAction":[{"@type":"SearchAction","target":{"@type":"EntryPoint","urlTemplate":"https:\/\/autoklastr.cz\/cs\/?s={search_term_string}"},"query-input":{"@type":"PropertyValueSpecification","valueRequired":true,"valueName":"search_term_string"}}],"inLanguage":"en-US"},{"@type":"Person","@id":"https:\/\/autoklastr.cz\/cs\/#\/schema\/person\/51de917140dff28ece1c759a7579ba79","name":"Karel B\u0159emek","image":{"@type":"ImageObject","inLanguage":"en-US","@id":"https:\/\/autoklastr.cz\/cs\/#\/schema\/person\/image\/","url":"https:\/\/secure.gravatar.com\/avatar\/ba59bb4aee7dc631079170762e66e8c6?s=96&d=mm&r=g","contentUrl":"https:\/\/secure.gravatar.com\/avatar\/ba59bb4aee7dc631079170762e66e8c6?s=96&d=mm&r=g","caption":"Karel B\u0159emek"}}]}},"_links":{"self":[{"href":"https:\/\/autoklastr.cz\/en\/wp-json\/wp\/v2\/posts\/21029"}],"collection":[{"href":"https:\/\/autoklastr.cz\/en\/wp-json\/wp\/v2\/posts"}],"about":[{"href":"https:\/\/autoklastr.cz\/en\/wp-json\/wp\/v2\/types\/post"}],"author":[{"embeddable":true,"href":"https:\/\/autoklastr.cz\/en\/wp-json\/wp\/v2\/users\/81"}],"replies":[{"embeddable":true,"href":"https:\/\/autoklastr.cz\/en\/wp-json\/wp\/v2\/comments?post=21029"}],"version-history":[{"count":1,"href":"https:\/\/autoklastr.cz\/en\/wp-json\/wp\/v2\/posts\/21029\/revisions"}],"predecessor-version":[{"id":21031,"href":"https:\/\/autoklastr.cz\/en\/wp-json\/wp\/v2\/posts\/21029\/revisions\/21031"}],"wp:featuredmedia":[{"embeddable":true,"href":"https:\/\/autoklastr.cz\/en\/wp-json\/wp\/v2\/media\/21030"}],"wp:attachment":[{"href":"https:\/\/autoklastr.cz\/en\/wp-json\/wp\/v2\/media?parent=21029"}],"wp:term":[{"taxonomy":"category","embeddable":true,"href":"https:\/\/autoklastr.cz\/en\/wp-json\/wp\/v2\/categories?post=21029"},{"taxonomy":"post_tag","embeddable":true,"href":"https:\/\/autoklastr.cz\/en\/wp-json\/wp\/v2\/tags?post=21029"},{"taxonomy":"kategorie_prispevku","embeddable":true,"href":"https:\/\/autoklastr.cz\/en\/wp-json\/wp\/v2\/kategorie_prispevku?post=21029"}],"curies":[{"name":"wp","href":"https:\/\/api.w.org\/{rel}","templated":true}]}}