{"id":20497,"date":"2022-05-12T10:23:10","date_gmt":"2022-05-12T08:23:10","guid":{"rendered":"https:\/\/autoklastr.cz\/cs\/?p=20497"},"modified":"2022-05-20T10:24:43","modified_gmt":"2022-05-20T08:24:43","slug":"veletrh-amper-se-vraci-do-brna","status":"publish","type":"post","link":"https:\/\/autoklastr.cz\/en\/veletrh-amper-se-vraci-do-brna\/","title":{"rendered":"Veletrh AMPER se vrac\u00ed do Brna"},"content":{"rendered":"<p style=\"text-align: justify;\"><strong>Po dvou\u00adle\u00adt\u00e9 ko\u00advi\u00addo\u00adv\u00e9 p\u0159e\u00adst\u00e1v\u00adce se na br\u00adn\u011bn\u00adsk\u00e9 v\u00fd\u00adsta\u00advi\u0161\u00adt\u011b vrac\u00ed ve\u00adletrh AMPER, kter\u00fd se kon\u00e1 ve dnech 17. a\u017e 20. kv\u011bt\u00adna. Po\u00ad\u0159a\u00adda\u00adtel Te\u00adrin\u00advest hl\u00e1s\u00ed p\u0159i\u00adhl\u00e1\u00ad\u0161e\u00adn\u00ed 570 vy\u00adsta\u00advu\u00adj\u00ed\u00adc\u00edch firem. Mezi nimi na\u00adjde\u00adme spo\u00adle\u010d\u00adnos\u00adti jako Axiom Tech, CAD\u00adware, Eplan En\u00adgi\u00adnee\u00adring, Softmar\u00adket nebo Tech\u00adno\u00addat Elek\u00adtro z ob\u00adlas\u00adti CAD soft\u00adwa\u00adru.<\/strong><span id=\"more-151690\"><\/span><\/p>\n<p style=\"text-align: justify;\">Trade Media In\u00adter\u00adnati\u00ado\u00adnal p\u0159i\u00adpra\u00advila tzv. Amper Tour 2022, kter\u00e1 pro\u00adb\u00ed\u00adh\u00e1 b\u011bhem ve\u00adletr\u00adhu v ter\u00adm\u00ed\u00adnu 17. \u2013 20. kv\u011bt\u00adna (\u00fater\u00fd \u2013 p\u00e1tek) v\u017edy od 10:00 a 13:00 hod., v p\u00e1tek pouze od 10 hod.<\/p>\n<p style=\"text-align: justify;\">Ko\u00admen\u00adto\u00adva\u00adn\u00e9 pro\u00adhl\u00edd\u00adky Amper Tour se budou v\u011b\u00adno\u00advat t\u00e9\u00adma\u00adtu \u201emo\u00adder\u00adn\u00ed tech\u00adno\u00adlo\u00adgie pro fle\u00adxi\u00adbil\u00adn\u00ed v\u00fd\u00adro\u00adbu\u201c. B\u011bhem 2 hodin z\u00eds\u00adka\u00adj\u00ed \u00fa\u010dast\u00adn\u00ed\u00adci uce\u00adle\u00adn\u00e9 in\u00adfor\u00adma\u00adce od vy\u00adbra\u00adn\u00fdch vy\u00adsta\u00advo\u00adva\u00adte\u00adl\u016f na to, co je sku\u00adte\u010d\u00adn\u011b za\u00adj\u00ed\u00adm\u00e1.<\/p>\n<p style=\"text-align: justify;\">V r\u00e1mci 28. ro\u010d\u00adn\u00ed\u00adku me\u00adzi\u00adn\u00e1\u00adrod\u00adn\u00ed\u00adho ve\u00adletr\u00adhu AMPER pro\u00adb\u011bh\u00adne tra\u00addi\u010d\u00adn\u00ed sou\u00adt\u011b\u017e o nej\u00adp\u0159\u00ed\u00adnos\u00adn\u011bj\u00ad\u0161\u00ed ex\u00adpo\u00adn\u00e1t ve\u00adletr\u00adhu \u2013 ZLAT\u00dd AMPER 2022. Slav\u00adnost\u00adn\u00ed vy\u00adhl\u00e1\u00ad\u0161e\u00adn\u00ed v\u00fd\u00adsled\u00adk\u016f se usku\u00adte\u010d\u00adn\u00ed 17. 5. 2022 od 17:30 hod. v kon\u00adfe\u00adren\u010d\u00adn\u00edm s\u00e1le P1 na V\u00fd\u00adsta\u00advi\u0161\u00adti Brno.<\/p>\n<p><img loading=\"lazy\" decoding=\"async\" class=\"size-large wp-image-40825 aligncenter\" src=\"https:\/\/www.automakers.cz\/wp-content\/uploads\/2012\/09\/Ampera-e-Motion-Start-2R1-1024x723.jpg\" sizes=\"(max-width: 1024px) 100vw, 1024px\" srcset=\"https:\/\/www.automakers.cz\/wp-content\/uploads\/2012\/09\/Ampera-e-Motion-Start-2R1-1024x723.jpg 1024w, https:\/\/www.automakers.cz\/wp-content\/uploads\/2012\/09\/Ampera-e-Motion-Start-2R1-282x200.jpg 282w, https:\/\/www.automakers.cz\/wp-content\/uploads\/2012\/09\/Ampera-e-Motion-Start-2R1-460x325.jpg 460w, https:\/\/www.automakers.cz\/wp-content\/uploads\/2012\/09\/Ampera-e-Motion-Start-2R1-480x339.jpg 480w, https:\/\/www.automakers.cz\/wp-content\/uploads\/2012\/09\/Ampera-e-Motion-Start-2R1-180x127.jpg 180w\" alt=\"\" width=\"1024\" height=\"723\" \/><\/p>\n<p>&nbsp;<\/p>\n<p>Zdroj: automakers.cz<\/p>\n","protected":false},"excerpt":{"rendered":"<p>Po dvou\u00adle\u00adt\u00e9 ko\u00advi\u00addo\u00adv\u00e9 p\u0159e\u00adst\u00e1v\u00adce se na br\u00adn\u011bn\u00adsk\u00e9 v\u00fd\u00adsta\u00advi\u0161\u00adt\u011b vrac\u00ed ve\u00adletrh AMPER, kter\u00fd se kon\u00e1 ve dnech 17. a\u017e 20. kv\u011bt\u00adna. Po\u00ad\u0159a\u00adda\u00adtel Te\u00adrin\u00advest hl\u00e1s\u00ed p\u0159i\u00adhl\u00e1\u00ad\u0161e\u00adn\u00ed 570 vy\u00adsta\u00advu\u00adj\u00ed\u00adc\u00edch firem. Mezi nimi na\u00adjde\u00adme spo\u00adle\u010d\u00adnos\u00adti jako Axiom Tech, CAD\u00adware, Eplan En\u00adgi\u00adnee\u00adring, Softmar\u00adket nebo Tech\u00adno\u00addat Elek\u00adtro z ob\u00adlas\u00adti CAD soft\u00adwa\u00adru. Trade Media In\u00adter\u00adnati\u00ado\u00adnal p\u0159i\u00adpra\u00advila tzv. Amper Tour 2022, kter\u00e1 pro\u00adb\u00ed\u00adh\u00e1 [&hellip;]<\/p>\n","protected":false},"author":81,"featured_media":20498,"comment_status":"open","ping_status":"open","sticky":false,"template":"","format":"standard","meta":{"_acf_changed":false,"inline_featured_image":false,"footnotes":""},"categories":[1],"tags":[],"kategorie_prispevku":[],"acf":[],"yoast_head":"<!-- This site is optimized with the Yoast SEO plugin v24.5 - https:\/\/yoast.com\/wordpress\/plugins\/seo\/ -->\n<title>Veletrh AMPER se vrac\u00ed do Brna | Autoklastr<\/title>\n<meta name=\"robots\" content=\"index, follow, max-snippet:-1, max-image-preview:large, max-video-preview:-1\" \/>\n<link rel=\"canonical\" href=\"https:\/\/autoklastr.cz\/cs\/veletrh-amper-se-vraci-do-brna\/\" \/>\n<meta property=\"og:locale\" content=\"en_US\" \/>\n<meta property=\"og:locale:alternate\" content=\"cs_CZ\" \/>\n<meta property=\"og:type\" content=\"article\" \/>\n<meta property=\"og:title\" content=\"Veletrh AMPER se vrac\u00ed do Brna\" \/>\n<meta property=\"og:description\" content=\"Po dvou\u00adle\u00adt\u00e9 ko\u00advi\u00addo\u00adv\u00e9 p\u0159e\u00adst\u00e1v\u00adce se na br\u00adn\u011bn\u00adsk\u00e9 v\u00fd\u00adsta\u00advi\u0161\u00adt\u011b vrac\u00ed ve\u00adletrh AMPER, kter\u00fd se kon\u00e1 ve dnech 17. a\u017e 20. kv\u011bt\u00adna. Po\u00ad\u0159a\u00adda\u00adtel Te\u00adrin\u00advest hl\u00e1s\u00ed p\u0159i\u00adhl\u00e1\u00ad\u0161e\u00adn\u00ed 570 vy\u00adsta\u00advu\u00adj\u00ed\u00adc\u00edch firem. Mezi nimi na\u00adjde\u00adme spo\u00adle\u010d\u00adnos\u00adti jako Axiom Tech, CAD\u00adware, Eplan En\u00adgi\u00adnee\u00adring, Softmar\u00adket nebo Tech\u00adno\u00addat Elek\u00adtro z ob\u00adlas\u00adti CAD soft\u00adwa\u00adru. Trade Media In\u00adter\u00adnati\u00ado\u00adnal p\u0159i\u00adpra\u00advila tzv. Amper Tour 2022, kter\u00e1 pro\u00adb\u00ed\u00adh\u00e1 [&hellip;]\" \/>\n<meta property=\"og:url\" content=\"https:\/\/autoklastr.cz\/en\/veletrh-amper-se-vraci-do-brna\/\" \/>\n<meta property=\"og:site_name\" content=\"Autoklastr\" \/>\n<meta property=\"article:published_time\" content=\"2022-05-12T08:23:10+00:00\" \/>\n<meta property=\"article:modified_time\" content=\"2022-05-20T08:24:43+00:00\" \/>\n<meta property=\"og:image\" content=\"https:\/\/autoklastr.cz\/wp-content\/uploads\/2022\/05\/bvv_vystaviste-1024x682-1.jpg\" \/>\n\t<meta property=\"og:image:width\" content=\"1024\" \/>\n\t<meta property=\"og:image:height\" content=\"682\" \/>\n\t<meta property=\"og:image:type\" content=\"image\/jpeg\" \/>\n<meta name=\"author\" content=\"Karel B\u0159emek\" \/>\n<meta name=\"twitter:card\" content=\"summary_large_image\" \/>\n<meta name=\"twitter:label1\" content=\"Written by\" \/>\n\t<meta name=\"twitter:data1\" content=\"Karel B\u0159emek\" \/>\n\t<meta name=\"twitter:label2\" content=\"Est. reading time\" \/>\n\t<meta name=\"twitter:data2\" content=\"1 minute\" \/>\n<script type=\"application\/ld+json\" class=\"yoast-schema-graph\">{\"@context\":\"https:\/\/schema.org\",\"@graph\":[{\"@type\":\"WebPage\",\"@id\":\"https:\/\/autoklastr.cz\/cs\/veletrh-amper-se-vraci-do-brna\/\",\"url\":\"https:\/\/autoklastr.cz\/cs\/veletrh-amper-se-vraci-do-brna\/\",\"name\":\"Veletrh AMPER se vrac\u00ed do Brna\",\"isPartOf\":{\"@id\":\"https:\/\/autoklastr.cz\/cs\/#website\"},\"primaryImageOfPage\":{\"@id\":\"https:\/\/autoklastr.cz\/cs\/veletrh-amper-se-vraci-do-brna\/#primaryimage\"},\"image\":{\"@id\":\"https:\/\/autoklastr.cz\/cs\/veletrh-amper-se-vraci-do-brna\/#primaryimage\"},\"thumbnailUrl\":\"https:\/\/autoklastr.cz\/wp-content\/uploads\/2022\/05\/bvv_vystaviste-1024x682-1.jpg\",\"datePublished\":\"2022-05-12T08:23:10+00:00\",\"dateModified\":\"2022-05-20T08:24:43+00:00\",\"author\":{\"@id\":\"https:\/\/autoklastr.cz\/cs\/#\/schema\/person\/51de917140dff28ece1c759a7579ba79\"},\"breadcrumb\":{\"@id\":\"https:\/\/autoklastr.cz\/cs\/veletrh-amper-se-vraci-do-brna\/#breadcrumb\"},\"inLanguage\":\"en-US\",\"potentialAction\":[{\"@type\":\"ReadAction\",\"target\":[\"https:\/\/autoklastr.cz\/cs\/veletrh-amper-se-vraci-do-brna\/\"]}]},{\"@type\":\"ImageObject\",\"inLanguage\":\"en-US\",\"@id\":\"https:\/\/autoklastr.cz\/cs\/veletrh-amper-se-vraci-do-brna\/#primaryimage\",\"url\":\"https:\/\/autoklastr.cz\/wp-content\/uploads\/2022\/05\/bvv_vystaviste-1024x682-1.jpg\",\"contentUrl\":\"https:\/\/autoklastr.cz\/wp-content\/uploads\/2022\/05\/bvv_vystaviste-1024x682-1.jpg\",\"width\":1024,\"height\":682},{\"@type\":\"BreadcrumbList\",\"@id\":\"https:\/\/autoklastr.cz\/cs\/veletrh-amper-se-vraci-do-brna\/#breadcrumb\",\"itemListElement\":[{\"@type\":\"ListItem\",\"position\":1,\"name\":\"Dom\u016f\",\"item\":\"https:\/\/autoklastr.cz\/cs\/\"},{\"@type\":\"ListItem\",\"position\":2,\"name\":\"Veletrh AMPER se vrac\u00ed do Brna\"}]},{\"@type\":\"WebSite\",\"@id\":\"https:\/\/autoklastr.cz\/cs\/#website\",\"url\":\"https:\/\/autoklastr.cz\/cs\/\",\"name\":\"Autoklastr\",\"description\":\"Spole\u010dn\u011b pro Automotive!\",\"potentialAction\":[{\"@type\":\"SearchAction\",\"target\":{\"@type\":\"EntryPoint\",\"urlTemplate\":\"https:\/\/autoklastr.cz\/cs\/?s={search_term_string}\"},\"query-input\":{\"@type\":\"PropertyValueSpecification\",\"valueRequired\":true,\"valueName\":\"search_term_string\"}}],\"inLanguage\":\"en-US\"},{\"@type\":\"Person\",\"@id\":\"https:\/\/autoklastr.cz\/cs\/#\/schema\/person\/51de917140dff28ece1c759a7579ba79\",\"name\":\"Karel B\u0159emek\",\"image\":{\"@type\":\"ImageObject\",\"inLanguage\":\"en-US\",\"@id\":\"https:\/\/autoklastr.cz\/cs\/#\/schema\/person\/image\/\",\"url\":\"https:\/\/secure.gravatar.com\/avatar\/ba59bb4aee7dc631079170762e66e8c6?s=96&d=mm&r=g\",\"contentUrl\":\"https:\/\/secure.gravatar.com\/avatar\/ba59bb4aee7dc631079170762e66e8c6?s=96&d=mm&r=g\",\"caption\":\"Karel B\u0159emek\"}}]}<\/script>\n<!-- \/ Yoast SEO plugin. -->","yoast_head_json":{"title":"Veletrh AMPER se vrac\u00ed do Brna | Autoklastr","robots":{"index":"index","follow":"follow","max-snippet":"max-snippet:-1","max-image-preview":"max-image-preview:large","max-video-preview":"max-video-preview:-1"},"canonical":"https:\/\/autoklastr.cz\/cs\/veletrh-amper-se-vraci-do-brna\/","og_locale":"en_US","og_type":"article","og_title":"[:cs]Veletrh AMPER se vrac\u00ed do Brna[:] | Autoklastr","og_description":"Po dvou\u00adle\u00adt\u00e9 ko\u00advi\u00addo\u00adv\u00e9 p\u0159e\u00adst\u00e1v\u00adce se na br\u00adn\u011bn\u00adsk\u00e9 v\u00fd\u00adsta\u00advi\u0161\u00adt\u011b vrac\u00ed ve\u00adletrh AMPER, kter\u00fd se kon\u00e1 ve dnech 17. a\u017e 20. kv\u011bt\u00adna. Po\u00ad\u0159a\u00adda\u00adtel Te\u00adrin\u00advest hl\u00e1s\u00ed p\u0159i\u00adhl\u00e1\u00ad\u0161e\u00adn\u00ed 570 vy\u00adsta\u00advu\u00adj\u00ed\u00adc\u00edch firem. Mezi nimi na\u00adjde\u00adme spo\u00adle\u010d\u00adnos\u00adti jako Axiom Tech, CAD\u00adware, Eplan En\u00adgi\u00adnee\u00adring, Softmar\u00adket nebo Tech\u00adno\u00addat Elek\u00adtro z ob\u00adlas\u00adti CAD soft\u00adwa\u00adru. Trade Media In\u00adter\u00adnati\u00ado\u00adnal p\u0159i\u00adpra\u00advila tzv. Amper Tour 2022, kter\u00e1 pro\u00adb\u00ed\u00adh\u00e1 [&hellip;]","og_url":"https:\/\/autoklastr.cz\/en\/veletrh-amper-se-vraci-do-brna\/","og_site_name":"Autoklastr","article_published_time":"2022-05-12T08:23:10+00:00","article_modified_time":"2022-05-20T08:24:43+00:00","og_image":[{"width":1024,"height":682,"url":"https:\/\/autoklastr.cz\/wp-content\/uploads\/2022\/05\/bvv_vystaviste-1024x682-1.jpg","type":"image\/jpeg"}],"author":"Karel B\u0159emek","twitter_card":"summary_large_image","twitter_misc":{"Written by":"Karel B\u0159emek","Est. reading time":"1 minute"},"schema":{"@context":"https:\/\/schema.org","@graph":[{"@type":"WebPage","@id":"https:\/\/autoklastr.cz\/cs\/veletrh-amper-se-vraci-do-brna\/","url":"https:\/\/autoklastr.cz\/cs\/veletrh-amper-se-vraci-do-brna\/","name":"Veletrh AMPER se vrac\u00ed do Brna","isPartOf":{"@id":"https:\/\/autoklastr.cz\/cs\/#website"},"primaryImageOfPage":{"@id":"https:\/\/autoklastr.cz\/cs\/veletrh-amper-se-vraci-do-brna\/#primaryimage"},"image":{"@id":"https:\/\/autoklastr.cz\/cs\/veletrh-amper-se-vraci-do-brna\/#primaryimage"},"thumbnailUrl":"https:\/\/autoklastr.cz\/wp-content\/uploads\/2022\/05\/bvv_vystaviste-1024x682-1.jpg","datePublished":"2022-05-12T08:23:10+00:00","dateModified":"2022-05-20T08:24:43+00:00","author":{"@id":"https:\/\/autoklastr.cz\/cs\/#\/schema\/person\/51de917140dff28ece1c759a7579ba79"},"breadcrumb":{"@id":"https:\/\/autoklastr.cz\/cs\/veletrh-amper-se-vraci-do-brna\/#breadcrumb"},"inLanguage":"en-US","potentialAction":[{"@type":"ReadAction","target":["https:\/\/autoklastr.cz\/cs\/veletrh-amper-se-vraci-do-brna\/"]}]},{"@type":"ImageObject","inLanguage":"en-US","@id":"https:\/\/autoklastr.cz\/cs\/veletrh-amper-se-vraci-do-brna\/#primaryimage","url":"https:\/\/autoklastr.cz\/wp-content\/uploads\/2022\/05\/bvv_vystaviste-1024x682-1.jpg","contentUrl":"https:\/\/autoklastr.cz\/wp-content\/uploads\/2022\/05\/bvv_vystaviste-1024x682-1.jpg","width":1024,"height":682},{"@type":"BreadcrumbList","@id":"https:\/\/autoklastr.cz\/cs\/veletrh-amper-se-vraci-do-brna\/#breadcrumb","itemListElement":[{"@type":"ListItem","position":1,"name":"Dom\u016f","item":"https:\/\/autoklastr.cz\/cs\/"},{"@type":"ListItem","position":2,"name":"Veletrh AMPER se vrac\u00ed do Brna"}]},{"@type":"WebSite","@id":"https:\/\/autoklastr.cz\/cs\/#website","url":"https:\/\/autoklastr.cz\/cs\/","name":"Autoklastr","description":"Spole\u010dn\u011b pro Automotive!","potentialAction":[{"@type":"SearchAction","target":{"@type":"EntryPoint","urlTemplate":"https:\/\/autoklastr.cz\/cs\/?s={search_term_string}"},"query-input":{"@type":"PropertyValueSpecification","valueRequired":true,"valueName":"search_term_string"}}],"inLanguage":"en-US"},{"@type":"Person","@id":"https:\/\/autoklastr.cz\/cs\/#\/schema\/person\/51de917140dff28ece1c759a7579ba79","name":"Karel B\u0159emek","image":{"@type":"ImageObject","inLanguage":"en-US","@id":"https:\/\/autoklastr.cz\/cs\/#\/schema\/person\/image\/","url":"https:\/\/secure.gravatar.com\/avatar\/ba59bb4aee7dc631079170762e66e8c6?s=96&d=mm&r=g","contentUrl":"https:\/\/secure.gravatar.com\/avatar\/ba59bb4aee7dc631079170762e66e8c6?s=96&d=mm&r=g","caption":"Karel B\u0159emek"}}]}},"_links":{"self":[{"href":"https:\/\/autoklastr.cz\/en\/wp-json\/wp\/v2\/posts\/20497"}],"collection":[{"href":"https:\/\/autoklastr.cz\/en\/wp-json\/wp\/v2\/posts"}],"about":[{"href":"https:\/\/autoklastr.cz\/en\/wp-json\/wp\/v2\/types\/post"}],"author":[{"embeddable":true,"href":"https:\/\/autoklastr.cz\/en\/wp-json\/wp\/v2\/users\/81"}],"replies":[{"embeddable":true,"href":"https:\/\/autoklastr.cz\/en\/wp-json\/wp\/v2\/comments?post=20497"}],"version-history":[{"count":1,"href":"https:\/\/autoklastr.cz\/en\/wp-json\/wp\/v2\/posts\/20497\/revisions"}],"predecessor-version":[{"id":20499,"href":"https:\/\/autoklastr.cz\/en\/wp-json\/wp\/v2\/posts\/20497\/revisions\/20499"}],"wp:featuredmedia":[{"embeddable":true,"href":"https:\/\/autoklastr.cz\/en\/wp-json\/wp\/v2\/media\/20498"}],"wp:attachment":[{"href":"https:\/\/autoklastr.cz\/en\/wp-json\/wp\/v2\/media?parent=20497"}],"wp:term":[{"taxonomy":"category","embeddable":true,"href":"https:\/\/autoklastr.cz\/en\/wp-json\/wp\/v2\/categories?post=20497"},{"taxonomy":"post_tag","embeddable":true,"href":"https:\/\/autoklastr.cz\/en\/wp-json\/wp\/v2\/tags?post=20497"},{"taxonomy":"kategorie_prispevku","embeddable":true,"href":"https:\/\/autoklastr.cz\/en\/wp-json\/wp\/v2\/kategorie_prispevku?post=20497"}],"curies":[{"name":"wp","href":"https:\/\/api.w.org\/{rel}","templated":true}]}}