{"id":19919,"date":"2022-02-20T12:30:53","date_gmt":"2022-02-20T11:30:53","guid":{"rendered":"https:\/\/autoklastr.cz\/cs\/?p=19919"},"modified":"2022-02-23T12:03:16","modified_gmt":"2022-02-23T11:03:16","slug":"profesia-nedostatek-techniku-je-ve-vsech-oborech","status":"publish","type":"post","link":"https:\/\/autoklastr.cz\/en\/profesia-nedostatek-techniku-je-ve-vsech-oborech\/","title":{"rendered":"Profesia: nedostatek technik\u016f je ve v\u0161ech oborech"},"content":{"rendered":"<div class=\"inbox\">\n<p style=\"text-align: justify;\"><strong>Prohlubuj\u00edc\u00ed se nedostatek technik\u016f se zmi\u0148uje zejm\u00e9na v souvislosti s IT profesemi. Technicky orientovan\u00ed zam\u011bstnanci ale chyb\u011bj\u00ed ve v\u0161ech oborech \u2013 od stavebnictv\u00ed a stroj\u00edrenstv\u00ed a\u017e po firmy zab\u00fdvaj\u00edc\u00ed se prodejem a instalac\u00ed specializovan\u00fdch technologi\u00ed nebo spr\u00e1vou budov.<\/strong><\/p>\n<h4 style=\"text-align: justify;\"><strong>Pro\u010d chyb\u011bj\u00ed technici?<\/strong><\/h4>\n<p style=\"text-align: justify;\">Nedostatek technik\u016f se objas\u0148uje t\u00edm, \u017ee v\u011bt\u0161ina dobr\u00fdch \u017e\u00e1k\u016f jde po z\u00e1kladn\u00ed \u0161kole na gymn\u00e1zia a o technick\u00e9 \u0161koly nemaj\u00ed z\u00e1jem. To ale nen\u00ed tak \u00fapln\u011b pravda \u2013 z\u010d\u00e1sti je na vin\u011b demografick\u00fd v\u00fdvoj, proto\u017ee demografick\u00e1 k\u0159ivka nest\u00edh\u00e1 dorovn\u00e1vat n\u00e1r\u016fst popt\u00e1vky pr\u016fmyslov\u00e9 v\u00fdroby po zam\u011bstnanc\u00edch. Do pracovn\u00edho procesu se nyn\u00ed dost\u00e1vaj\u00ed slab\u0161\u00ed ro\u010dn\u00edky, a nav\u00edc siln\u00e9 ro\u010dn\u00edky dosp\u011bly do d\u016fchodov\u00e9ho v\u011bku. Je\u0161t\u011b v\u011bt\u0161\u00ed roli ale sehr\u00e1l dlouhodob\u00fd \u00fatlum odborn\u00fdch technick\u00fdch \u0161kol a u\u010dili\u0161\u0165.<\/p>\n<p style=\"text-align: justify;\">\u201eV sou\u010dasn\u00e9 dob\u011b se v\u00edce ne\u017e 60 % podnik\u016f v \u010cR pot\u00fdk\u00e1 s nedostatkem zam\u011bstnanc\u016f. Chyb\u011bj\u00ed p\u0159edev\u0161\u00edm technicky zam\u011b\u0159en\u00ed uchaze\u010di \u2013 jak vysoko\u0161kolsky vzd\u011blan\u00ed IT odborn\u00edci, stava\u0159i a stroja\u0159i, tak kvalifikovan\u00ed z\u00e1stupci specializovan\u00fdch profes\u00ed jako sv\u00e1\u0159e\u010di, mechanici, obr\u00e1b\u011b\u010di kov\u016f, nebo mont\u00e9\u0159i. Firmy tak\u00e9 marn\u011b hledaj\u00ed zku\u0161en\u00e9 konstrukt\u00e9ry nebo technology,\u201c \u0159\u00edk\u00e1 k aktu\u00e1ln\u00ed situaci Michal Nov\u00e1k z pracovn\u00edho port\u00e1lu Profesia.cz.<\/p>\n<p style=\"text-align: justify;\"><img loading=\"lazy\" decoding=\"async\" class=\"size-medium wp-image-148871 aligncenter\" src=\"https:\/\/www.automakers.cz\/wp-content\/uploads\/2022\/02\/Nedostatek_techniku_2_ilustracni_Profesia-small-460x307.jpg\" sizes=\"(max-width: 460px) 100vw, 460px\" srcset=\"https:\/\/www.automakers.cz\/wp-content\/uploads\/2022\/02\/Nedostatek_techniku_2_ilustracni_Profesia-small-460x307.jpg 460w, https:\/\/www.automakers.cz\/wp-content\/uploads\/2022\/02\/Nedostatek_techniku_2_ilustracni_Profesia-small-290x193.jpg 290w, https:\/\/www.automakers.cz\/wp-content\/uploads\/2022\/02\/Nedostatek_techniku_2_ilustracni_Profesia-small-480x320.jpg 480w, https:\/\/www.automakers.cz\/wp-content\/uploads\/2022\/02\/Nedostatek_techniku_2_ilustracni_Profesia-small-180x120.jpg 180w, https:\/\/www.automakers.cz\/wp-content\/uploads\/2022\/02\/Nedostatek_techniku_2_ilustracni_Profesia-small.jpg 627w\" alt=\"\" width=\"460\" height=\"307\" \/><\/p>\n<h4 style=\"text-align: justify;\"><strong>Nejde jen o v\u00fdrobu a IT<\/strong><\/h4>\n<p style=\"text-align: justify;\">Technicky zam\u011b\u0159en\u00ed zam\u011bstnanci ale nejsou pot\u0159eba jen ve v\u00fdrob\u011b nebo pro vytv\u00e1\u0159en\u00ed a spr\u00e1vu IT \u0159e\u0161en\u00ed. Technologie v sou\u010dasn\u00e9 dob\u011b prol\u00ednaj\u00ed t\u00e9m\u011b\u0159 do v\u0161ech oblast\u00ed podnik\u00e1n\u00ed, a tak chyb\u011bj\u00ed i v oborech, kter\u00e9 nejsou v t\u00e9to souvislosti tak \u010dasto zmi\u0148ovan\u00e9.<\/p>\n<p style=\"text-align: justify;\">\u201eTechni\u010dt\u00ed odborn\u00edci n\u00e1m sch\u00e1zej\u00ed nap\u0159\u00edklad v oblasti facility managementu nebo v ostraze objekt\u016f. V sou\u010dasn\u00e9 dob\u011b p\u0159i spr\u00e1v\u011b budov nezaji\u0161\u0165ujeme jen opravu kapaj\u00edc\u00edch kohoutk\u016f nebo nefunk\u010dn\u00edho topen\u00ed. Modern\u00ed kancel\u00e1\u0159sk\u00e9 objekty b\u00fdvaj\u00ed vybaven\u00e9 nap\u0159\u00edklad modern\u00edmi technologiemi pro efektivn\u00ed vyu\u017eit\u00ed alternativn\u00edch zdroj\u016f energie p\u0159i vyt\u00e1p\u011bn\u00ed nebo k recyklaci. Pot\u0159ebujeme tedy jak klasick\u00e9 \u0159emesln\u00edky, kter\u00fdch je \u010d\u00edm d\u00e1l t\u00edm m\u00e9n\u011b, tak odborn\u00edky na inovativn\u00ed technologie. Ale tak\u00e9 IT specialisty, proto\u017ee mnoh\u00e9 syst\u00e9my v modern\u00edch budov\u00e1ch pror\u016fstaj\u00ed i do IT prost\u0159ed\u00ed jednotliv\u00fdch n\u00e1jemc\u016f, nav\u00edc n\u011bkter\u00e1 \u0159e\u0161en\u00ed sami vyv\u00edj\u00edme,\u201c \u0159\u00edk\u00e1 Radek \u0160krabal, v\u00fdkonn\u00fd \u0159editel SSI Group. \u201e\u0158e\u0161en\u00ed vid\u00edme v otev\u0159en\u00ed pracovn\u00edho trhu pro zahrani\u010dn\u00ed pracovn\u00edky. Zmen\u0161en\u00ed a zrychlen\u00ed byrokratick\u00fdch proces\u016f tak, aby ti, kte\u0159\u00ed cht\u011bj\u00ed pracovat na \u010desk\u00e9m trhu, nebyli odrazeni zdlouhavost\u00ed a n\u00e1kladnost\u00ed form\u00e1ln\u00edch krok\u016f k z\u00edsk\u00e1n\u00ed pracovn\u00edch v\u00edz.<\/p>\n<p style=\"text-align: justify;\">\u201eSt\u00e1le v\u00edce poci\u0165ujeme probl\u00e9m v oblasti lidsk\u00fdch zdroj\u016f. Rok od roku je t\u011b\u017e\u0161\u00ed z\u00edskat kvalitn\u00ed zam\u011bstnance s technick\u00fdm backgroundem, o p\u0159ij\u00edm\u00e1n\u00ed absolvent\u016f ani nemluv\u00edm,\u201c \u0159\u00edk\u00e1 Andrej Hronec, majitel firmy Audiopro, kter\u00e1 se specializuje na dovoz a instalace \u0161pi\u010dkov\u00fdch, audio, video a komunika\u010dn\u00edch technologi\u00ed. \u201eUr\u010dit\u011b by pomohla podpora v oblasti vzd\u011bl\u00e1v\u00e1n\u00ed v t\u00e9to oblasti. Nejen v\u00edce obor\u016f, ale i nav\u00fd\u0161en\u00ed plat\u016f u\u010ditel\u016f. Za plat, kter\u00fd dost\u00e1vaj\u00ed, je t\u011b\u017ek\u00e9 do \u0161kolstv\u00ed z\u00edskat odborn\u00edky, kte\u0159\u00ed jsou pro vzd\u011bl\u00e1v\u00e1n\u00ed nezbytn\u00ed.\u201c<\/p>\n<p style=\"text-align: justify;\"><img loading=\"lazy\" decoding=\"async\" class=\"size-medium wp-image-148872 aligncenter\" src=\"https:\/\/www.automakers.cz\/wp-content\/uploads\/2022\/02\/Nedostatek_techniku_3_ilustracni_Profesia-small-460x307.jpg\" sizes=\"(max-width: 460px) 100vw, 460px\" srcset=\"https:\/\/www.automakers.cz\/wp-content\/uploads\/2022\/02\/Nedostatek_techniku_3_ilustracni_Profesia-small-460x307.jpg 460w, https:\/\/www.automakers.cz\/wp-content\/uploads\/2022\/02\/Nedostatek_techniku_3_ilustracni_Profesia-small-290x193.jpg 290w, https:\/\/www.automakers.cz\/wp-content\/uploads\/2022\/02\/Nedostatek_techniku_3_ilustracni_Profesia-small-480x320.jpg 480w, https:\/\/www.automakers.cz\/wp-content\/uploads\/2022\/02\/Nedostatek_techniku_3_ilustracni_Profesia-small-180x120.jpg 180w, https:\/\/www.automakers.cz\/wp-content\/uploads\/2022\/02\/Nedostatek_techniku_3_ilustracni_Profesia-small.jpg 627w\" alt=\"\" width=\"460\" height=\"307\" \/><\/p>\n<h4 style=\"text-align: justify;\"><strong>Chyb\u011bj\u00ed lid\u00e9 s pot\u0159ebnou kvalifikac\u00ed<\/strong><\/h4>\n<p style=\"text-align: justify;\">Nejv\u011bt\u0161\u00edm probl\u00e9mem sou\u010dasn\u00e9ho pracovn\u00edho trhu je nedostatek lid\u00ed s pot\u0159ebnou kvalifikac\u00ed \u2013 a to nejen u n\u00e1s, ale ve v\u011bt\u0161in\u011b evropsk\u00fdch zem\u00ed. Hled\u00e1n\u00ed zam\u011bstnanc\u016f s pot\u0159ebn\u00fdmi znalostmi je nejt\u011b\u017e\u0161\u00ed za posledn\u00edch 15 let.<\/p>\n<p style=\"text-align: justify;\">\u201eJednou z p\u0159\u00ed\u010din tohoto stavu jsou rychl\u00e9 technologick\u00e9 zm\u011bny v posledn\u00edch letech, kter\u00e9 znamenaj\u00ed v\u00fdraznou obm\u011bnu sady dovednost\u00ed, kter\u00e9 zam\u011bstnavatel\u00e9 po\u017eaduj\u00ed. N\u00e1\u0161 pr\u016fmysl orientovan\u00fd na v\u00fdrobu ale poznamen\u00e1v\u00e1 i nedostatek z\u00e1jemc\u016f o nekvalifikovan\u00e1 pracovn\u00ed m\u00edsta, jako jsou nap\u0159\u00edklad mont\u00e1\u017en\u00ed d\u011bln\u00edci nebo skladn\u00edci,\u201c uzav\u00edr\u00e1 Michal Nov\u00e1k z pracovn\u00edho port\u00e1lu Profesia.cz.<\/p>\n<p style=\"text-align: justify;\"><img loading=\"lazy\" decoding=\"async\" class=\"size-medium wp-image-148870 aligncenter\" src=\"https:\/\/www.automakers.cz\/wp-content\/uploads\/2022\/02\/SSI_Energy_kontrola_zarizeni-small-460x307.jpg\" sizes=\"(max-width: 460px) 100vw, 460px\" srcset=\"https:\/\/www.automakers.cz\/wp-content\/uploads\/2022\/02\/SSI_Energy_kontrola_zarizeni-small-460x307.jpg 460w, https:\/\/www.automakers.cz\/wp-content\/uploads\/2022\/02\/SSI_Energy_kontrola_zarizeni-small-290x193.jpg 290w, https:\/\/www.automakers.cz\/wp-content\/uploads\/2022\/02\/SSI_Energy_kontrola_zarizeni-small-480x320.jpg 480w, https:\/\/www.automakers.cz\/wp-content\/uploads\/2022\/02\/SSI_Energy_kontrola_zarizeni-small-180x120.jpg 180w, https:\/\/www.automakers.cz\/wp-content\/uploads\/2022\/02\/SSI_Energy_kontrola_zarizeni-small.jpg 627w\" alt=\"\" width=\"460\" height=\"307\" \/><\/p>\n<\/div>\n<p>&nbsp;<\/p>\n<p style=\"text-align: justify;\">Zdroj: automakers.cz<\/p>\n","protected":false},"excerpt":{"rendered":"<p>Prohlubuj\u00edc\u00ed se nedostatek technik\u016f se zmi\u0148uje zejm\u00e9na v souvislosti s IT profesemi. Technicky orientovan\u00ed zam\u011bstnanci ale chyb\u011bj\u00ed ve v\u0161ech oborech \u2013 od stavebnictv\u00ed a stroj\u00edrenstv\u00ed a\u017e po firmy zab\u00fdvaj\u00edc\u00ed se prodejem a instalac\u00ed specializovan\u00fdch technologi\u00ed nebo spr\u00e1vou budov. Pro\u010d chyb\u011bj\u00ed technici? Nedostatek technik\u016f se objas\u0148uje t\u00edm, \u017ee v\u011bt\u0161ina dobr\u00fdch \u017e\u00e1k\u016f jde po z\u00e1kladn\u00ed \u0161kole na [&hellip;]<\/p>\n","protected":false},"author":81,"featured_media":19920,"comment_status":"open","ping_status":"open","sticky":false,"template":"","format":"standard","meta":{"_acf_changed":false,"inline_featured_image":false,"footnotes":""},"categories":[1],"tags":[],"kategorie_prispevku":[],"acf":[],"yoast_head":"<!-- This site is optimized with the Yoast SEO plugin v24.5 - https:\/\/yoast.com\/wordpress\/plugins\/seo\/ -->\n<title>Profesia: nedostatek technik\u016f je ve v\u0161ech oborech | Autoklastr<\/title>\n<meta name=\"robots\" content=\"index, follow, max-snippet:-1, max-image-preview:large, max-video-preview:-1\" \/>\n<link rel=\"canonical\" href=\"https:\/\/autoklastr.cz\/en\/profesia-nedostatek-techniku-je-ve-vsech-oborech\/\" \/>\n<meta property=\"og:locale\" content=\"en_US\" \/>\n<meta property=\"og:locale:alternate\" content=\"cs_CZ\" \/>\n<meta property=\"og:type\" content=\"article\" \/>\n<meta property=\"og:title\" content=\"Profesia: nedostatek technik\u016f je ve v\u0161ech oborech\" \/>\n<meta property=\"og:description\" content=\"Prohlubuj\u00edc\u00ed se nedostatek technik\u016f se zmi\u0148uje zejm\u00e9na v souvislosti s IT profesemi. Technicky orientovan\u00ed zam\u011bstnanci ale chyb\u011bj\u00ed ve v\u0161ech oborech \u2013 od stavebnictv\u00ed a stroj\u00edrenstv\u00ed a\u017e po firmy zab\u00fdvaj\u00edc\u00ed se prodejem a instalac\u00ed specializovan\u00fdch technologi\u00ed nebo spr\u00e1vou budov. Pro\u010d chyb\u011bj\u00ed technici? Nedostatek technik\u016f se objas\u0148uje t\u00edm, \u017ee v\u011bt\u0161ina dobr\u00fdch \u017e\u00e1k\u016f jde po z\u00e1kladn\u00ed \u0161kole na [&hellip;]\" \/>\n<meta property=\"og:url\" content=\"https:\/\/autoklastr.cz\/en\/profesia-nedostatek-techniku-je-ve-vsech-oborech\/\" \/>\n<meta property=\"og:site_name\" content=\"Autoklastr\" \/>\n<meta property=\"article:published_time\" content=\"2022-02-20T11:30:53+00:00\" \/>\n<meta property=\"article:modified_time\" content=\"2022-02-23T11:03:16+00:00\" \/>\n<meta property=\"og:image\" content=\"https:\/\/autoklastr.cz\/wp-content\/uploads\/2022\/02\/Nedostatek_techniku_ilustracni_Profesia-small.jpg\" \/>\n\t<meta property=\"og:image:width\" content=\"627\" \/>\n\t<meta property=\"og:image:height\" content=\"418\" \/>\n\t<meta property=\"og:image:type\" content=\"image\/jpeg\" \/>\n<meta name=\"author\" content=\"Karel B\u0159emek\" \/>\n<meta name=\"twitter:card\" content=\"summary_large_image\" \/>\n<meta name=\"twitter:label1\" content=\"Written by\" \/>\n\t<meta name=\"twitter:data1\" content=\"Karel B\u0159emek\" \/>\n\t<meta name=\"twitter:label2\" content=\"Est. reading time\" \/>\n\t<meta name=\"twitter:data2\" content=\"3 minutes\" \/>\n<script type=\"application\/ld+json\" class=\"yoast-schema-graph\">{\"@context\":\"https:\/\/schema.org\",\"@graph\":[{\"@type\":\"WebPage\",\"@id\":\"https:\/\/autoklastr.cz\/en\/profesia-nedostatek-techniku-je-ve-vsech-oborech\/\",\"url\":\"https:\/\/autoklastr.cz\/en\/profesia-nedostatek-techniku-je-ve-vsech-oborech\/\",\"name\":\"Profesia: nedostatek technik\u016f je ve v\u0161ech oborech\",\"isPartOf\":{\"@id\":\"https:\/\/autoklastr.cz\/cs\/#website\"},\"primaryImageOfPage\":{\"@id\":\"https:\/\/autoklastr.cz\/en\/profesia-nedostatek-techniku-je-ve-vsech-oborech\/#primaryimage\"},\"image\":{\"@id\":\"https:\/\/autoklastr.cz\/en\/profesia-nedostatek-techniku-je-ve-vsech-oborech\/#primaryimage\"},\"thumbnailUrl\":\"https:\/\/autoklastr.cz\/wp-content\/uploads\/2022\/02\/Nedostatek_techniku_ilustracni_Profesia-small.jpg\",\"datePublished\":\"2022-02-20T11:30:53+00:00\",\"dateModified\":\"2022-02-23T11:03:16+00:00\",\"author\":{\"@id\":\"https:\/\/autoklastr.cz\/cs\/#\/schema\/person\/51de917140dff28ece1c759a7579ba79\"},\"breadcrumb\":{\"@id\":\"https:\/\/autoklastr.cz\/en\/profesia-nedostatek-techniku-je-ve-vsech-oborech\/#breadcrumb\"},\"inLanguage\":\"en-US\",\"potentialAction\":[{\"@type\":\"ReadAction\",\"target\":[\"https:\/\/autoklastr.cz\/en\/profesia-nedostatek-techniku-je-ve-vsech-oborech\/\"]}]},{\"@type\":\"ImageObject\",\"inLanguage\":\"en-US\",\"@id\":\"https:\/\/autoklastr.cz\/en\/profesia-nedostatek-techniku-je-ve-vsech-oborech\/#primaryimage\",\"url\":\"https:\/\/autoklastr.cz\/wp-content\/uploads\/2022\/02\/Nedostatek_techniku_ilustracni_Profesia-small.jpg\",\"contentUrl\":\"https:\/\/autoklastr.cz\/wp-content\/uploads\/2022\/02\/Nedostatek_techniku_ilustracni_Profesia-small.jpg\",\"width\":627,\"height\":418},{\"@type\":\"BreadcrumbList\",\"@id\":\"https:\/\/autoklastr.cz\/en\/profesia-nedostatek-techniku-je-ve-vsech-oborech\/#breadcrumb\",\"itemListElement\":[{\"@type\":\"ListItem\",\"position\":1,\"name\":\"Dom\u016f\",\"item\":\"https:\/\/autoklastr.cz\/cs\/\"},{\"@type\":\"ListItem\",\"position\":2,\"name\":\"Profesia: nedostatek technik\u016f je ve v\u0161ech oborech\"}]},{\"@type\":\"WebSite\",\"@id\":\"https:\/\/autoklastr.cz\/cs\/#website\",\"url\":\"https:\/\/autoklastr.cz\/cs\/\",\"name\":\"Autoklastr\",\"description\":\"Spole\u010dn\u011b pro Automotive!\",\"potentialAction\":[{\"@type\":\"SearchAction\",\"target\":{\"@type\":\"EntryPoint\",\"urlTemplate\":\"https:\/\/autoklastr.cz\/cs\/?s={search_term_string}\"},\"query-input\":{\"@type\":\"PropertyValueSpecification\",\"valueRequired\":true,\"valueName\":\"search_term_string\"}}],\"inLanguage\":\"en-US\"},{\"@type\":\"Person\",\"@id\":\"https:\/\/autoklastr.cz\/cs\/#\/schema\/person\/51de917140dff28ece1c759a7579ba79\",\"name\":\"Karel B\u0159emek\",\"image\":{\"@type\":\"ImageObject\",\"inLanguage\":\"en-US\",\"@id\":\"https:\/\/autoklastr.cz\/cs\/#\/schema\/person\/image\/\",\"url\":\"https:\/\/secure.gravatar.com\/avatar\/ba59bb4aee7dc631079170762e66e8c6?s=96&d=mm&r=g\",\"contentUrl\":\"https:\/\/secure.gravatar.com\/avatar\/ba59bb4aee7dc631079170762e66e8c6?s=96&d=mm&r=g\",\"caption\":\"Karel B\u0159emek\"}}]}<\/script>\n<!-- \/ Yoast SEO plugin. -->","yoast_head_json":{"title":"Profesia: nedostatek technik\u016f je ve v\u0161ech oborech | Autoklastr","robots":{"index":"index","follow":"follow","max-snippet":"max-snippet:-1","max-image-preview":"max-image-preview:large","max-video-preview":"max-video-preview:-1"},"canonical":"https:\/\/autoklastr.cz\/en\/profesia-nedostatek-techniku-je-ve-vsech-oborech\/","og_locale":"en_US","og_type":"article","og_title":"[:cs]Profesia: nedostatek technik\u016f je ve v\u0161ech oborech[:] | Autoklastr","og_description":"Prohlubuj\u00edc\u00ed se nedostatek technik\u016f se zmi\u0148uje zejm\u00e9na v souvislosti s IT profesemi. Technicky orientovan\u00ed zam\u011bstnanci ale chyb\u011bj\u00ed ve v\u0161ech oborech \u2013 od stavebnictv\u00ed a stroj\u00edrenstv\u00ed a\u017e po firmy zab\u00fdvaj\u00edc\u00ed se prodejem a instalac\u00ed specializovan\u00fdch technologi\u00ed nebo spr\u00e1vou budov. Pro\u010d chyb\u011bj\u00ed technici? Nedostatek technik\u016f se objas\u0148uje t\u00edm, \u017ee v\u011bt\u0161ina dobr\u00fdch \u017e\u00e1k\u016f jde po z\u00e1kladn\u00ed \u0161kole na [&hellip;]","og_url":"https:\/\/autoklastr.cz\/en\/profesia-nedostatek-techniku-je-ve-vsech-oborech\/","og_site_name":"Autoklastr","article_published_time":"2022-02-20T11:30:53+00:00","article_modified_time":"2022-02-23T11:03:16+00:00","og_image":[{"width":627,"height":418,"url":"https:\/\/autoklastr.cz\/wp-content\/uploads\/2022\/02\/Nedostatek_techniku_ilustracni_Profesia-small.jpg","type":"image\/jpeg"}],"author":"Karel B\u0159emek","twitter_card":"summary_large_image","twitter_misc":{"Written by":"Karel B\u0159emek","Est. reading time":"3 minutes"},"schema":{"@context":"https:\/\/schema.org","@graph":[{"@type":"WebPage","@id":"https:\/\/autoklastr.cz\/en\/profesia-nedostatek-techniku-je-ve-vsech-oborech\/","url":"https:\/\/autoklastr.cz\/en\/profesia-nedostatek-techniku-je-ve-vsech-oborech\/","name":"Profesia: nedostatek technik\u016f je ve v\u0161ech oborech","isPartOf":{"@id":"https:\/\/autoklastr.cz\/cs\/#website"},"primaryImageOfPage":{"@id":"https:\/\/autoklastr.cz\/en\/profesia-nedostatek-techniku-je-ve-vsech-oborech\/#primaryimage"},"image":{"@id":"https:\/\/autoklastr.cz\/en\/profesia-nedostatek-techniku-je-ve-vsech-oborech\/#primaryimage"},"thumbnailUrl":"https:\/\/autoklastr.cz\/wp-content\/uploads\/2022\/02\/Nedostatek_techniku_ilustracni_Profesia-small.jpg","datePublished":"2022-02-20T11:30:53+00:00","dateModified":"2022-02-23T11:03:16+00:00","author":{"@id":"https:\/\/autoklastr.cz\/cs\/#\/schema\/person\/51de917140dff28ece1c759a7579ba79"},"breadcrumb":{"@id":"https:\/\/autoklastr.cz\/en\/profesia-nedostatek-techniku-je-ve-vsech-oborech\/#breadcrumb"},"inLanguage":"en-US","potentialAction":[{"@type":"ReadAction","target":["https:\/\/autoklastr.cz\/en\/profesia-nedostatek-techniku-je-ve-vsech-oborech\/"]}]},{"@type":"ImageObject","inLanguage":"en-US","@id":"https:\/\/autoklastr.cz\/en\/profesia-nedostatek-techniku-je-ve-vsech-oborech\/#primaryimage","url":"https:\/\/autoklastr.cz\/wp-content\/uploads\/2022\/02\/Nedostatek_techniku_ilustracni_Profesia-small.jpg","contentUrl":"https:\/\/autoklastr.cz\/wp-content\/uploads\/2022\/02\/Nedostatek_techniku_ilustracni_Profesia-small.jpg","width":627,"height":418},{"@type":"BreadcrumbList","@id":"https:\/\/autoklastr.cz\/en\/profesia-nedostatek-techniku-je-ve-vsech-oborech\/#breadcrumb","itemListElement":[{"@type":"ListItem","position":1,"name":"Dom\u016f","item":"https:\/\/autoklastr.cz\/cs\/"},{"@type":"ListItem","position":2,"name":"Profesia: nedostatek technik\u016f je ve v\u0161ech oborech"}]},{"@type":"WebSite","@id":"https:\/\/autoklastr.cz\/cs\/#website","url":"https:\/\/autoklastr.cz\/cs\/","name":"Autoklastr","description":"Spole\u010dn\u011b pro Automotive!","potentialAction":[{"@type":"SearchAction","target":{"@type":"EntryPoint","urlTemplate":"https:\/\/autoklastr.cz\/cs\/?s={search_term_string}"},"query-input":{"@type":"PropertyValueSpecification","valueRequired":true,"valueName":"search_term_string"}}],"inLanguage":"en-US"},{"@type":"Person","@id":"https:\/\/autoklastr.cz\/cs\/#\/schema\/person\/51de917140dff28ece1c759a7579ba79","name":"Karel B\u0159emek","image":{"@type":"ImageObject","inLanguage":"en-US","@id":"https:\/\/autoklastr.cz\/cs\/#\/schema\/person\/image\/","url":"https:\/\/secure.gravatar.com\/avatar\/ba59bb4aee7dc631079170762e66e8c6?s=96&d=mm&r=g","contentUrl":"https:\/\/secure.gravatar.com\/avatar\/ba59bb4aee7dc631079170762e66e8c6?s=96&d=mm&r=g","caption":"Karel B\u0159emek"}}]}},"_links":{"self":[{"href":"https:\/\/autoklastr.cz\/en\/wp-json\/wp\/v2\/posts\/19919"}],"collection":[{"href":"https:\/\/autoklastr.cz\/en\/wp-json\/wp\/v2\/posts"}],"about":[{"href":"https:\/\/autoklastr.cz\/en\/wp-json\/wp\/v2\/types\/post"}],"author":[{"embeddable":true,"href":"https:\/\/autoklastr.cz\/en\/wp-json\/wp\/v2\/users\/81"}],"replies":[{"embeddable":true,"href":"https:\/\/autoklastr.cz\/en\/wp-json\/wp\/v2\/comments?post=19919"}],"version-history":[{"count":3,"href":"https:\/\/autoklastr.cz\/en\/wp-json\/wp\/v2\/posts\/19919\/revisions"}],"predecessor-version":[{"id":19923,"href":"https:\/\/autoklastr.cz\/en\/wp-json\/wp\/v2\/posts\/19919\/revisions\/19923"}],"wp:featuredmedia":[{"embeddable":true,"href":"https:\/\/autoklastr.cz\/en\/wp-json\/wp\/v2\/media\/19920"}],"wp:attachment":[{"href":"https:\/\/autoklastr.cz\/en\/wp-json\/wp\/v2\/media?parent=19919"}],"wp:term":[{"taxonomy":"category","embeddable":true,"href":"https:\/\/autoklastr.cz\/en\/wp-json\/wp\/v2\/categories?post=19919"},{"taxonomy":"post_tag","embeddable":true,"href":"https:\/\/autoklastr.cz\/en\/wp-json\/wp\/v2\/tags?post=19919"},{"taxonomy":"kategorie_prispevku","embeddable":true,"href":"https:\/\/autoklastr.cz\/en\/wp-json\/wp\/v2\/kategorie_prispevku?post=19919"}],"curies":[{"name":"wp","href":"https:\/\/api.w.org\/{rel}","templated":true}]}}