{"id":10686,"date":"2021-06-23T16:05:57","date_gmt":"2021-06-23T14:05:57","guid":{"rendered":"https:\/\/autoklastr.cz\/?p=10686"},"modified":"2021-06-23T16:08:59","modified_gmt":"2021-06-23T14:08:59","slug":"autoklastr-ziskal-cestne-oceneni-za-prinos-v-oblasti","status":"publish","type":"post","link":"https:\/\/autoklastr.cz\/en\/autoklastr-ziskal-cestne-oceneni-za-prinos-v-oblasti\/","title":{"rendered":"Autoklastr z\u00edskal \u010destn\u00e9 ocen\u011bn\u00ed za p\u0159\u00ednos v oblasti vzd\u011bl\u00e1v\u00e1n\u00ed"},"content":{"rendered":"<h4>Autoklastr se z\u00fa\u010dastnil 22.6.2021 Dne klastr\u016f v Libereck\u00e9m kraji, organizovan\u00fd N\u00e1rodn\u00ed klastrovou asociac\u00ed a Agenturou region\u00e1ln\u00edho rozvoje Libereck\u00e9ho kraje. Autoklastr za p\u0159\u00edtomnosti Ladislava Glogara a nov\u00e9ho v\u00fdkonn\u00e9ho \u0159editele Libora Dobe\u0161e p\u0159evzal \u010destn\u00e9 ocen\u011bn\u00ed v kategorii za p\u0159\u00ednos v oblasti v vzd\u011bl\u00e1v\u00e1n\u00ed.<\/h4>\n<p><img loading=\"lazy\" decoding=\"async\" class=\"alignnone wp-image-10691\" src=\"https:\/\/autoklastr.cz\/wp-content\/uploads\/2021\/06\/IMG_1804-300x228.jpg\" alt=\"\" width=\"800\" height=\"607\" srcset=\"https:\/\/autoklastr.cz\/wp-content\/uploads\/2021\/06\/IMG_1804-300x228.jpg 300w, https:\/\/autoklastr.cz\/wp-content\/uploads\/2021\/06\/IMG_1804-1024x777.jpg 1024w, https:\/\/autoklastr.cz\/wp-content\/uploads\/2021\/06\/IMG_1804-768x583.jpg 768w, https:\/\/autoklastr.cz\/wp-content\/uploads\/2021\/06\/IMG_1804-1536x1166.jpg 1536w, https:\/\/autoklastr.cz\/wp-content\/uploads\/2021\/06\/IMG_1804-scaled.jpg 2048w, https:\/\/autoklastr.cz\/wp-content\/uploads\/2021\/06\/IMG_1804-1200x911.jpg 1200w\" sizes=\"(max-width: 800px) 100vw, 800px\" \/><\/p>\n<p>Na konferenci jsme p\u0159edstavili celou \u0159adu p\u0159\u00edklad\u016f, jak jsme pro V\u00e1s \u010dleny realizovali vzd\u011bl\u00e1vac\u00ed aktivity, po\u010d\u00ednaje polytechnickou stavebnic\u00ed Kit4Kid, vzd\u011bl\u00e1vac\u00ed moduly pro S\u0160 Autoakademie, GreenWheels, Mould4Plast a vzd\u011bl\u00e1vac\u00edmi projekty z v\u00fdzvy 60 a 110 kon\u010de. Zde jsme zejm\u00e9na vyzdvihli V\u00e1mi velmi dob\u0159e hodnocen\u00e9 \u0161kolic\u00ed kurzy Franclin Covey a Hansenback.<\/p>\n<p><img loading=\"lazy\" decoding=\"async\" class=\"alignnone wp-image-10692\" src=\"https:\/\/autoklastr.cz\/wp-content\/uploads\/2021\/06\/IMG_1844-300x225.jpg\" alt=\"\" width=\"800\" height=\"600\" srcset=\"https:\/\/autoklastr.cz\/wp-content\/uploads\/2021\/06\/IMG_1844-300x225.jpg 300w, https:\/\/autoklastr.cz\/wp-content\/uploads\/2021\/06\/IMG_1844-1024x768.jpg 1024w, https:\/\/autoklastr.cz\/wp-content\/uploads\/2021\/06\/IMG_1844-768x576.jpg 768w, https:\/\/autoklastr.cz\/wp-content\/uploads\/2021\/06\/IMG_1844-1536x1152.jpg 1536w, https:\/\/autoklastr.cz\/wp-content\/uploads\/2021\/06\/IMG_1844-scaled.jpg 2048w, https:\/\/autoklastr.cz\/wp-content\/uploads\/2021\/06\/IMG_1844-1200x900.jpg 1200w\" sizes=\"(max-width: 800px) 100vw, 800px\" \/><\/p>\n<p>&nbsp;<\/p>\n<p>P\u0159\u00edtomn\u00fdmi bylo velmi kladn\u011b hodnoceno aktivity klastru v rozvoji technick\u00e9ho vzd\u011bl\u00e1v\u00e1n\u00ed ji\u017e od d\u011bt\u00ed v mate\u0159sk\u00fdch \u0161kolek a mana\u017eer\u016f ve vedouc\u00edch pozic\u00edch kon\u010de.<\/p>\n<p>Na konferenci z\u00edskal ocen\u011bn\u00ed Zlat\u00fd klastr za rok 2020 tamn\u00ed textiln\u00ed klastr CLUTEX.<\/p>\n","protected":false},"excerpt":{"rendered":"<p>Autoklastr se z\u00fa\u010dastnil 22.6.2021 Dne klastr\u016f v Libereck\u00e9m kraji, organizovan\u00fd N\u00e1rodn\u00ed klastrovou asociac\u00ed a Agenturou region\u00e1ln\u00edho rozvoje Libereck\u00e9ho kraje. Autoklastr za p\u0159\u00edtomnosti Ladislava Glogara a nov\u00e9ho v\u00fdkonn\u00e9ho \u0159editele Libora Dobe\u0161e p\u0159evzal \u010destn\u00e9 ocen\u011bn\u00ed v kategorii za p\u0159\u00ednos v oblasti v vzd\u011bl\u00e1v\u00e1n\u00ed. Na konferenci jsme p\u0159edstavili celou \u0159adu p\u0159\u00edklad\u016f, jak jsme pro V\u00e1s \u010dleny realizovali vzd\u011bl\u00e1vac\u00ed [&hellip;]<\/p>\n","protected":false},"author":4,"featured_media":10692,"comment_status":"open","ping_status":"open","sticky":false,"template":"","format":"standard","meta":{"_acf_changed":false,"inline_featured_image":false,"footnotes":""},"categories":[1],"tags":[],"kategorie_prispevku":[],"acf":[],"yoast_head":"<!-- This site is optimized with the Yoast SEO plugin v24.5 - https:\/\/yoast.com\/wordpress\/plugins\/seo\/ -->\n<title>Autoklastr z\u00edskal \u010destn\u00e9 ocen\u011bn\u00ed za p\u0159\u00ednos v oblasti vzd\u011bl\u00e1v\u00e1n\u00ed | Autoklastr<\/title>\n<meta name=\"robots\" content=\"index, follow, max-snippet:-1, max-image-preview:large, max-video-preview:-1\" \/>\n<link rel=\"canonical\" href=\"https:\/\/autoklastr.cz\/cs\/autoklastr-ziskal-cestne-oceneni-za-prinos-v-oblasti\/\" \/>\n<meta property=\"og:locale\" content=\"en_US\" \/>\n<meta property=\"og:locale:alternate\" content=\"cs_CZ\" \/>\n<meta property=\"og:type\" content=\"article\" \/>\n<meta property=\"og:title\" content=\"Autoklastr z\u00edskal \u010destn\u00e9 ocen\u011bn\u00ed za p\u0159\u00ednos v oblasti vzd\u011bl\u00e1v\u00e1n\u00ed\" \/>\n<meta property=\"og:description\" content=\"Autoklastr se z\u00fa\u010dastnil 22.6.2021 Dne klastr\u016f v Libereck\u00e9m kraji, organizovan\u00fd N\u00e1rodn\u00ed klastrovou asociac\u00ed a Agenturou region\u00e1ln\u00edho rozvoje Libereck\u00e9ho kraje. Autoklastr za p\u0159\u00edtomnosti Ladislava Glogara a nov\u00e9ho v\u00fdkonn\u00e9ho \u0159editele Libora Dobe\u0161e p\u0159evzal \u010destn\u00e9 ocen\u011bn\u00ed v kategorii za p\u0159\u00ednos v oblasti v vzd\u011bl\u00e1v\u00e1n\u00ed. Na konferenci jsme p\u0159edstavili celou \u0159adu p\u0159\u00edklad\u016f, jak jsme pro V\u00e1s \u010dleny realizovali vzd\u011bl\u00e1vac\u00ed [&hellip;]\" \/>\n<meta property=\"og:url\" content=\"https:\/\/autoklastr.cz\/en\/autoklastr-ziskal-cestne-oceneni-za-prinos-v-oblasti\/\" \/>\n<meta property=\"og:site_name\" content=\"Autoklastr\" \/>\n<meta property=\"article:published_time\" content=\"2021-06-23T14:05:57+00:00\" \/>\n<meta property=\"article:modified_time\" content=\"2021-06-23T14:08:59+00:00\" \/>\n<meta property=\"og:image\" content=\"https:\/\/autoklastr.cz\/wp-content\/uploads\/2021\/06\/IMG_1844-scaled.jpg\" \/>\n\t<meta property=\"og:image:width\" content=\"2048\" \/>\n\t<meta property=\"og:image:height\" content=\"1536\" \/>\n\t<meta property=\"og:image:type\" content=\"image\/jpeg\" \/>\n<meta name=\"author\" content=\"adam.priechodsky\" \/>\n<meta name=\"twitter:card\" content=\"summary_large_image\" \/>\n<meta name=\"twitter:label1\" content=\"Written by\" \/>\n\t<meta name=\"twitter:data1\" content=\"adam.priechodsky\" \/>\n\t<meta name=\"twitter:label2\" content=\"Est. reading time\" \/>\n\t<meta name=\"twitter:data2\" content=\"1 minute\" \/>\n<script type=\"application\/ld+json\" class=\"yoast-schema-graph\">{\"@context\":\"https:\/\/schema.org\",\"@graph\":[{\"@type\":\"WebPage\",\"@id\":\"https:\/\/autoklastr.cz\/cs\/autoklastr-ziskal-cestne-oceneni-za-prinos-v-oblasti\/\",\"url\":\"https:\/\/autoklastr.cz\/cs\/autoklastr-ziskal-cestne-oceneni-za-prinos-v-oblasti\/\",\"name\":\"Autoklastr z\u00edskal \u010destn\u00e9 ocen\u011bn\u00ed za p\u0159\u00ednos v oblasti vzd\u011bl\u00e1v\u00e1n\u00ed\",\"isPartOf\":{\"@id\":\"https:\/\/autoklastr.cz\/cs\/#website\"},\"primaryImageOfPage\":{\"@id\":\"https:\/\/autoklastr.cz\/cs\/autoklastr-ziskal-cestne-oceneni-za-prinos-v-oblasti\/#primaryimage\"},\"image\":{\"@id\":\"https:\/\/autoklastr.cz\/cs\/autoklastr-ziskal-cestne-oceneni-za-prinos-v-oblasti\/#primaryimage\"},\"thumbnailUrl\":\"https:\/\/autoklastr.cz\/wp-content\/uploads\/2021\/06\/IMG_1844-scaled.jpg\",\"datePublished\":\"2021-06-23T14:05:57+00:00\",\"dateModified\":\"2021-06-23T14:08:59+00:00\",\"author\":{\"@id\":\"https:\/\/autoklastr.cz\/cs\/#\/schema\/person\/2ceb72e5fd7e969ea3b11f014ed72896\"},\"breadcrumb\":{\"@id\":\"https:\/\/autoklastr.cz\/cs\/autoklastr-ziskal-cestne-oceneni-za-prinos-v-oblasti\/#breadcrumb\"},\"inLanguage\":\"en-US\",\"potentialAction\":[{\"@type\":\"ReadAction\",\"target\":[\"https:\/\/autoklastr.cz\/cs\/autoklastr-ziskal-cestne-oceneni-za-prinos-v-oblasti\/\"]}]},{\"@type\":\"ImageObject\",\"inLanguage\":\"en-US\",\"@id\":\"https:\/\/autoklastr.cz\/cs\/autoklastr-ziskal-cestne-oceneni-za-prinos-v-oblasti\/#primaryimage\",\"url\":\"https:\/\/autoklastr.cz\/wp-content\/uploads\/2021\/06\/IMG_1844-scaled.jpg\",\"contentUrl\":\"https:\/\/autoklastr.cz\/wp-content\/uploads\/2021\/06\/IMG_1844-scaled.jpg\",\"width\":2048,\"height\":1536},{\"@type\":\"BreadcrumbList\",\"@id\":\"https:\/\/autoklastr.cz\/cs\/autoklastr-ziskal-cestne-oceneni-za-prinos-v-oblasti\/#breadcrumb\",\"itemListElement\":[{\"@type\":\"ListItem\",\"position\":1,\"name\":\"Dom\u016f\",\"item\":\"https:\/\/autoklastr.cz\/cs\/\"},{\"@type\":\"ListItem\",\"position\":2,\"name\":\"Autoklastr z\u00edskal \u010destn\u00e9 ocen\u011bn\u00ed za p\u0159\u00ednos v oblasti vzd\u011bl\u00e1v\u00e1n\u00ed\"}]},{\"@type\":\"WebSite\",\"@id\":\"https:\/\/autoklastr.cz\/cs\/#website\",\"url\":\"https:\/\/autoklastr.cz\/cs\/\",\"name\":\"Autoklastr\",\"description\":\"Spole\u010dn\u011b pro Automotive!\",\"potentialAction\":[{\"@type\":\"SearchAction\",\"target\":{\"@type\":\"EntryPoint\",\"urlTemplate\":\"https:\/\/autoklastr.cz\/cs\/?s={search_term_string}\"},\"query-input\":{\"@type\":\"PropertyValueSpecification\",\"valueRequired\":true,\"valueName\":\"search_term_string\"}}],\"inLanguage\":\"en-US\"},{\"@type\":\"Person\",\"@id\":\"https:\/\/autoklastr.cz\/cs\/#\/schema\/person\/2ceb72e5fd7e969ea3b11f014ed72896\",\"name\":\"adam.priechodsky\",\"image\":{\"@type\":\"ImageObject\",\"inLanguage\":\"en-US\",\"@id\":\"https:\/\/autoklastr.cz\/cs\/#\/schema\/person\/image\/\",\"url\":\"https:\/\/secure.gravatar.com\/avatar\/d2e6c6214446f55d001681a1366ee5ab?s=96&d=mm&r=g\",\"contentUrl\":\"https:\/\/secure.gravatar.com\/avatar\/d2e6c6214446f55d001681a1366ee5ab?s=96&d=mm&r=g\",\"caption\":\"adam.priechodsky\"}}]}<\/script>\n<!-- \/ Yoast SEO plugin. -->","yoast_head_json":{"title":"Autoklastr z\u00edskal \u010destn\u00e9 ocen\u011bn\u00ed za p\u0159\u00ednos v oblasti vzd\u011bl\u00e1v\u00e1n\u00ed | Autoklastr","robots":{"index":"index","follow":"follow","max-snippet":"max-snippet:-1","max-image-preview":"max-image-preview:large","max-video-preview":"max-video-preview:-1"},"canonical":"https:\/\/autoklastr.cz\/cs\/autoklastr-ziskal-cestne-oceneni-za-prinos-v-oblasti\/","og_locale":"en_US","og_type":"article","og_title":"[:cs]Autoklastr z\u00edskal \u010destn\u00e9 ocen\u011bn\u00ed za p\u0159\u00ednos v oblasti vzd\u011bl\u00e1v\u00e1n\u00ed[:] | Autoklastr","og_description":"Autoklastr se z\u00fa\u010dastnil 22.6.2021 Dne klastr\u016f v Libereck\u00e9m kraji, organizovan\u00fd N\u00e1rodn\u00ed klastrovou asociac\u00ed a Agenturou region\u00e1ln\u00edho rozvoje Libereck\u00e9ho kraje. Autoklastr za p\u0159\u00edtomnosti Ladislava Glogara a nov\u00e9ho v\u00fdkonn\u00e9ho \u0159editele Libora Dobe\u0161e p\u0159evzal \u010destn\u00e9 ocen\u011bn\u00ed v kategorii za p\u0159\u00ednos v oblasti v vzd\u011bl\u00e1v\u00e1n\u00ed. Na konferenci jsme p\u0159edstavili celou \u0159adu p\u0159\u00edklad\u016f, jak jsme pro V\u00e1s \u010dleny realizovali vzd\u011bl\u00e1vac\u00ed [&hellip;]","og_url":"https:\/\/autoklastr.cz\/en\/autoklastr-ziskal-cestne-oceneni-za-prinos-v-oblasti\/","og_site_name":"Autoklastr","article_published_time":"2021-06-23T14:05:57+00:00","article_modified_time":"2021-06-23T14:08:59+00:00","og_image":[{"width":2048,"height":1536,"url":"https:\/\/autoklastr.cz\/wp-content\/uploads\/2021\/06\/IMG_1844-scaled.jpg","type":"image\/jpeg"}],"author":"adam.priechodsky","twitter_card":"summary_large_image","twitter_misc":{"Written by":"adam.priechodsky","Est. reading time":"1 minute"},"schema":{"@context":"https:\/\/schema.org","@graph":[{"@type":"WebPage","@id":"https:\/\/autoklastr.cz\/cs\/autoklastr-ziskal-cestne-oceneni-za-prinos-v-oblasti\/","url":"https:\/\/autoklastr.cz\/cs\/autoklastr-ziskal-cestne-oceneni-za-prinos-v-oblasti\/","name":"Autoklastr z\u00edskal \u010destn\u00e9 ocen\u011bn\u00ed za p\u0159\u00ednos v oblasti vzd\u011bl\u00e1v\u00e1n\u00ed","isPartOf":{"@id":"https:\/\/autoklastr.cz\/cs\/#website"},"primaryImageOfPage":{"@id":"https:\/\/autoklastr.cz\/cs\/autoklastr-ziskal-cestne-oceneni-za-prinos-v-oblasti\/#primaryimage"},"image":{"@id":"https:\/\/autoklastr.cz\/cs\/autoklastr-ziskal-cestne-oceneni-za-prinos-v-oblasti\/#primaryimage"},"thumbnailUrl":"https:\/\/autoklastr.cz\/wp-content\/uploads\/2021\/06\/IMG_1844-scaled.jpg","datePublished":"2021-06-23T14:05:57+00:00","dateModified":"2021-06-23T14:08:59+00:00","author":{"@id":"https:\/\/autoklastr.cz\/cs\/#\/schema\/person\/2ceb72e5fd7e969ea3b11f014ed72896"},"breadcrumb":{"@id":"https:\/\/autoklastr.cz\/cs\/autoklastr-ziskal-cestne-oceneni-za-prinos-v-oblasti\/#breadcrumb"},"inLanguage":"en-US","potentialAction":[{"@type":"ReadAction","target":["https:\/\/autoklastr.cz\/cs\/autoklastr-ziskal-cestne-oceneni-za-prinos-v-oblasti\/"]}]},{"@type":"ImageObject","inLanguage":"en-US","@id":"https:\/\/autoklastr.cz\/cs\/autoklastr-ziskal-cestne-oceneni-za-prinos-v-oblasti\/#primaryimage","url":"https:\/\/autoklastr.cz\/wp-content\/uploads\/2021\/06\/IMG_1844-scaled.jpg","contentUrl":"https:\/\/autoklastr.cz\/wp-content\/uploads\/2021\/06\/IMG_1844-scaled.jpg","width":2048,"height":1536},{"@type":"BreadcrumbList","@id":"https:\/\/autoklastr.cz\/cs\/autoklastr-ziskal-cestne-oceneni-za-prinos-v-oblasti\/#breadcrumb","itemListElement":[{"@type":"ListItem","position":1,"name":"Dom\u016f","item":"https:\/\/autoklastr.cz\/cs\/"},{"@type":"ListItem","position":2,"name":"Autoklastr z\u00edskal \u010destn\u00e9 ocen\u011bn\u00ed za p\u0159\u00ednos v oblasti vzd\u011bl\u00e1v\u00e1n\u00ed"}]},{"@type":"WebSite","@id":"https:\/\/autoklastr.cz\/cs\/#website","url":"https:\/\/autoklastr.cz\/cs\/","name":"Autoklastr","description":"Spole\u010dn\u011b pro Automotive!","potentialAction":[{"@type":"SearchAction","target":{"@type":"EntryPoint","urlTemplate":"https:\/\/autoklastr.cz\/cs\/?s={search_term_string}"},"query-input":{"@type":"PropertyValueSpecification","valueRequired":true,"valueName":"search_term_string"}}],"inLanguage":"en-US"},{"@type":"Person","@id":"https:\/\/autoklastr.cz\/cs\/#\/schema\/person\/2ceb72e5fd7e969ea3b11f014ed72896","name":"adam.priechodsky","image":{"@type":"ImageObject","inLanguage":"en-US","@id":"https:\/\/autoklastr.cz\/cs\/#\/schema\/person\/image\/","url":"https:\/\/secure.gravatar.com\/avatar\/d2e6c6214446f55d001681a1366ee5ab?s=96&d=mm&r=g","contentUrl":"https:\/\/secure.gravatar.com\/avatar\/d2e6c6214446f55d001681a1366ee5ab?s=96&d=mm&r=g","caption":"adam.priechodsky"}}]}},"_links":{"self":[{"href":"https:\/\/autoklastr.cz\/en\/wp-json\/wp\/v2\/posts\/10686"}],"collection":[{"href":"https:\/\/autoklastr.cz\/en\/wp-json\/wp\/v2\/posts"}],"about":[{"href":"https:\/\/autoklastr.cz\/en\/wp-json\/wp\/v2\/types\/post"}],"author":[{"embeddable":true,"href":"https:\/\/autoklastr.cz\/en\/wp-json\/wp\/v2\/users\/4"}],"replies":[{"embeddable":true,"href":"https:\/\/autoklastr.cz\/en\/wp-json\/wp\/v2\/comments?post=10686"}],"version-history":[{"count":7,"href":"https:\/\/autoklastr.cz\/en\/wp-json\/wp\/v2\/posts\/10686\/revisions"}],"predecessor-version":[{"id":10694,"href":"https:\/\/autoklastr.cz\/en\/wp-json\/wp\/v2\/posts\/10686\/revisions\/10694"}],"wp:featuredmedia":[{"embeddable":true,"href":"https:\/\/autoklastr.cz\/en\/wp-json\/wp\/v2\/media\/10692"}],"wp:attachment":[{"href":"https:\/\/autoklastr.cz\/en\/wp-json\/wp\/v2\/media?parent=10686"}],"wp:term":[{"taxonomy":"category","embeddable":true,"href":"https:\/\/autoklastr.cz\/en\/wp-json\/wp\/v2\/categories?post=10686"},{"taxonomy":"post_tag","embeddable":true,"href":"https:\/\/autoklastr.cz\/en\/wp-json\/wp\/v2\/tags?post=10686"},{"taxonomy":"kategorie_prispevku","embeddable":true,"href":"https:\/\/autoklastr.cz\/en\/wp-json\/wp\/v2\/kategorie_prispevku?post=10686"}],"curies":[{"name":"wp","href":"https:\/\/api.w.org\/{rel}","templated":true}]}}