{"id":34312,"date":"2026-08-31T12:31:23","date_gmt":"2026-08-31T10:31:23","guid":{"rendered":"https:\/\/autoklastr.cz\/cs\/?p=34312"},"modified":"2026-08-31T15:21:31","modified_gmt":"2026-08-31T13:21:31","slug":"nove-evropske-narizeni-o-bateriich-dopadne-na-tisice-ceskych-firem","status":"publish","type":"post","link":"https:\/\/autoklastr.cz\/cs\/nove-evropske-narizeni-o-bateriich-dopadne-na-tisice-ceskych-firem\/","title":{"rendered":"Nov\u00e9 evropsk\u00e9 na\u0159\u00edzen\u00ed o bateri\u00edch dopadne na tis\u00edce \u010desk\u00fdch firem"},"content":{"rendered":"<p data-path-to-node=\"1\"><strong>Evropsk\u00e1 unie zav\u00e1d\u00ed p\u0159\u00edsn\u011bj\u0161\u00ed ekologick\u00e1 pravidla pro baterie. Nov\u00e9 povinnosti se p\u0159ekvapiv\u011b dotknou i dovozc\u016f a distributor\u016f, kte\u0159\u00ed sami \u017e\u00e1dnou technologii ani techniku nevyr\u00e1b\u011bj\u00ed. <\/strong><\/p>\n<h5 data-path-to-node=\"1\">Zjist\u011bte, jak\u00e9 zm\u011bny p\u0159ich\u00e1zej\u00ed a kolik \u010dasu v\u00e1m vlastn\u011b zb\u00fdv\u00e1<\/h5>\n<p data-path-to-node=\"2\">Nov\u00e9 na\u0159\u00edzen\u00ed zas\u00e1hne ka\u017ed\u00e9ho, kdo s akumul\u00e1tory jakkoli obchoduje. Anal\u00fdza poradensk\u00e9 spole\u010dnosti BDO ukazuje, \u017ee povinnosti dopadnou na dovozce elektrokol, dodavatele <b data-path-to-node=\"2\" data-index-in-node=\"169\">bateriov\u00fdch<\/b> \u00falo\u017ei\u0161\u0165 i firmy, kter\u00e9 montuj\u00ed mal\u00e9 <b data-path-to-node=\"2\" data-index-in-node=\"217\">baterie<\/b> do senzor\u016f nebo \u0159\u00eddic\u00edch jednotek. Mnoho podnik\u016f v oblastech <a href=\"https:\/\/autoklastr.cz\/cs\/kontakt\/\" target=\"_blank\" rel=\"noopener\"><b data-path-to-node=\"2\" data-index-in-node=\"286\">automotive<\/b><\/a> i v navazuj\u00edc\u00edm <b data-path-to-node=\"2\" data-index-in-node=\"313\">pr\u016fmyslu<\/b> si p\u0159itom v\u016fbec neuv\u011bdomuje, \u017ee se jich tato regulace t\u00fdk\u00e1.<\/p>\n<p data-path-to-node=\"3\">Evropsk\u00e1 komise sice nab\u00edr\u00e1 zpo\u017ed\u011bn\u00ed s prov\u00e1d\u011bc\u00edm p\u0159edpisem, co\u017e d\u00e1v\u00e1 firm\u00e1m minim\u00e1ln\u011b osmn\u00e1ct m\u011bs\u00edc\u016f \u010dasu nav\u00edc na p\u0159\u00edpravu. Odborn\u00edci p\u0159esto rad\u00ed neot\u00e1let. U\u017e v \u00fanoru 2027 toti\u017e za\u010dne platit povinnost ozna\u010dovat vybran\u00e9 akumul\u00e1tory QR k\u00f3dem s digit\u00e1ln\u00edmi informacemi. Ve stejn\u00e9m term\u00ednu mus\u00ed v\u00fdrobci zajistit, aby koncov\u00ed u\u017eivatel\u00e9 mohli <b data-path-to-node=\"3\" data-index-in-node=\"339\">baterie<\/b> ze za\u0159\u00edzen\u00ed snadno vyjmout a vym\u011bnit bez speci\u00e1ln\u00edho n\u00e1\u0159ad\u00ed.<\/p>\n<p data-path-to-node=\"4\">Od srpna 2027 pak firm\u00e1m p\u0159ibude povinnost prokazovat p\u016fvod surovin, jako je lithium, kobalt nebo nikl. Budete muset aktivn\u011b prov\u011b\u0159ovat soci\u00e1ln\u00ed i ekologick\u00e1 rizika v cel\u00e9m dodavatelsk\u00e9m \u0159et\u011bzci. Distributor nav\u00edc nesm\u00ed zbo\u017e\u00ed jen pasivn\u011b p\u0159evz\u00edt. Mus\u00ed s\u00e1m ov\u011b\u0159it ozna\u010den\u00ed CE a kompletnost dokument\u016f. Pokud zjist\u00ed nesoulad, nesm\u00ed produkt v\u016fbec uv\u00e9st na trh.<\/p>\n<p data-path-to-node=\"5\">\u010cesk\u00fd z\u00e1kon o v\u00fdrobc\u00edch s ukon\u010denou \u017eivotnost\u00ed nav\u00edc evropsk\u00e1 pravidla zat\u00edm pln\u011b nereflektuje, co\u017e situaci v tuzemsku d\u00e1l komplikuje. V prvn\u00edm kroku si proto vytvo\u0159te p\u0159esn\u00fd p\u0159ehled v\u0161ech pou\u017e\u00edvan\u00fdch <b data-path-to-node=\"5\" data-index-in-node=\"201\">bateri\u00ed<\/b>. Ur\u010dete svou re\u00e1lnou roli v \u0159et\u011bzci a v\u010das vy\u017eadujte pot\u0159ebn\u00e1 data od sv\u00fdch dodavatel\u016f.<\/p>\n<p data-path-to-node=\"5\"><img loading=\"lazy\" decoding=\"async\" class=\"alignleft size-full wp-image-34313\" src=\"https:\/\/autoklastr.cz\/wp-content\/uploads\/2026\/08\/fotky-2.jpg\" alt=\"\" width=\"894\" height=\"596\" srcset=\"https:\/\/autoklastr.cz\/wp-content\/uploads\/2026\/08\/fotky-2.jpg 894w, https:\/\/autoklastr.cz\/wp-content\/uploads\/2026\/08\/fotky-2-300x200.jpg 300w, https:\/\/autoklastr.cz\/wp-content\/uploads\/2026\/08\/fotky-2-768x512.jpg 768w\" sizes=\"auto, (max-width: 894px) 100vw, 894px\" \/><\/p>\n<p data-path-to-node=\"10\">Zdroj: Automakers \/ Anal\u00fdza BDO<\/p>\n<p data-path-to-node=\"10\">Forto: License gallery<\/p>\n","protected":false},"excerpt":{"rendered":"<p>Evropsk\u00e1 unie zav\u00e1d\u00ed p\u0159\u00edsn\u011bj\u0161\u00ed ekologick\u00e1 pravidla pro baterie. Nov\u00e9 povinnosti se p\u0159ekvapiv\u011b dotknou i dovozc\u016f a distributor\u016f, kte\u0159\u00ed sami \u017e\u00e1dnou technologii ani techniku nevyr\u00e1b\u011bj\u00ed. Zjist\u011bte, jak\u00e9 zm\u011bny p\u0159ich\u00e1zej\u00ed a kolik \u010dasu v\u00e1m vlastn\u011b zb\u00fdv\u00e1 Nov\u00e9 na\u0159\u00edzen\u00ed zas\u00e1hne ka\u017ed\u00e9ho, kdo s akumul\u00e1tory jakkoli obchoduje. Anal\u00fdza poradensk\u00e9 spole\u010dnosti BDO ukazuje, \u017ee povinnosti dopadnou na dovozce elektrokol, dodavatele [&hellip;]<\/p>\n","protected":false},"author":97,"featured_media":34314,"comment_status":"open","ping_status":"open","sticky":false,"template":"","format":"standard","meta":{"_acf_changed":false,"inline_featured_image":false,"footnotes":""},"categories":[1],"tags":[590,614,692,866,865,867,591,862,619,626],"kategorie_prispevku":[],"class_list":["post-34312","post","type-post","status-publish","format-standard","has-post-thumbnail","hentry","category-nezarazene","tag-autoklastr","tag-automotive","tag-baterie","tag-distribuce","tag-dovoz","tag-ekologie","tag-eu","tag-legislativa","tag-prumysl","tag-technologie"],"acf":[],"yoast_head":"<!-- This site is optimized with the Yoast SEO plugin v28.3 - https:\/\/yoast.com\/product\/yoast-seo-wordpress\/ -->\n<title>Nov\u00e9 evropsk\u00e9 na\u0159\u00edzen\u00ed o bateri\u00edch dopadne na tis\u00edce \u010desk\u00fdch firem<\/title>\n<meta name=\"description\" content=\"Nov\u00e9 na\u0159\u00edzen\u00ed EU o bateri\u00edch dopad\u00e1 na v\u00fdrobce, dovozce i distributory. Zjist\u011bte, jak\u00e9 povinnosti mus\u00edte splnit u QR k\u00f3d\u016f, prokazov\u00e1n\u00ed p\u016fvodu surovin a snadn\u00e9 v\u00fdm\u011bny akumul\u00e1tor\u016f.\" \/>\n<meta name=\"robots\" content=\"index, follow, max-snippet:-1, max-image-preview:large, max-video-preview:-1\" \/>\n<link rel=\"canonical\" href=\"https:\/\/autoklastr.cz\/cs\/nove-evropske-narizeni-o-bateriich-dopadne-na-tisice-ceskych-firem\/\" \/>\n<meta property=\"og:locale\" content=\"cs_CZ\" \/>\n<meta property=\"og:locale:alternate\" content=\"en_US\" \/>\n<meta property=\"og:type\" content=\"article\" \/>\n<meta property=\"og:title\" content=\"Nov\u00e9 evropsk\u00e9 na\u0159\u00edzen\u00ed o bateri\u00edch dopadne na tis\u00edce \u010desk\u00fdch firem\" \/>\n<meta property=\"og:description\" content=\"Nov\u00e9 na\u0159\u00edzen\u00ed EU o bateri\u00edch dopad\u00e1 na v\u00fdrobce, dovozce i distributory. Zjist\u011bte, jak\u00e9 povinnosti mus\u00edte splnit u QR k\u00f3d\u016f, prokazov\u00e1n\u00ed p\u016fvodu surovin a snadn\u00e9 v\u00fdm\u011bny akumul\u00e1tor\u016f.\" \/>\n<meta property=\"og:url\" content=\"https:\/\/autoklastr.cz\/cs\/nove-evropske-narizeni-o-bateriich-dopadne-na-tisice-ceskych-firem\/\" \/>\n<meta property=\"og:site_name\" content=\"Autoklastr\" \/>\n<meta property=\"article:published_time\" content=\"2026-08-31T10:31:23+00:00\" \/>\n<meta property=\"article:modified_time\" content=\"2026-08-31T13:21:31+00:00\" \/>\n<meta property=\"og:image\" content=\"https:\/\/autoklastr.cz\/wp-content\/uploads\/2026\/08\/fotky-2.jpg\" \/>\n\t<meta property=\"og:image:width\" content=\"894\" \/>\n\t<meta property=\"og:image:height\" content=\"596\" \/>\n\t<meta property=\"og:image:type\" content=\"image\/jpeg\" \/>\n<meta name=\"author\" content=\"Radka \u0160vejnohov\u00e1\" \/>\n<meta name=\"twitter:card\" content=\"summary_large_image\" \/>\n<meta name=\"twitter:label1\" content=\"Napsal(a)\" \/>\n\t<meta name=\"twitter:data1\" content=\"Radka \u0160vejnohov\u00e1\" \/>\n\t<meta name=\"twitter:label2\" content=\"Odhadovan\u00e1 doba \u010dten\u00ed\" \/>\n\t<meta name=\"twitter:data2\" content=\"2 minuty\" \/>\n<script type=\"application\/ld+json\" class=\"yoast-schema-graph\">{\"@context\":\"https:\\\/\\\/schema.org\",\"@graph\":[{\"@type\":\"Article\",\"@id\":\"https:\\\/\\\/autoklastr.cz\\\/cs\\\/nove-evropske-narizeni-o-bateriich-dopadne-na-tisice-ceskych-firem\\\/#article\",\"isPartOf\":{\"@id\":\"https:\\\/\\\/autoklastr.cz\\\/cs\\\/nove-evropske-narizeni-o-bateriich-dopadne-na-tisice-ceskych-firem\\\/\"},\"author\":{\"name\":\"Radka \u0160vejnohov\u00e1\",\"@id\":\"https:\\\/\\\/autoklastr.cz\\\/#\\\/schema\\\/person\\\/ff06875ec9162231a7cfaec72839d7f7\"},\"headline\":\"Nov\u00e9 evropsk\u00e9 na\u0159\u00edzen\u00ed o bateri\u00edch dopadne na tis\u00edce \u010desk\u00fdch firem\",\"datePublished\":\"2026-08-31T10:31:23+00:00\",\"dateModified\":\"2026-08-31T13:21:31+00:00\",\"mainEntityOfPage\":{\"@id\":\"https:\\\/\\\/autoklastr.cz\\\/cs\\\/nove-evropske-narizeni-o-bateriich-dopadne-na-tisice-ceskych-firem\\\/\"},\"wordCount\":362,\"commentCount\":0,\"image\":{\"@id\":\"https:\\\/\\\/autoklastr.cz\\\/cs\\\/nove-evropske-narizeni-o-bateriich-dopadne-na-tisice-ceskych-firem\\\/#primaryimage\"},\"thumbnailUrl\":\"https:\\\/\\\/autoklastr.cz\\\/wp-content\\\/uploads\\\/2026\\\/08\\\/fotky-2-1.jpg\",\"keywords\":[\"Autoklastr\",\"automotive\",\"baterie\",\"distribuce\",\"dovoz\",\"ekologie\",\"EU\",\"legislativa\",\"pr\u016fmysl\",\"technologie\"],\"inLanguage\":\"cs-CZ\",\"potentialAction\":[{\"@type\":\"CommentAction\",\"name\":\"Comment\",\"target\":[\"https:\\\/\\\/autoklastr.cz\\\/cs\\\/nove-evropske-narizeni-o-bateriich-dopadne-na-tisice-ceskych-firem\\\/#respond\"]}]},{\"@type\":\"WebPage\",\"@id\":\"https:\\\/\\\/autoklastr.cz\\\/cs\\\/nove-evropske-narizeni-o-bateriich-dopadne-na-tisice-ceskych-firem\\\/\",\"url\":\"https:\\\/\\\/autoklastr.cz\\\/cs\\\/nove-evropske-narizeni-o-bateriich-dopadne-na-tisice-ceskych-firem\\\/\",\"name\":\"Nov\u00e9 evropsk\u00e9 na\u0159\u00edzen\u00ed o bateri\u00edch dopadne na tis\u00edce \u010desk\u00fdch firem\",\"isPartOf\":{\"@id\":\"https:\\\/\\\/autoklastr.cz\\\/#website\"},\"primaryImageOfPage\":{\"@id\":\"https:\\\/\\\/autoklastr.cz\\\/cs\\\/nove-evropske-narizeni-o-bateriich-dopadne-na-tisice-ceskych-firem\\\/#primaryimage\"},\"image\":{\"@id\":\"https:\\\/\\\/autoklastr.cz\\\/cs\\\/nove-evropske-narizeni-o-bateriich-dopadne-na-tisice-ceskych-firem\\\/#primaryimage\"},\"thumbnailUrl\":\"https:\\\/\\\/autoklastr.cz\\\/wp-content\\\/uploads\\\/2026\\\/08\\\/fotky-2-1.jpg\",\"datePublished\":\"2026-08-31T10:31:23+00:00\",\"dateModified\":\"2026-08-31T13:21:31+00:00\",\"author\":{\"@id\":\"https:\\\/\\\/autoklastr.cz\\\/#\\\/schema\\\/person\\\/ff06875ec9162231a7cfaec72839d7f7\"},\"description\":\"Nov\u00e9 na\u0159\u00edzen\u00ed EU o bateri\u00edch dopad\u00e1 na v\u00fdrobce, dovozce i distributory. Zjist\u011bte, jak\u00e9 povinnosti mus\u00edte splnit u QR k\u00f3d\u016f, prokazov\u00e1n\u00ed p\u016fvodu surovin a snadn\u00e9 v\u00fdm\u011bny akumul\u00e1tor\u016f.\",\"breadcrumb\":{\"@id\":\"https:\\\/\\\/autoklastr.cz\\\/cs\\\/nove-evropske-narizeni-o-bateriich-dopadne-na-tisice-ceskych-firem\\\/#breadcrumb\"},\"inLanguage\":\"cs-CZ\",\"potentialAction\":[{\"@type\":\"ReadAction\",\"target\":[\"https:\\\/\\\/autoklastr.cz\\\/cs\\\/nove-evropske-narizeni-o-bateriich-dopadne-na-tisice-ceskych-firem\\\/\"]}]},{\"@type\":\"ImageObject\",\"inLanguage\":\"cs-CZ\",\"@id\":\"https:\\\/\\\/autoklastr.cz\\\/cs\\\/nove-evropske-narizeni-o-bateriich-dopadne-na-tisice-ceskych-firem\\\/#primaryimage\",\"url\":\"https:\\\/\\\/autoklastr.cz\\\/wp-content\\\/uploads\\\/2026\\\/08\\\/fotky-2-1.jpg\",\"contentUrl\":\"https:\\\/\\\/autoklastr.cz\\\/wp-content\\\/uploads\\\/2026\\\/08\\\/fotky-2-1.jpg\",\"width\":894,\"height\":596},{\"@type\":\"BreadcrumbList\",\"@id\":\"https:\\\/\\\/autoklastr.cz\\\/cs\\\/nove-evropske-narizeni-o-bateriich-dopadne-na-tisice-ceskych-firem\\\/#breadcrumb\",\"itemListElement\":[{\"@type\":\"ListItem\",\"position\":1,\"name\":\"Dom\u016f\",\"item\":\"https:\\\/\\\/autoklastr.cz\\\/cs\\\/\"},{\"@type\":\"ListItem\",\"position\":2,\"name\":\"Nov\u00e9 evropsk\u00e9 na\u0159\u00edzen\u00ed o bateri\u00edch dopadne na tis\u00edce \u010desk\u00fdch firem\"}]},{\"@type\":\"WebSite\",\"@id\":\"https:\\\/\\\/autoklastr.cz\\\/#website\",\"url\":\"https:\\\/\\\/autoklastr.cz\\\/\",\"name\":\"Autoklastr\",\"description\":\"Spole\u010dn\u011b v Automotive!\",\"potentialAction\":[{\"@type\":\"SearchAction\",\"target\":{\"@type\":\"EntryPoint\",\"urlTemplate\":\"https:\\\/\\\/autoklastr.cz\\\/?s={search_term_string}\"},\"query-input\":{\"@type\":\"PropertyValueSpecification\",\"valueRequired\":true,\"valueName\":\"search_term_string\"}}],\"inLanguage\":\"cs-CZ\"},{\"@type\":\"Person\",\"@id\":\"https:\\\/\\\/autoklastr.cz\\\/#\\\/schema\\\/person\\\/ff06875ec9162231a7cfaec72839d7f7\",\"name\":\"Radka \u0160vejnohov\u00e1\",\"image\":{\"@type\":\"ImageObject\",\"inLanguage\":\"cs-CZ\",\"@id\":\"https:\\\/\\\/secure.gravatar.com\\\/avatar\\\/223ea111d0df10288d2367b4b5e07cf086b24750dcaf3c8bb84f838ea292e829?s=96&d=mm&r=g\",\"url\":\"https:\\\/\\\/secure.gravatar.com\\\/avatar\\\/223ea111d0df10288d2367b4b5e07cf086b24750dcaf3c8bb84f838ea292e829?s=96&d=mm&r=g\",\"contentUrl\":\"https:\\\/\\\/secure.gravatar.com\\\/avatar\\\/223ea111d0df10288d2367b4b5e07cf086b24750dcaf3c8bb84f838ea292e829?s=96&d=mm&r=g\",\"caption\":\"Radka \u0160vejnohov\u00e1\"}}]}<\/script>\n<!-- \/ Yoast SEO plugin. -->","yoast_head_json":{"title":"Nov\u00e9 evropsk\u00e9 na\u0159\u00edzen\u00ed o bateri\u00edch dopadne na tis\u00edce \u010desk\u00fdch firem","description":"Nov\u00e9 na\u0159\u00edzen\u00ed EU o bateri\u00edch dopad\u00e1 na v\u00fdrobce, dovozce i distributory. Zjist\u011bte, jak\u00e9 povinnosti mus\u00edte splnit u QR k\u00f3d\u016f, prokazov\u00e1n\u00ed p\u016fvodu surovin a snadn\u00e9 v\u00fdm\u011bny akumul\u00e1tor\u016f.","robots":{"index":"index","follow":"follow","max-snippet":"max-snippet:-1","max-image-preview":"max-image-preview:large","max-video-preview":"max-video-preview:-1"},"canonical":"https:\/\/autoklastr.cz\/cs\/nove-evropske-narizeni-o-bateriich-dopadne-na-tisice-ceskych-firem\/","og_locale":"cs_CZ","og_type":"article","og_title":"[:cs]Nov\u00e9 evropsk\u00e9 na\u0159\u00edzen\u00ed o bateri\u00edch dopadne na tis\u00edce \u010desk\u00fdch firem[:] | Autoklastr","og_description":"[:cs]Nov\u00e9 na\u0159\u00edzen\u00ed EU o bateri\u00edch dopad\u00e1 na v\u00fdrobce, dovozce i distributory. Zjist\u011bte, jak\u00e9 povinnosti mus\u00edte splnit u QR k\u00f3d\u016f, prokazov\u00e1n\u00ed p\u016fvodu surovin a snadn\u00e9 v\u00fdm\u011bny akumul\u00e1tor\u016f.[:]","og_url":"https:\/\/autoklastr.cz\/cs\/nove-evropske-narizeni-o-bateriich-dopadne-na-tisice-ceskych-firem\/","og_site_name":"Autoklastr","article_published_time":"2026-08-31T10:31:23+00:00","article_modified_time":"2026-08-31T13:21:31+00:00","og_image":[{"width":894,"height":596,"url":"https:\/\/autoklastr.cz\/wp-content\/uploads\/2026\/08\/fotky-2.jpg","type":"image\/jpeg"}],"author":"Radka \u0160vejnohov\u00e1","twitter_card":"summary_large_image","twitter_misc":{"Napsal(a)":"Radka \u0160vejnohov\u00e1","Odhadovan\u00e1 doba \u010dten\u00ed":"2 minuty"},"schema":{"@context":"https:\/\/schema.org","@graph":[{"@type":"Article","@id":"https:\/\/autoklastr.cz\/cs\/nove-evropske-narizeni-o-bateriich-dopadne-na-tisice-ceskych-firem\/#article","isPartOf":{"@id":"https:\/\/autoklastr.cz\/cs\/nove-evropske-narizeni-o-bateriich-dopadne-na-tisice-ceskych-firem\/"},"author":{"name":"Radka \u0160vejnohov\u00e1","@id":"https:\/\/autoklastr.cz\/#\/schema\/person\/ff06875ec9162231a7cfaec72839d7f7"},"headline":"Nov\u00e9 evropsk\u00e9 na\u0159\u00edzen\u00ed o bateri\u00edch dopadne na tis\u00edce \u010desk\u00fdch firem","datePublished":"2026-08-31T10:31:23+00:00","dateModified":"2026-08-31T13:21:31+00:00","mainEntityOfPage":{"@id":"https:\/\/autoklastr.cz\/cs\/nove-evropske-narizeni-o-bateriich-dopadne-na-tisice-ceskych-firem\/"},"wordCount":362,"commentCount":0,"image":{"@id":"https:\/\/autoklastr.cz\/cs\/nove-evropske-narizeni-o-bateriich-dopadne-na-tisice-ceskych-firem\/#primaryimage"},"thumbnailUrl":"https:\/\/autoklastr.cz\/wp-content\/uploads\/2026\/08\/fotky-2-1.jpg","keywords":["Autoklastr","automotive","baterie","distribuce","dovoz","ekologie","EU","legislativa","pr\u016fmysl","technologie"],"inLanguage":"cs-CZ","potentialAction":[{"@type":"CommentAction","name":"Comment","target":["https:\/\/autoklastr.cz\/cs\/nove-evropske-narizeni-o-bateriich-dopadne-na-tisice-ceskych-firem\/#respond"]}]},{"@type":"WebPage","@id":"https:\/\/autoklastr.cz\/cs\/nove-evropske-narizeni-o-bateriich-dopadne-na-tisice-ceskych-firem\/","url":"https:\/\/autoklastr.cz\/cs\/nove-evropske-narizeni-o-bateriich-dopadne-na-tisice-ceskych-firem\/","name":"Nov\u00e9 evropsk\u00e9 na\u0159\u00edzen\u00ed o bateri\u00edch dopadne na tis\u00edce \u010desk\u00fdch firem","isPartOf":{"@id":"https:\/\/autoklastr.cz\/#website"},"primaryImageOfPage":{"@id":"https:\/\/autoklastr.cz\/cs\/nove-evropske-narizeni-o-bateriich-dopadne-na-tisice-ceskych-firem\/#primaryimage"},"image":{"@id":"https:\/\/autoklastr.cz\/cs\/nove-evropske-narizeni-o-bateriich-dopadne-na-tisice-ceskych-firem\/#primaryimage"},"thumbnailUrl":"https:\/\/autoklastr.cz\/wp-content\/uploads\/2026\/08\/fotky-2-1.jpg","datePublished":"2026-08-31T10:31:23+00:00","dateModified":"2026-08-31T13:21:31+00:00","author":{"@id":"https:\/\/autoklastr.cz\/#\/schema\/person\/ff06875ec9162231a7cfaec72839d7f7"},"description":"Nov\u00e9 na\u0159\u00edzen\u00ed EU o bateri\u00edch dopad\u00e1 na v\u00fdrobce, dovozce i distributory. Zjist\u011bte, jak\u00e9 povinnosti mus\u00edte splnit u QR k\u00f3d\u016f, prokazov\u00e1n\u00ed p\u016fvodu surovin a snadn\u00e9 v\u00fdm\u011bny akumul\u00e1tor\u016f.","breadcrumb":{"@id":"https:\/\/autoklastr.cz\/cs\/nove-evropske-narizeni-o-bateriich-dopadne-na-tisice-ceskych-firem\/#breadcrumb"},"inLanguage":"cs-CZ","potentialAction":[{"@type":"ReadAction","target":["https:\/\/autoklastr.cz\/cs\/nove-evropske-narizeni-o-bateriich-dopadne-na-tisice-ceskych-firem\/"]}]},{"@type":"ImageObject","inLanguage":"cs-CZ","@id":"https:\/\/autoklastr.cz\/cs\/nove-evropske-narizeni-o-bateriich-dopadne-na-tisice-ceskych-firem\/#primaryimage","url":"https:\/\/autoklastr.cz\/wp-content\/uploads\/2026\/08\/fotky-2-1.jpg","contentUrl":"https:\/\/autoklastr.cz\/wp-content\/uploads\/2026\/08\/fotky-2-1.jpg","width":894,"height":596},{"@type":"BreadcrumbList","@id":"https:\/\/autoklastr.cz\/cs\/nove-evropske-narizeni-o-bateriich-dopadne-na-tisice-ceskych-firem\/#breadcrumb","itemListElement":[{"@type":"ListItem","position":1,"name":"Dom\u016f","item":"https:\/\/autoklastr.cz\/cs\/"},{"@type":"ListItem","position":2,"name":"Nov\u00e9 evropsk\u00e9 na\u0159\u00edzen\u00ed o bateri\u00edch dopadne na tis\u00edce \u010desk\u00fdch firem"}]},{"@type":"WebSite","@id":"https:\/\/autoklastr.cz\/#website","url":"https:\/\/autoklastr.cz\/","name":"Autoklastr","description":"Spole\u010dn\u011b v Automotive!","potentialAction":[{"@type":"SearchAction","target":{"@type":"EntryPoint","urlTemplate":"https:\/\/autoklastr.cz\/?s={search_term_string}"},"query-input":{"@type":"PropertyValueSpecification","valueRequired":true,"valueName":"search_term_string"}}],"inLanguage":"cs-CZ"},{"@type":"Person","@id":"https:\/\/autoklastr.cz\/#\/schema\/person\/ff06875ec9162231a7cfaec72839d7f7","name":"Radka \u0160vejnohov\u00e1","image":{"@type":"ImageObject","inLanguage":"cs-CZ","@id":"https:\/\/secure.gravatar.com\/avatar\/223ea111d0df10288d2367b4b5e07cf086b24750dcaf3c8bb84f838ea292e829?s=96&d=mm&r=g","url":"https:\/\/secure.gravatar.com\/avatar\/223ea111d0df10288d2367b4b5e07cf086b24750dcaf3c8bb84f838ea292e829?s=96&d=mm&r=g","contentUrl":"https:\/\/secure.gravatar.com\/avatar\/223ea111d0df10288d2367b4b5e07cf086b24750dcaf3c8bb84f838ea292e829?s=96&d=mm&r=g","caption":"Radka \u0160vejnohov\u00e1"}}]}},"_links":{"self":[{"href":"https:\/\/autoklastr.cz\/cs\/wp-json\/wp\/v2\/posts\/34312","targetHints":{"allow":["GET"]}}],"collection":[{"href":"https:\/\/autoklastr.cz\/cs\/wp-json\/wp\/v2\/posts"}],"about":[{"href":"https:\/\/autoklastr.cz\/cs\/wp-json\/wp\/v2\/types\/post"}],"author":[{"embeddable":true,"href":"https:\/\/autoklastr.cz\/cs\/wp-json\/wp\/v2\/users\/97"}],"replies":[{"embeddable":true,"href":"https:\/\/autoklastr.cz\/cs\/wp-json\/wp\/v2\/comments?post=34312"}],"version-history":[{"count":4,"href":"https:\/\/autoklastr.cz\/cs\/wp-json\/wp\/v2\/posts\/34312\/revisions"}],"predecessor-version":[{"id":34318,"href":"https:\/\/autoklastr.cz\/cs\/wp-json\/wp\/v2\/posts\/34312\/revisions\/34318"}],"wp:featuredmedia":[{"embeddable":true,"href":"https:\/\/autoklastr.cz\/cs\/wp-json\/wp\/v2\/media\/34314"}],"wp:attachment":[{"href":"https:\/\/autoklastr.cz\/cs\/wp-json\/wp\/v2\/media?parent=34312"}],"wp:term":[{"taxonomy":"category","embeddable":true,"href":"https:\/\/autoklastr.cz\/cs\/wp-json\/wp\/v2\/categories?post=34312"},{"taxonomy":"post_tag","embeddable":true,"href":"https:\/\/autoklastr.cz\/cs\/wp-json\/wp\/v2\/tags?post=34312"},{"taxonomy":"kategorie_prispevku","embeddable":true,"href":"https:\/\/autoklastr.cz\/cs\/wp-json\/wp\/v2\/kategorie_prispevku?post=34312"}],"curies":[{"name":"wp","href":"https:\/\/api.w.org\/{rel}","templated":true}]}}