{"id":34291,"date":"2026-09-01T14:39:49","date_gmt":"2026-09-01T12:39:49","guid":{"rendered":"https:\/\/autoklastr.cz\/cs\/?p=34291"},"modified":"2026-09-01T14:44:38","modified_gmt":"2026-09-01T12:44:38","slug":"prumerne-ceske-auto-starne-v-evropske-unii-drzime-nelichotive-druhe-misto","status":"publish","type":"post","link":"https:\/\/autoklastr.cz\/cs\/prumerne-ceske-auto-starne-v-evropske-unii-drzime-nelichotive-druhe-misto\/","title":{"rendered":"Pr\u016fm\u011brn\u00e9 \u010desk\u00e9 auto st\u00e1rne: V Evropsk\u00e9 unii dr\u017e\u00edme nelichotiv\u00e9 druh\u00e9 m\u00edsto"},"content":{"rendered":"<p data-path-to-node=\"1\"><strong>\u010cesk\u00e1 republika m\u00e1 po \u0158ecku druh\u00fd nejstar\u0161\u00ed vozov\u00fd park v Evropsk\u00e9 unii. Pr\u016fm\u011brn\u00e9 tuzemsk\u00e9 auto m\u00e1 v registrech st\u00e1le vy\u0161\u0161\u00ed v\u011bk, co\u017e ukazuj\u00ed nejnov\u011bj\u0161\u00ed data Svazu dovozc\u016f automobil\u016f.<\/strong><\/p>\n<p data-path-to-node=\"2\">Pr\u016fm\u011brn\u00fd v\u011bk osobn\u00edch voz\u016f na \u010desk\u00fdch silnic\u00edch m\u00edrn\u011b stoupl na 16,76 roku z lo\u0148sk\u00fdch 16,68 roku. Pro srovn\u00e1n\u00ed, v roce 2024 vykazovaly statistiky pr\u016fm\u011brn\u00fd v\u011bk 14,1 roku. Celkov\u00fd po\u010det registrovan\u00fdch osobn\u00edch vozidel v \u010cesku p\u0159itom b\u011bhem prvn\u00edho pololet\u00ed vzrostl o 84 665 na celkov\u00fdch 6,94 milionu.<\/p>\n<p data-path-to-node=\"3\">Za vytrval\u00fdm st\u00e1rnut\u00edm stoj\u00ed podle odborn\u00edk\u016f p\u0159edev\u0161\u00edm masivn\u00ed dovoz ojetin z druh\u00e9 ruky. Ten za prvn\u00edch \u0161est m\u011bs\u00edc\u016f leto\u0161n\u00edho roku vzrostl o 10,4 procenta na v\u00edce ne\u017e 80 tis\u00edc voz\u016f. Pr\u016fm\u011brn\u00fd v\u011bk t\u011bchto dov\u00e1\u017een\u00fdch automobil\u016f nav\u00edc p\u0159esahuje deset let.<\/p>\n<p data-path-to-node=\"4\">\u201eLid\u00e9 zkr\u00e1tka nemaj\u00ed pen\u00edze. Maj\u00ed jen na to, aby si koupili ojetinu, a nov\u00e9 auto kupuj\u00ed v podstat\u011b jen firmy,\u201c vysv\u011btluje Adam Priechodsk\u00fd za <a href=\"https:\/\/autoklastr.cz\/cs\/aktuality\/\" target=\"_blank\" rel=\"noopener\"><b data-path-to-node=\"4\" data-index-in-node=\"141\">Autoklastr<\/b><\/a>.<\/p>\n<p data-path-to-node=\"5\">Slova z\u00e1stupce <b data-path-to-node=\"5\" data-index-in-node=\"15\">Autoklastru<\/b> potvrzuj\u00ed i ofici\u00e1ln\u00ed \u010d\u00edsla. Firemn\u00ed n\u00e1kupy dlouhodob\u011b tvo\u0159\u00ed t\u00e9m\u011b\u0159 t\u0159i \u010dtvrtiny v\u0161ech registrac\u00ed nov\u00fdch voz\u016f v \u010cesku. Pr\u00e1v\u011b podnikov\u00e9 flotily funguj\u00ed jako hlavn\u00ed motor obnovy tuzemsk\u00fdch silnic. Firmy obm\u011b\u0148uj\u00ed sv\u00e1 vozidla pravideln\u011b ka\u017ed\u00fdch \u010dty\u0159i a\u017e \u0161est let, k \u010demu\u017e masivn\u011b p\u0159isp\u00edv\u00e1 vysok\u00e1 obliba operativn\u00edch leasing\u016f.<\/p>\n<p data-path-to-node=\"6\">Statistiku pr\u016fm\u011brn\u00e9ho v\u011bku ale v\u00fdrazn\u011b zkresluje jeden specifick\u00fd tuzemsk\u00fd zvyk. \u010ce\u0161i maj\u00ed v pr\u016fm\u011bru v\u00edce aut na osobu ne\u017e v\u011bt\u0161ina ostatn\u00edch evropsk\u00fdch zem\u00ed. \u201eP\u0159i zakoupen\u00ed nov\u00e9ho vozu do rodiny si lid\u00e9 \u010dasto nech\u00e1vaj\u00ed st\u00e1vaj\u00edc\u00ed star\u0161\u00ed auto jako dal\u0161\u00ed vozidlo.<\/p>\n<p data-path-to-node=\"6\">Mnohdy s n\u00edm pak u\u017e t\u00e9m\u011b\u0159 nejezd\u00ed a neabsolvuj\u00ed ani technick\u00e9 kontroly, p\u0159esto tato vozidla v ofici\u00e1ln\u00edch statistik\u00e1ch z\u016fst\u00e1vaj\u00ed,\u201c objas\u0148uje Barbora Minksov\u00e1 ze spole\u010dnosti Cebia, kter\u00e1 prov\u011b\u0159uje historii ojet\u00fdch voz\u016f.<\/p>\n<p data-path-to-node=\"7\">Re\u00e1ln\u00fd stav na silnic\u00edch tak vypad\u00e1 o n\u011bco l\u00e9pe, ne\u017e ukazuj\u00ed registry. Podle zji\u0161t\u011bn\u00ed spole\u010dnosti Cebia ujedou polovinu v\u0161ech ro\u010dn\u011b najet\u00fdch kilometr\u016f v \u010cesku vozy, kter\u00e9 maj\u00ed maxim\u00e1ln\u011b osm let. Pr\u016fm\u011brn\u00fd v\u011bk aut s platnou technickou kontrolou se pak pohybuje pod hranic\u00ed 14 let.<\/p>\n<p data-path-to-node=\"7\"><img loading=\"lazy\" decoding=\"async\" class=\"alignleft size-full wp-image-34332\" src=\"https:\/\/autoklastr.cz\/wp-content\/uploads\/2026\/09\/fotky-3.jpg\" alt=\"\" width=\"894\" height=\"596\" srcset=\"https:\/\/autoklastr.cz\/wp-content\/uploads\/2026\/09\/fotky-3.jpg 894w, https:\/\/autoklastr.cz\/wp-content\/uploads\/2026\/09\/fotky-3-300x200.jpg 300w, https:\/\/autoklastr.cz\/wp-content\/uploads\/2026\/09\/fotky-3-768x512.jpg 768w\" sizes=\"auto, (max-width: 894px) 100vw, 894px\" \/><\/p>\n<p data-path-to-node=\"7\">Zdroj: AutoSAP, Autoklastr<\/p>\n<p data-path-to-node=\"7\">Foto: License Gallery<\/p>\n","protected":false},"excerpt":{"rendered":"<p>\u010cesk\u00e1 republika m\u00e1 po \u0158ecku druh\u00fd nejstar\u0161\u00ed vozov\u00fd park v Evropsk\u00e9 unii. Pr\u016fm\u011brn\u00e9 tuzemsk\u00e9 auto m\u00e1 v registrech st\u00e1le vy\u0161\u0161\u00ed v\u011bk, co\u017e ukazuj\u00ed nejnov\u011bj\u0161\u00ed data Svazu dovozc\u016f automobil\u016f. Pr\u016fm\u011brn\u00fd v\u011bk osobn\u00edch voz\u016f na \u010desk\u00fdch silnic\u00edch m\u00edrn\u011b stoupl na 16,76 roku z lo\u0148sk\u00fdch 16,68 roku. Pro srovn\u00e1n\u00ed, v roce 2024 vykazovaly statistiky pr\u016fm\u011brn\u00fd v\u011bk 14,1 roku. [&hellip;]<\/p>\n","protected":false},"author":97,"featured_media":34332,"comment_status":"open","ping_status":"open","sticky":false,"template":"","format":"standard","meta":{"_acf_changed":false,"inline_featured_image":false,"footnotes":""},"categories":[1],"tags":[623,590,870,871,619,869,697,698,868],"kategorie_prispevku":[],"class_list":["post-34291","post","type-post","status-publish","format-standard","has-post-thumbnail","hentry","category-nezarazene","tag-auto","tag-autoklastr","tag-cebia","tag-ojetiny","tag-prumysl","tag-sda","tag-statistika","tag-trh","tag-vozovy-park"],"acf":[],"yoast_head":"<!-- This site is optimized with the Yoast SEO plugin v28.4 - https:\/\/yoast.com\/product\/yoast-seo-wordpress\/ -->\n<title>Pr\u016fm\u011brn\u00e9 \u010desk\u00e9 auto st\u00e1rne: V Evropsk\u00e9 unii dr\u017e\u00edme nelichotiv\u00e9 druh\u00e9 m\u00edsto<\/title>\n<meta name=\"description\" content=\"\u010cesk\u00fd vozov\u00fd park st\u00e1rne a pr\u016fm\u011brn\u00fd v\u011bk aut dos\u00e1hl 16,76 roku. Zjist\u011bte, pro\u010d \u010ce\u0161i kupuj\u00ed hlavn\u011b ojetiny, jak statistiky zkresluj\u00ed nepou\u017e\u00edvan\u00e1 vozidla a jak situaci zachra\u0148uj\u00ed firemn\u00ed flotily.\" \/>\n<meta name=\"robots\" content=\"index, follow, max-snippet:-1, max-image-preview:large, max-video-preview:-1\" \/>\n<link rel=\"canonical\" href=\"https:\/\/autoklastr.cz\/cs\/prumerne-ceske-auto-starne-v-evropske-unii-drzime-nelichotive-druhe-misto\/\" \/>\n<meta property=\"og:locale\" content=\"cs_CZ\" \/>\n<meta property=\"og:locale:alternate\" content=\"en_US\" \/>\n<meta property=\"og:type\" content=\"article\" \/>\n<meta property=\"og:title\" content=\"Pr\u016fm\u011brn\u00e9 \u010desk\u00e9 auto st\u00e1rne: V Evropsk\u00e9 unii dr\u017e\u00edme nelichotiv\u00e9 druh\u00e9 m\u00edsto\" \/>\n<meta property=\"og:description\" content=\"\u010cesk\u00fd vozov\u00fd park st\u00e1rne a pr\u016fm\u011brn\u00fd v\u011bk aut dos\u00e1hl 16,76 roku. Zjist\u011bte, pro\u010d \u010ce\u0161i kupuj\u00ed hlavn\u011b ojetiny, jak statistiky zkresluj\u00ed nepou\u017e\u00edvan\u00e1 vozidla a jak situaci zachra\u0148uj\u00ed firemn\u00ed flotily.\" \/>\n<meta property=\"og:url\" content=\"https:\/\/autoklastr.cz\/cs\/prumerne-ceske-auto-starne-v-evropske-unii-drzime-nelichotive-druhe-misto\/\" \/>\n<meta property=\"og:site_name\" content=\"Autoklastr\" \/>\n<meta property=\"article:published_time\" content=\"2026-09-01T12:39:49+00:00\" \/>\n<meta property=\"article:modified_time\" content=\"2026-09-01T12:44:38+00:00\" \/>\n<meta property=\"og:image\" content=\"https:\/\/autoklastr.cz\/wp-content\/uploads\/2026\/09\/fotky-3.jpg\" \/>\n\t<meta property=\"og:image:width\" content=\"894\" \/>\n\t<meta property=\"og:image:height\" content=\"596\" \/>\n\t<meta property=\"og:image:type\" content=\"image\/jpeg\" \/>\n<meta name=\"author\" content=\"Radka \u0160vejnohov\u00e1\" \/>\n<meta name=\"twitter:card\" content=\"summary_large_image\" \/>\n<meta name=\"twitter:label1\" content=\"Napsal(a)\" \/>\n\t<meta name=\"twitter:data1\" content=\"Radka \u0160vejnohov\u00e1\" \/>\n\t<meta name=\"twitter:label2\" content=\"Odhadovan\u00e1 doba \u010dten\u00ed\" \/>\n\t<meta name=\"twitter:data2\" content=\"3 minuty\" \/>\n<script type=\"application\/ld+json\" class=\"yoast-schema-graph\">{\"@context\":\"https:\\\/\\\/schema.org\",\"@graph\":[{\"@type\":\"Article\",\"@id\":\"https:\\\/\\\/autoklastr.cz\\\/cs\\\/prumerne-ceske-auto-starne-v-evropske-unii-drzime-nelichotive-druhe-misto\\\/#article\",\"isPartOf\":{\"@id\":\"https:\\\/\\\/autoklastr.cz\\\/cs\\\/prumerne-ceske-auto-starne-v-evropske-unii-drzime-nelichotive-druhe-misto\\\/\"},\"author\":{\"name\":\"Radka \u0160vejnohov\u00e1\",\"@id\":\"https:\\\/\\\/autoklastr.cz\\\/#\\\/schema\\\/person\\\/ff06875ec9162231a7cfaec72839d7f7\"},\"headline\":\"Pr\u016fm\u011brn\u00e9 \u010desk\u00e9 auto st\u00e1rne: V Evropsk\u00e9 unii dr\u017e\u00edme nelichotiv\u00e9 druh\u00e9 m\u00edsto\",\"datePublished\":\"2026-09-01T12:39:49+00:00\",\"dateModified\":\"2026-09-01T12:44:38+00:00\",\"mainEntityOfPage\":{\"@id\":\"https:\\\/\\\/autoklastr.cz\\\/cs\\\/prumerne-ceske-auto-starne-v-evropske-unii-drzime-nelichotive-druhe-misto\\\/\"},\"wordCount\":422,\"commentCount\":0,\"image\":{\"@id\":\"https:\\\/\\\/autoklastr.cz\\\/cs\\\/prumerne-ceske-auto-starne-v-evropske-unii-drzime-nelichotive-druhe-misto\\\/#primaryimage\"},\"thumbnailUrl\":\"https:\\\/\\\/autoklastr.cz\\\/wp-content\\\/uploads\\\/2026\\\/09\\\/fotky-3.jpg\",\"keywords\":[\"auto\",\"Autoklastr\",\"Cebia\",\"ojetiny\",\"pr\u016fmysl\",\"SDA\",\"statistika\",\"trh\",\"vozov\u00fd park\"],\"inLanguage\":\"cs-CZ\",\"potentialAction\":[{\"@type\":\"CommentAction\",\"name\":\"Comment\",\"target\":[\"https:\\\/\\\/autoklastr.cz\\\/cs\\\/prumerne-ceske-auto-starne-v-evropske-unii-drzime-nelichotive-druhe-misto\\\/#respond\"]}]},{\"@type\":\"WebPage\",\"@id\":\"https:\\\/\\\/autoklastr.cz\\\/cs\\\/prumerne-ceske-auto-starne-v-evropske-unii-drzime-nelichotive-druhe-misto\\\/\",\"url\":\"https:\\\/\\\/autoklastr.cz\\\/cs\\\/prumerne-ceske-auto-starne-v-evropske-unii-drzime-nelichotive-druhe-misto\\\/\",\"name\":\"Pr\u016fm\u011brn\u00e9 \u010desk\u00e9 auto st\u00e1rne: V Evropsk\u00e9 unii dr\u017e\u00edme nelichotiv\u00e9 druh\u00e9 m\u00edsto\",\"isPartOf\":{\"@id\":\"https:\\\/\\\/autoklastr.cz\\\/#website\"},\"primaryImageOfPage\":{\"@id\":\"https:\\\/\\\/autoklastr.cz\\\/cs\\\/prumerne-ceske-auto-starne-v-evropske-unii-drzime-nelichotive-druhe-misto\\\/#primaryimage\"},\"image\":{\"@id\":\"https:\\\/\\\/autoklastr.cz\\\/cs\\\/prumerne-ceske-auto-starne-v-evropske-unii-drzime-nelichotive-druhe-misto\\\/#primaryimage\"},\"thumbnailUrl\":\"https:\\\/\\\/autoklastr.cz\\\/wp-content\\\/uploads\\\/2026\\\/09\\\/fotky-3.jpg\",\"datePublished\":\"2026-09-01T12:39:49+00:00\",\"dateModified\":\"2026-09-01T12:44:38+00:00\",\"author\":{\"@id\":\"https:\\\/\\\/autoklastr.cz\\\/#\\\/schema\\\/person\\\/ff06875ec9162231a7cfaec72839d7f7\"},\"description\":\"\u010cesk\u00fd vozov\u00fd park st\u00e1rne a pr\u016fm\u011brn\u00fd v\u011bk aut dos\u00e1hl 16,76 roku. Zjist\u011bte, pro\u010d \u010ce\u0161i kupuj\u00ed hlavn\u011b ojetiny, jak statistiky zkresluj\u00ed nepou\u017e\u00edvan\u00e1 vozidla a jak situaci zachra\u0148uj\u00ed firemn\u00ed flotily.\",\"breadcrumb\":{\"@id\":\"https:\\\/\\\/autoklastr.cz\\\/cs\\\/prumerne-ceske-auto-starne-v-evropske-unii-drzime-nelichotive-druhe-misto\\\/#breadcrumb\"},\"inLanguage\":\"cs-CZ\",\"potentialAction\":[{\"@type\":\"ReadAction\",\"target\":[\"https:\\\/\\\/autoklastr.cz\\\/cs\\\/prumerne-ceske-auto-starne-v-evropske-unii-drzime-nelichotive-druhe-misto\\\/\"]}]},{\"@type\":\"ImageObject\",\"inLanguage\":\"cs-CZ\",\"@id\":\"https:\\\/\\\/autoklastr.cz\\\/cs\\\/prumerne-ceske-auto-starne-v-evropske-unii-drzime-nelichotive-druhe-misto\\\/#primaryimage\",\"url\":\"https:\\\/\\\/autoklastr.cz\\\/wp-content\\\/uploads\\\/2026\\\/09\\\/fotky-3.jpg\",\"contentUrl\":\"https:\\\/\\\/autoklastr.cz\\\/wp-content\\\/uploads\\\/2026\\\/09\\\/fotky-3.jpg\",\"width\":894,\"height\":596},{\"@type\":\"BreadcrumbList\",\"@id\":\"https:\\\/\\\/autoklastr.cz\\\/cs\\\/prumerne-ceske-auto-starne-v-evropske-unii-drzime-nelichotive-druhe-misto\\\/#breadcrumb\",\"itemListElement\":[{\"@type\":\"ListItem\",\"position\":1,\"name\":\"Dom\u016f\",\"item\":\"https:\\\/\\\/autoklastr.cz\\\/cs\\\/\"},{\"@type\":\"ListItem\",\"position\":2,\"name\":\"Pr\u016fm\u011brn\u00e9 \u010desk\u00e9 auto st\u00e1rne: V Evropsk\u00e9 unii dr\u017e\u00edme nelichotiv\u00e9 druh\u00e9 m\u00edsto\"}]},{\"@type\":\"WebSite\",\"@id\":\"https:\\\/\\\/autoklastr.cz\\\/#website\",\"url\":\"https:\\\/\\\/autoklastr.cz\\\/\",\"name\":\"Autoklastr\",\"description\":\"Spole\u010dn\u011b v Automotive!\",\"potentialAction\":[{\"@type\":\"SearchAction\",\"target\":{\"@type\":\"EntryPoint\",\"urlTemplate\":\"https:\\\/\\\/autoklastr.cz\\\/?s={search_term_string}\"},\"query-input\":{\"@type\":\"PropertyValueSpecification\",\"valueRequired\":true,\"valueName\":\"search_term_string\"}}],\"inLanguage\":\"cs-CZ\"},{\"@type\":\"Person\",\"@id\":\"https:\\\/\\\/autoklastr.cz\\\/#\\\/schema\\\/person\\\/ff06875ec9162231a7cfaec72839d7f7\",\"name\":\"Radka \u0160vejnohov\u00e1\",\"image\":{\"@type\":\"ImageObject\",\"inLanguage\":\"cs-CZ\",\"@id\":\"https:\\\/\\\/secure.gravatar.com\\\/avatar\\\/223ea111d0df10288d2367b4b5e07cf086b24750dcaf3c8bb84f838ea292e829?s=96&d=mm&r=g\",\"url\":\"https:\\\/\\\/secure.gravatar.com\\\/avatar\\\/223ea111d0df10288d2367b4b5e07cf086b24750dcaf3c8bb84f838ea292e829?s=96&d=mm&r=g\",\"contentUrl\":\"https:\\\/\\\/secure.gravatar.com\\\/avatar\\\/223ea111d0df10288d2367b4b5e07cf086b24750dcaf3c8bb84f838ea292e829?s=96&d=mm&r=g\",\"caption\":\"Radka \u0160vejnohov\u00e1\"}}]}<\/script>\n<!-- \/ Yoast SEO plugin. -->","yoast_head_json":{"title":"Pr\u016fm\u011brn\u00e9 \u010desk\u00e9 auto st\u00e1rne: V Evropsk\u00e9 unii dr\u017e\u00edme nelichotiv\u00e9 druh\u00e9 m\u00edsto","description":"\u010cesk\u00fd vozov\u00fd park st\u00e1rne a pr\u016fm\u011brn\u00fd v\u011bk aut dos\u00e1hl 16,76 roku. Zjist\u011bte, pro\u010d \u010ce\u0161i kupuj\u00ed hlavn\u011b ojetiny, jak statistiky zkresluj\u00ed nepou\u017e\u00edvan\u00e1 vozidla a jak situaci zachra\u0148uj\u00ed firemn\u00ed flotily.","robots":{"index":"index","follow":"follow","max-snippet":"max-snippet:-1","max-image-preview":"max-image-preview:large","max-video-preview":"max-video-preview:-1"},"canonical":"https:\/\/autoklastr.cz\/cs\/prumerne-ceske-auto-starne-v-evropske-unii-drzime-nelichotive-druhe-misto\/","og_locale":"cs_CZ","og_type":"article","og_title":"[:cs]Pr\u016fm\u011brn\u00e9 \u010desk\u00e9 auto st\u00e1rne: V Evropsk\u00e9 unii dr\u017e\u00edme nelichotiv\u00e9 druh\u00e9 m\u00edsto[:] | Autoklastr","og_description":"[:cs]\u010cesk\u00fd vozov\u00fd park st\u00e1rne a pr\u016fm\u011brn\u00fd v\u011bk aut dos\u00e1hl 16,76 roku. Zjist\u011bte, pro\u010d \u010ce\u0161i kupuj\u00ed hlavn\u011b ojetiny, jak statistiky zkresluj\u00ed nepou\u017e\u00edvan\u00e1 vozidla a jak situaci zachra\u0148uj\u00ed firemn\u00ed flotily.[:]","og_url":"https:\/\/autoklastr.cz\/cs\/prumerne-ceske-auto-starne-v-evropske-unii-drzime-nelichotive-druhe-misto\/","og_site_name":"Autoklastr","article_published_time":"2026-09-01T12:39:49+00:00","article_modified_time":"2026-09-01T12:44:38+00:00","og_image":[{"width":894,"height":596,"url":"https:\/\/autoklastr.cz\/wp-content\/uploads\/2026\/09\/fotky-3.jpg","type":"image\/jpeg"}],"author":"Radka \u0160vejnohov\u00e1","twitter_card":"summary_large_image","twitter_misc":{"Napsal(a)":"Radka \u0160vejnohov\u00e1","Odhadovan\u00e1 doba \u010dten\u00ed":"3 minuty"},"schema":{"@context":"https:\/\/schema.org","@graph":[{"@type":"Article","@id":"https:\/\/autoklastr.cz\/cs\/prumerne-ceske-auto-starne-v-evropske-unii-drzime-nelichotive-druhe-misto\/#article","isPartOf":{"@id":"https:\/\/autoklastr.cz\/cs\/prumerne-ceske-auto-starne-v-evropske-unii-drzime-nelichotive-druhe-misto\/"},"author":{"name":"Radka \u0160vejnohov\u00e1","@id":"https:\/\/autoklastr.cz\/#\/schema\/person\/ff06875ec9162231a7cfaec72839d7f7"},"headline":"Pr\u016fm\u011brn\u00e9 \u010desk\u00e9 auto st\u00e1rne: V Evropsk\u00e9 unii dr\u017e\u00edme nelichotiv\u00e9 druh\u00e9 m\u00edsto","datePublished":"2026-09-01T12:39:49+00:00","dateModified":"2026-09-01T12:44:38+00:00","mainEntityOfPage":{"@id":"https:\/\/autoklastr.cz\/cs\/prumerne-ceske-auto-starne-v-evropske-unii-drzime-nelichotive-druhe-misto\/"},"wordCount":422,"commentCount":0,"image":{"@id":"https:\/\/autoklastr.cz\/cs\/prumerne-ceske-auto-starne-v-evropske-unii-drzime-nelichotive-druhe-misto\/#primaryimage"},"thumbnailUrl":"https:\/\/autoklastr.cz\/wp-content\/uploads\/2026\/09\/fotky-3.jpg","keywords":["auto","Autoklastr","Cebia","ojetiny","pr\u016fmysl","SDA","statistika","trh","vozov\u00fd park"],"inLanguage":"cs-CZ","potentialAction":[{"@type":"CommentAction","name":"Comment","target":["https:\/\/autoklastr.cz\/cs\/prumerne-ceske-auto-starne-v-evropske-unii-drzime-nelichotive-druhe-misto\/#respond"]}]},{"@type":"WebPage","@id":"https:\/\/autoklastr.cz\/cs\/prumerne-ceske-auto-starne-v-evropske-unii-drzime-nelichotive-druhe-misto\/","url":"https:\/\/autoklastr.cz\/cs\/prumerne-ceske-auto-starne-v-evropske-unii-drzime-nelichotive-druhe-misto\/","name":"Pr\u016fm\u011brn\u00e9 \u010desk\u00e9 auto st\u00e1rne: V Evropsk\u00e9 unii dr\u017e\u00edme nelichotiv\u00e9 druh\u00e9 m\u00edsto","isPartOf":{"@id":"https:\/\/autoklastr.cz\/#website"},"primaryImageOfPage":{"@id":"https:\/\/autoklastr.cz\/cs\/prumerne-ceske-auto-starne-v-evropske-unii-drzime-nelichotive-druhe-misto\/#primaryimage"},"image":{"@id":"https:\/\/autoklastr.cz\/cs\/prumerne-ceske-auto-starne-v-evropske-unii-drzime-nelichotive-druhe-misto\/#primaryimage"},"thumbnailUrl":"https:\/\/autoklastr.cz\/wp-content\/uploads\/2026\/09\/fotky-3.jpg","datePublished":"2026-09-01T12:39:49+00:00","dateModified":"2026-09-01T12:44:38+00:00","author":{"@id":"https:\/\/autoklastr.cz\/#\/schema\/person\/ff06875ec9162231a7cfaec72839d7f7"},"description":"\u010cesk\u00fd vozov\u00fd park st\u00e1rne a pr\u016fm\u011brn\u00fd v\u011bk aut dos\u00e1hl 16,76 roku. Zjist\u011bte, pro\u010d \u010ce\u0161i kupuj\u00ed hlavn\u011b ojetiny, jak statistiky zkresluj\u00ed nepou\u017e\u00edvan\u00e1 vozidla a jak situaci zachra\u0148uj\u00ed firemn\u00ed flotily.","breadcrumb":{"@id":"https:\/\/autoklastr.cz\/cs\/prumerne-ceske-auto-starne-v-evropske-unii-drzime-nelichotive-druhe-misto\/#breadcrumb"},"inLanguage":"cs-CZ","potentialAction":[{"@type":"ReadAction","target":["https:\/\/autoklastr.cz\/cs\/prumerne-ceske-auto-starne-v-evropske-unii-drzime-nelichotive-druhe-misto\/"]}]},{"@type":"ImageObject","inLanguage":"cs-CZ","@id":"https:\/\/autoklastr.cz\/cs\/prumerne-ceske-auto-starne-v-evropske-unii-drzime-nelichotive-druhe-misto\/#primaryimage","url":"https:\/\/autoklastr.cz\/wp-content\/uploads\/2026\/09\/fotky-3.jpg","contentUrl":"https:\/\/autoklastr.cz\/wp-content\/uploads\/2026\/09\/fotky-3.jpg","width":894,"height":596},{"@type":"BreadcrumbList","@id":"https:\/\/autoklastr.cz\/cs\/prumerne-ceske-auto-starne-v-evropske-unii-drzime-nelichotive-druhe-misto\/#breadcrumb","itemListElement":[{"@type":"ListItem","position":1,"name":"Dom\u016f","item":"https:\/\/autoklastr.cz\/cs\/"},{"@type":"ListItem","position":2,"name":"Pr\u016fm\u011brn\u00e9 \u010desk\u00e9 auto st\u00e1rne: V Evropsk\u00e9 unii dr\u017e\u00edme nelichotiv\u00e9 druh\u00e9 m\u00edsto"}]},{"@type":"WebSite","@id":"https:\/\/autoklastr.cz\/#website","url":"https:\/\/autoklastr.cz\/","name":"Autoklastr","description":"Spole\u010dn\u011b v Automotive!","potentialAction":[{"@type":"SearchAction","target":{"@type":"EntryPoint","urlTemplate":"https:\/\/autoklastr.cz\/?s={search_term_string}"},"query-input":{"@type":"PropertyValueSpecification","valueRequired":true,"valueName":"search_term_string"}}],"inLanguage":"cs-CZ"},{"@type":"Person","@id":"https:\/\/autoklastr.cz\/#\/schema\/person\/ff06875ec9162231a7cfaec72839d7f7","name":"Radka \u0160vejnohov\u00e1","image":{"@type":"ImageObject","inLanguage":"cs-CZ","@id":"https:\/\/secure.gravatar.com\/avatar\/223ea111d0df10288d2367b4b5e07cf086b24750dcaf3c8bb84f838ea292e829?s=96&d=mm&r=g","url":"https:\/\/secure.gravatar.com\/avatar\/223ea111d0df10288d2367b4b5e07cf086b24750dcaf3c8bb84f838ea292e829?s=96&d=mm&r=g","contentUrl":"https:\/\/secure.gravatar.com\/avatar\/223ea111d0df10288d2367b4b5e07cf086b24750dcaf3c8bb84f838ea292e829?s=96&d=mm&r=g","caption":"Radka \u0160vejnohov\u00e1"}}]}},"_links":{"self":[{"href":"https:\/\/autoklastr.cz\/cs\/wp-json\/wp\/v2\/posts\/34291","targetHints":{"allow":["GET"]}}],"collection":[{"href":"https:\/\/autoklastr.cz\/cs\/wp-json\/wp\/v2\/posts"}],"about":[{"href":"https:\/\/autoklastr.cz\/cs\/wp-json\/wp\/v2\/types\/post"}],"author":[{"embeddable":true,"href":"https:\/\/autoklastr.cz\/cs\/wp-json\/wp\/v2\/users\/97"}],"replies":[{"embeddable":true,"href":"https:\/\/autoklastr.cz\/cs\/wp-json\/wp\/v2\/comments?post=34291"}],"version-history":[{"count":5,"href":"https:\/\/autoklastr.cz\/cs\/wp-json\/wp\/v2\/posts\/34291\/revisions"}],"predecessor-version":[{"id":34336,"href":"https:\/\/autoklastr.cz\/cs\/wp-json\/wp\/v2\/posts\/34291\/revisions\/34336"}],"wp:featuredmedia":[{"embeddable":true,"href":"https:\/\/autoklastr.cz\/cs\/wp-json\/wp\/v2\/media\/34332"}],"wp:attachment":[{"href":"https:\/\/autoklastr.cz\/cs\/wp-json\/wp\/v2\/media?parent=34291"}],"wp:term":[{"taxonomy":"category","embeddable":true,"href":"https:\/\/autoklastr.cz\/cs\/wp-json\/wp\/v2\/categories?post=34291"},{"taxonomy":"post_tag","embeddable":true,"href":"https:\/\/autoklastr.cz\/cs\/wp-json\/wp\/v2\/tags?post=34291"},{"taxonomy":"kategorie_prispevku","embeddable":true,"href":"https:\/\/autoklastr.cz\/cs\/wp-json\/wp\/v2\/kategorie_prispevku?post=34291"}],"curies":[{"name":"wp","href":"https:\/\/api.w.org\/{rel}","templated":true}]}}