{"id":33485,"date":"2026-04-30T13:28:51","date_gmt":"2026-04-30T11:28:51","guid":{"rendered":"https:\/\/autoklastr.cz\/cs\/?p=33485"},"modified":"2026-04-30T13:28:51","modified_gmt":"2026-04-30T11:28:51","slug":"volkswagen-uvadi-na-trh-cenove-dostupne-elektricke-id-polo","status":"publish","type":"post","link":"https:\/\/autoklastr.cz\/cs\/volkswagen-uvadi-na-trh-cenove-dostupne-elektricke-id-polo\/","title":{"rendered":"Volkswagen uv\u00e1d\u00ed na trh cenov\u011b dostupn\u00e9 elektrick\u00e9 ID.Polo"},"content":{"rendered":"<p class=\"paragraph is-rich-chat-ui normal ng-star-inserted\" data-start-index=\"53\"><strong><span class=\"ng-star-inserted\" data-start-index=\"53\">Volkswagen p\u0159edstavil nov\u00fd <\/span>elektromobil<span class=\"ng-star-inserted\" data-start-index=\"92\"> ID. Polo, kter\u00fd m\u00e1 letos v l\u00e9t\u011b o\u017eivit evropsk\u00fd trh s mal\u00fdmi vozy. A<\/span>uto<span class=\"ng-star-inserted\" data-start-index=\"174\"> kombinuje sv\u011b\u017e\u00ed design s dojezdem a\u017e 454 kilometr\u016f a startovn\u00ed cenou v N\u011bmecku pod hranic\u00ed 25 tis\u00edc EUR.<\/span><\/strong><\/p>\n<p class=\"paragraph is-rich-chat-ui normal ng-star-inserted\" data-start-index=\"399\"><span class=\"ng-star-inserted\" data-start-index=\"399\">Wolfsbursk\u00e1 automobilka <\/span><span class=\"ng-star-inserted\" data-start-index=\"417\">s\u00e1z\u00ed u tohoto modelu na nov\u00fd design Pure Positive a ID. Polo vyu\u017e\u00edv\u00e1 tak\u00e9 vylep\u0161enou platformu MEB+. Nab\u00eddne t\u0159i varianty v\u00fdkonu od 85 kW do 155 kW. Z\u00e1kladn\u00ed verze dostane LFP baterie <\/span><span class=\"ng-star-inserted\" data-start-index=\"611\">o kapacit\u011b 37 kWh, zat\u00edmco vrcholn\u00fd model disponuje 52kWh NMC \u010dl\u00e1nky. Nab\u00edjen\u00ed z 10 na 80 % kapacity zabere na rychlonab\u00edje\u010dk\u00e1ch zhruba 24 minut, co\u017e v\u00fdrazn\u011b usnad\u0148uje ka\u017edodenn\u00ed provoz.<\/span><\/p>\n<p class=\"paragraph is-rich-chat-ui normal ng-star-inserted\" data-start-index=\"399\"><span class=\"ng-star-inserted\" data-start-index=\"799\">I p\u0159es kompaktn\u00ed vn\u011bj\u0161\u00ed rozm\u011bry nab\u00edz\u00ed p\u011btidve\u0159ov\u00fd hatchback p\u0159ekvapiv\u011b prostorn\u00fd interi\u00e9r. Zavazadlov\u00fd prostor o objemu 441 litr\u016f je dokonce o \u010dtvrtinu v\u011bt\u0161\u00ed ne\u017e u klasick\u00e9 benz\u00ednov\u00e9 verze. Modern\u00ed <\/span><b class=\"ng-star-inserted\" data-start-index=\"998\">technologie<\/b><span class=\"ng-star-inserted\" data-start-index=\"1009\"> uvnit\u0159 vozu reprezentuje desetipalcov\u00fd digit\u00e1ln\u00ed kokpit a velk\u00e1 t\u0159in\u00e1ctipalcov\u00e1 obrazovka infotainmentu. \u0158idi\u010di ocen\u00ed tak\u00e9 funkci \u0159\u00edzen\u00ed jedn\u00edm ped\u00e1lem nebo voliteln\u00fd asistent, kter\u00fd um\u00ed rozpozn\u00e1vat semafory.<\/span><\/p>\n<p class=\"paragraph is-rich-chat-ui normal ng-star-inserted\" data-start-index=\"399\"><span class=\"ng-star-inserted\" data-start-index=\"1218\">Tento <\/span><b class=\"ng-star-inserted\" data-start-index=\"1224\">projekt<\/b><span class=\"ng-star-inserted\" data-start-index=\"1231\"> p\u0159in\u00e1\u0161\u00ed i praktick\u00e9 <\/span><b class=\"ng-star-inserted\" data-start-index=\"1252\">inovace<\/b><span class=\"ng-star-inserted\" data-start-index=\"1259\"> pro voln\u00fd \u010das \u010di pr\u00e1ci. Standardem je toti\u017e funkce Vehicle-to-load s v\u00fdkonem a\u017e 3,6 kW, d\u00edky kter\u00e9 m\u016f\u017eete z <\/span><b class=\"ng-star-inserted\" data-start-index=\"1368\">autobaterie<\/b><span class=\"ng-star-inserted\" data-start-index=\"1379\"> nap\u00e1jet extern\u00ed elektrick\u00e1 za\u0159\u00edzen\u00ed. P\u0159edprodej v N\u011bmecku startuje nyn\u00ed, prvn\u00ed vozy se k z\u00e1kazn\u00edk\u016fm dostanou v pr\u016fb\u011bhu l\u00e9ta.<\/span><\/p>\n<p class=\"paragraph is-rich-chat-ui normal ng-star-inserted\" data-start-index=\"1643\"><img loading=\"lazy\" decoding=\"async\" class=\"alignleft size-full wp-image-33486\" src=\"https:\/\/autoklastr.cz\/wp-content\/uploads\/2026\/04\/Polooo.jpg\" alt=\"\" width=\"970\" height=\"546\" srcset=\"https:\/\/autoklastr.cz\/wp-content\/uploads\/2026\/04\/Polooo.jpg 970w, https:\/\/autoklastr.cz\/wp-content\/uploads\/2026\/04\/Polooo-300x169.jpg 300w, https:\/\/autoklastr.cz\/wp-content\/uploads\/2026\/04\/Polooo-768x432.jpg 768w\" sizes=\"(max-width: 970px) 100vw, 970px\" \/><\/p>\n<p class=\"paragraph is-rich-chat-ui normal ng-star-inserted\" data-start-index=\"1725\">Zdroj:<span class=\"ng-star-inserted\" data-start-index=\"1731\"> Volkswagen<\/span><\/p>\n<p data-start-index=\"1725\">Foto: Volkswagen<\/p>\n<p class=\"paragraph is-rich-chat-ui normal ng-star-inserted\" data-start-index=\"1725\">\n","protected":false},"excerpt":{"rendered":"<p>Volkswagen p\u0159edstavil nov\u00fd elektromobil ID. Polo, kter\u00fd m\u00e1 letos v l\u00e9t\u011b o\u017eivit evropsk\u00fd trh s mal\u00fdmi vozy. Auto kombinuje sv\u011b\u017e\u00ed design s dojezdem a\u017e 454 kilometr\u016f a startovn\u00ed cenou v N\u011bmecku pod hranic\u00ed 25 tis\u00edc EUR. Wolfsbursk\u00e1 automobilka s\u00e1z\u00ed u tohoto modelu na nov\u00fd design Pure Positive a ID. Polo vyu\u017e\u00edv\u00e1 tak\u00e9 vylep\u0161enou platformu MEB+. [&hellip;]<\/p>\n","protected":false},"author":97,"featured_media":33486,"comment_status":"open","ping_status":"open","sticky":false,"template":"","format":"standard","meta":{"_acf_changed":false,"inline_featured_image":false,"footnotes":""},"categories":[1],"tags":[590,614,692,609,785,642,626,691,610],"kategorie_prispevku":[],"acf":[],"yoast_head":"<!-- This site is optimized with the Yoast SEO plugin v24.5 - https:\/\/yoast.com\/wordpress\/plugins\/seo\/ -->\n<title>Volkswagen uv\u00e1d\u00ed na trh cenov\u011b dostupn\u00e9 elektrick\u00e9 ID.Polo | Autoklastr<\/title>\n<meta name=\"description\" content=\"Nov\u00fd Volkswagen ID. Polo p\u0159ich\u00e1z\u00ed s cenou pod 25 000 EUR a dojezdem a\u017e 454 km. Pod\u00edvejte se na technick\u00e9 specifikace, novou platformu MEB+ a modern\u00ed digit\u00e1ln\u00ed interi\u00e9r tohoto mal\u00e9ho elektromobilu.\" \/>\n<meta name=\"robots\" content=\"index, follow, max-snippet:-1, max-image-preview:large, max-video-preview:-1\" \/>\n<link rel=\"canonical\" href=\"https:\/\/autoklastr.cz\/cs\/volkswagen-uvadi-na-trh-cenove-dostupne-elektricke-id-polo\/\" \/>\n<meta property=\"og:locale\" content=\"cs_CZ\" \/>\n<meta property=\"og:locale:alternate\" content=\"en_US\" \/>\n<meta property=\"og:type\" content=\"article\" \/>\n<meta property=\"og:title\" content=\"Volkswagen uv\u00e1d\u00ed na trh cenov\u011b dostupn\u00e9 elektrick\u00e9 ID.Polo\" \/>\n<meta property=\"og:description\" content=\"Nov\u00fd Volkswagen ID. Polo p\u0159ich\u00e1z\u00ed s cenou pod 25 000 EUR a dojezdem a\u017e 454 km. Pod\u00edvejte se na technick\u00e9 specifikace, novou platformu MEB+ a modern\u00ed digit\u00e1ln\u00ed interi\u00e9r tohoto mal\u00e9ho elektromobilu.\" \/>\n<meta property=\"og:url\" content=\"https:\/\/autoklastr.cz\/cs\/volkswagen-uvadi-na-trh-cenove-dostupne-elektricke-id-polo\/\" \/>\n<meta property=\"og:site_name\" content=\"Autoklastr\" \/>\n<meta property=\"article:published_time\" content=\"2026-04-30T11:28:51+00:00\" \/>\n<meta property=\"og:image\" content=\"https:\/\/autoklastr.cz\/wp-content\/uploads\/2026\/04\/Polooo.jpg\" \/>\n\t<meta property=\"og:image:width\" content=\"970\" \/>\n\t<meta property=\"og:image:height\" content=\"546\" \/>\n\t<meta property=\"og:image:type\" content=\"image\/jpeg\" \/>\n<meta name=\"author\" content=\"Radka \u0160vejnohov\u00e1\" \/>\n<meta name=\"twitter:card\" content=\"summary_large_image\" \/>\n<meta name=\"twitter:label1\" content=\"Napsal(a)\" \/>\n\t<meta name=\"twitter:data1\" content=\"Radka \u0160vejnohov\u00e1\" \/>\n\t<meta name=\"twitter:label2\" content=\"Odhadovan\u00e1 doba \u010dten\u00ed\" \/>\n\t<meta name=\"twitter:data2\" content=\"2 minuty\" \/>\n<script type=\"application\/ld+json\" class=\"yoast-schema-graph\">{\"@context\":\"https:\/\/schema.org\",\"@graph\":[{\"@type\":\"WebPage\",\"@id\":\"https:\/\/autoklastr.cz\/cs\/volkswagen-uvadi-na-trh-cenove-dostupne-elektricke-id-polo\/\",\"url\":\"https:\/\/autoklastr.cz\/cs\/volkswagen-uvadi-na-trh-cenove-dostupne-elektricke-id-polo\/\",\"name\":\"Volkswagen uv\u00e1d\u00ed na trh cenov\u011b dostupn\u00e9 elektrick\u00e9 ID.Polo\",\"isPartOf\":{\"@id\":\"https:\/\/autoklastr.cz\/cs\/#website\"},\"primaryImageOfPage\":{\"@id\":\"https:\/\/autoklastr.cz\/cs\/volkswagen-uvadi-na-trh-cenove-dostupne-elektricke-id-polo\/#primaryimage\"},\"image\":{\"@id\":\"https:\/\/autoklastr.cz\/cs\/volkswagen-uvadi-na-trh-cenove-dostupne-elektricke-id-polo\/#primaryimage\"},\"thumbnailUrl\":\"https:\/\/autoklastr.cz\/wp-content\/uploads\/2026\/04\/Polooo.jpg\",\"datePublished\":\"2026-04-30T11:28:51+00:00\",\"author\":{\"@id\":\"https:\/\/autoklastr.cz\/cs\/#\/schema\/person\/ff06875ec9162231a7cfaec72839d7f7\"},\"description\":\"Nov\u00fd Volkswagen ID. Polo p\u0159ich\u00e1z\u00ed s cenou pod 25 000 EUR a dojezdem a\u017e 454 km. Pod\u00edvejte se na technick\u00e9 specifikace, novou platformu MEB+ a modern\u00ed digit\u00e1ln\u00ed interi\u00e9r tohoto mal\u00e9ho elektromobilu.\",\"breadcrumb\":{\"@id\":\"https:\/\/autoklastr.cz\/cs\/volkswagen-uvadi-na-trh-cenove-dostupne-elektricke-id-polo\/#breadcrumb\"},\"inLanguage\":\"cs-CZ\",\"potentialAction\":[{\"@type\":\"ReadAction\",\"target\":[\"https:\/\/autoklastr.cz\/cs\/volkswagen-uvadi-na-trh-cenove-dostupne-elektricke-id-polo\/\"]}]},{\"@type\":\"ImageObject\",\"inLanguage\":\"cs-CZ\",\"@id\":\"https:\/\/autoklastr.cz\/cs\/volkswagen-uvadi-na-trh-cenove-dostupne-elektricke-id-polo\/#primaryimage\",\"url\":\"https:\/\/autoklastr.cz\/wp-content\/uploads\/2026\/04\/Polooo.jpg\",\"contentUrl\":\"https:\/\/autoklastr.cz\/wp-content\/uploads\/2026\/04\/Polooo.jpg\",\"width\":970,\"height\":546},{\"@type\":\"BreadcrumbList\",\"@id\":\"https:\/\/autoklastr.cz\/cs\/volkswagen-uvadi-na-trh-cenove-dostupne-elektricke-id-polo\/#breadcrumb\",\"itemListElement\":[{\"@type\":\"ListItem\",\"position\":1,\"name\":\"Dom\u016f\",\"item\":\"https:\/\/autoklastr.cz\/cs\/\"},{\"@type\":\"ListItem\",\"position\":2,\"name\":\"Volkswagen uv\u00e1d\u00ed na trh cenov\u011b dostupn\u00e9 elektrick\u00e9 ID.Polo\"}]},{\"@type\":\"WebSite\",\"@id\":\"https:\/\/autoklastr.cz\/cs\/#website\",\"url\":\"https:\/\/autoklastr.cz\/cs\/\",\"name\":\"Autoklastr\",\"description\":\"Spole\u010dn\u011b pro Automotive!\",\"potentialAction\":[{\"@type\":\"SearchAction\",\"target\":{\"@type\":\"EntryPoint\",\"urlTemplate\":\"https:\/\/autoklastr.cz\/cs\/?s={search_term_string}\"},\"query-input\":{\"@type\":\"PropertyValueSpecification\",\"valueRequired\":true,\"valueName\":\"search_term_string\"}}],\"inLanguage\":\"cs-CZ\"},{\"@type\":\"Person\",\"@id\":\"https:\/\/autoklastr.cz\/cs\/#\/schema\/person\/ff06875ec9162231a7cfaec72839d7f7\",\"name\":\"Radka \u0160vejnohov\u00e1\",\"image\":{\"@type\":\"ImageObject\",\"inLanguage\":\"cs-CZ\",\"@id\":\"https:\/\/autoklastr.cz\/cs\/#\/schema\/person\/image\/\",\"url\":\"https:\/\/secure.gravatar.com\/avatar\/96b299eda458e5a9d1bcf37972ed68de?s=96&d=mm&r=g\",\"contentUrl\":\"https:\/\/secure.gravatar.com\/avatar\/96b299eda458e5a9d1bcf37972ed68de?s=96&d=mm&r=g\",\"caption\":\"Radka \u0160vejnohov\u00e1\"}}]}<\/script>\n<!-- \/ Yoast SEO plugin. -->","yoast_head_json":{"title":"Volkswagen uv\u00e1d\u00ed na trh cenov\u011b dostupn\u00e9 elektrick\u00e9 ID.Polo | Autoklastr","description":"[:cs]Nov\u00fd Volkswagen ID. Polo p\u0159ich\u00e1z\u00ed s cenou pod 25 000 EUR a dojezdem a\u017e 454 km. Pod\u00edvejte se na technick\u00e9 specifikace, novou platformu MEB+ a modern\u00ed digit\u00e1ln\u00ed interi\u00e9r tohoto mal\u00e9ho elektromobilu.[:]","robots":{"index":"index","follow":"follow","max-snippet":"max-snippet:-1","max-image-preview":"max-image-preview:large","max-video-preview":"max-video-preview:-1"},"canonical":"https:\/\/autoklastr.cz\/cs\/volkswagen-uvadi-na-trh-cenove-dostupne-elektricke-id-polo\/","og_locale":"cs_CZ","og_type":"article","og_title":"[:cs]Volkswagen uv\u00e1d\u00ed na trh cenov\u011b dostupn\u00e9 elektrick\u00e9 ID.Polo[:] | Autoklastr","og_description":"[:cs]Nov\u00fd Volkswagen ID. Polo p\u0159ich\u00e1z\u00ed s cenou pod 25 000 EUR a dojezdem a\u017e 454 km. Pod\u00edvejte se na technick\u00e9 specifikace, novou platformu MEB+ a modern\u00ed digit\u00e1ln\u00ed interi\u00e9r tohoto mal\u00e9ho elektromobilu.[:]","og_url":"https:\/\/autoklastr.cz\/cs\/volkswagen-uvadi-na-trh-cenove-dostupne-elektricke-id-polo\/","og_site_name":"Autoklastr","article_published_time":"2026-04-30T11:28:51+00:00","og_image":[{"width":970,"height":546,"url":"https:\/\/autoklastr.cz\/wp-content\/uploads\/2026\/04\/Polooo.jpg","type":"image\/jpeg"}],"author":"Radka \u0160vejnohov\u00e1","twitter_card":"summary_large_image","twitter_misc":{"Napsal(a)":"Radka \u0160vejnohov\u00e1","Odhadovan\u00e1 doba \u010dten\u00ed":"2 minuty"},"schema":{"@context":"https:\/\/schema.org","@graph":[{"@type":"WebPage","@id":"https:\/\/autoklastr.cz\/cs\/volkswagen-uvadi-na-trh-cenove-dostupne-elektricke-id-polo\/","url":"https:\/\/autoklastr.cz\/cs\/volkswagen-uvadi-na-trh-cenove-dostupne-elektricke-id-polo\/","name":"Volkswagen uv\u00e1d\u00ed na trh cenov\u011b dostupn\u00e9 elektrick\u00e9 ID.Polo","isPartOf":{"@id":"https:\/\/autoklastr.cz\/cs\/#website"},"primaryImageOfPage":{"@id":"https:\/\/autoklastr.cz\/cs\/volkswagen-uvadi-na-trh-cenove-dostupne-elektricke-id-polo\/#primaryimage"},"image":{"@id":"https:\/\/autoklastr.cz\/cs\/volkswagen-uvadi-na-trh-cenove-dostupne-elektricke-id-polo\/#primaryimage"},"thumbnailUrl":"https:\/\/autoklastr.cz\/wp-content\/uploads\/2026\/04\/Polooo.jpg","datePublished":"2026-04-30T11:28:51+00:00","author":{"@id":"https:\/\/autoklastr.cz\/cs\/#\/schema\/person\/ff06875ec9162231a7cfaec72839d7f7"},"description":"Nov\u00fd Volkswagen ID. Polo p\u0159ich\u00e1z\u00ed s cenou pod 25 000 EUR a dojezdem a\u017e 454 km. Pod\u00edvejte se na technick\u00e9 specifikace, novou platformu MEB+ a modern\u00ed digit\u00e1ln\u00ed interi\u00e9r tohoto mal\u00e9ho elektromobilu.","breadcrumb":{"@id":"https:\/\/autoklastr.cz\/cs\/volkswagen-uvadi-na-trh-cenove-dostupne-elektricke-id-polo\/#breadcrumb"},"inLanguage":"cs-CZ","potentialAction":[{"@type":"ReadAction","target":["https:\/\/autoklastr.cz\/cs\/volkswagen-uvadi-na-trh-cenove-dostupne-elektricke-id-polo\/"]}]},{"@type":"ImageObject","inLanguage":"cs-CZ","@id":"https:\/\/autoklastr.cz\/cs\/volkswagen-uvadi-na-trh-cenove-dostupne-elektricke-id-polo\/#primaryimage","url":"https:\/\/autoklastr.cz\/wp-content\/uploads\/2026\/04\/Polooo.jpg","contentUrl":"https:\/\/autoklastr.cz\/wp-content\/uploads\/2026\/04\/Polooo.jpg","width":970,"height":546},{"@type":"BreadcrumbList","@id":"https:\/\/autoklastr.cz\/cs\/volkswagen-uvadi-na-trh-cenove-dostupne-elektricke-id-polo\/#breadcrumb","itemListElement":[{"@type":"ListItem","position":1,"name":"Dom\u016f","item":"https:\/\/autoklastr.cz\/cs\/"},{"@type":"ListItem","position":2,"name":"Volkswagen uv\u00e1d\u00ed na trh cenov\u011b dostupn\u00e9 elektrick\u00e9 ID.Polo"}]},{"@type":"WebSite","@id":"https:\/\/autoklastr.cz\/cs\/#website","url":"https:\/\/autoklastr.cz\/cs\/","name":"Autoklastr","description":"Spole\u010dn\u011b pro Automotive!","potentialAction":[{"@type":"SearchAction","target":{"@type":"EntryPoint","urlTemplate":"https:\/\/autoklastr.cz\/cs\/?s={search_term_string}"},"query-input":{"@type":"PropertyValueSpecification","valueRequired":true,"valueName":"search_term_string"}}],"inLanguage":"cs-CZ"},{"@type":"Person","@id":"https:\/\/autoklastr.cz\/cs\/#\/schema\/person\/ff06875ec9162231a7cfaec72839d7f7","name":"Radka \u0160vejnohov\u00e1","image":{"@type":"ImageObject","inLanguage":"cs-CZ","@id":"https:\/\/autoklastr.cz\/cs\/#\/schema\/person\/image\/","url":"https:\/\/secure.gravatar.com\/avatar\/96b299eda458e5a9d1bcf37972ed68de?s=96&d=mm&r=g","contentUrl":"https:\/\/secure.gravatar.com\/avatar\/96b299eda458e5a9d1bcf37972ed68de?s=96&d=mm&r=g","caption":"Radka \u0160vejnohov\u00e1"}}]}},"_links":{"self":[{"href":"https:\/\/autoklastr.cz\/cs\/wp-json\/wp\/v2\/posts\/33485"}],"collection":[{"href":"https:\/\/autoklastr.cz\/cs\/wp-json\/wp\/v2\/posts"}],"about":[{"href":"https:\/\/autoklastr.cz\/cs\/wp-json\/wp\/v2\/types\/post"}],"author":[{"embeddable":true,"href":"https:\/\/autoklastr.cz\/cs\/wp-json\/wp\/v2\/users\/97"}],"replies":[{"embeddable":true,"href":"https:\/\/autoklastr.cz\/cs\/wp-json\/wp\/v2\/comments?post=33485"}],"version-history":[{"count":2,"href":"https:\/\/autoklastr.cz\/cs\/wp-json\/wp\/v2\/posts\/33485\/revisions"}],"predecessor-version":[{"id":33488,"href":"https:\/\/autoklastr.cz\/cs\/wp-json\/wp\/v2\/posts\/33485\/revisions\/33488"}],"wp:featuredmedia":[{"embeddable":true,"href":"https:\/\/autoklastr.cz\/cs\/wp-json\/wp\/v2\/media\/33486"}],"wp:attachment":[{"href":"https:\/\/autoklastr.cz\/cs\/wp-json\/wp\/v2\/media?parent=33485"}],"wp:term":[{"taxonomy":"category","embeddable":true,"href":"https:\/\/autoklastr.cz\/cs\/wp-json\/wp\/v2\/categories?post=33485"},{"taxonomy":"post_tag","embeddable":true,"href":"https:\/\/autoklastr.cz\/cs\/wp-json\/wp\/v2\/tags?post=33485"},{"taxonomy":"kategorie_prispevku","embeddable":true,"href":"https:\/\/autoklastr.cz\/cs\/wp-json\/wp\/v2\/kategorie_prispevku?post=33485"}],"curies":[{"name":"wp","href":"https:\/\/api.w.org\/{rel}","templated":true}]}}