{"id":33480,"date":"2026-04-30T12:58:33","date_gmt":"2026-04-30T10:58:33","guid":{"rendered":"https:\/\/autoklastr.cz\/cs\/?p=33480"},"modified":"2026-04-30T13:04:53","modified_gmt":"2026-04-30T11:04:53","slug":"cesky-prumysl-vyhlizi-rust-hdp-i-pres-stin-konfliktu-v-iranu","status":"publish","type":"post","link":"https:\/\/autoklastr.cz\/cs\/cesky-prumysl-vyhlizi-rust-hdp-i-pres-stin-konfliktu-v-iranu\/","title":{"rendered":"\u010cesk\u00fd pr\u016fmysl vyhl\u00ed\u017e\u00ed r\u016fst HDP i p\u0159es st\u00edn konfliktu v \u00cdr\u00e1nu"},"content":{"rendered":"<p class=\"paragraph is-rich-chat-ui normal ng-star-inserted\" data-start-index=\"56\"><strong><span class=\"ng-star-inserted\" data-start-index=\"56\">Podle jarn\u00ed predikce Svazu pr\u016fmyslu a dopravy \u010cR vzroste hrub\u00fd dom\u00e1c\u00ed produkt o 2,6 procenta. P\u016fvodn\u00ed o\u010dek\u00e1v\u00e1n\u00ed v\u0161ak byla je\u0161t\u011b vy\u0161\u0161\u00ed. Pl\u00e1ny podnik\u016f i st\u00e1tu v\u0161ak nyn\u00ed brzd\u00ed nap\u011bt\u00ed na Bl\u00edzk\u00e9m v\u00fdchod\u011b.<\/span><\/strong><\/p>\n<p class=\"paragraph is-rich-chat-ui normal ng-star-inserted\" data-start-index=\"279\"><span class=\"ng-star-inserted\" data-start-index=\"279\">Hlavn\u00ed tahoun ekonomiky je jasn\u00fd, jeliko\u017e d<\/span><span class=\"ng-star-inserted\" data-start-index=\"279\">om\u00e1cnosti op\u011bt v\u00edce utr\u00e1cej\u00ed. Re\u00e1ln\u00e9 mzdy rostou a lid\u00e9 maj\u00ed naspo\u0159eno z minul\u00fdch let. Pom\u00e1h\u00e1 tak\u00e9 ve\u0159ejn\u00e1 podpora a investice do infrastruktury. \u010cesk\u00e9 firmy se nav\u00edc u\u010d\u00ed prod\u00e1vat sv\u00e9 zbo\u017e\u00ed na nov\u00fdch trz\u00edch v Indii nebo Latinsk\u00e9 Americe. Tato diverzifikace posiluje n\u00e1\u0161 export.<\/span><\/p>\n<p class=\"paragraph is-rich-chat-ui normal ng-star-inserted\" data-start-index=\"591\"><span class=\"ng-star-inserted\" data-start-index=\"591\">Situace v \u00cdr\u00e1nu v\u0161ak p\u0159in\u00e1\u0161\u00ed rizika. Ceny energi\u00ed a pohonn\u00fdch hmot rostou. To komplikuje <\/span><b class=\"ng-star-inserted\" data-start-index=\"680\">byznys<\/b><span class=\"ng-star-inserted\" data-start-index=\"686\"> a nut\u00ed firmy \u0161et\u0159it. Mnoho podnik\u016f odkl\u00e1d\u00e1 pl\u00e1novan\u00fd <\/span><b class=\"ng-star-inserted\" data-start-index=\"740\">rozvoj<\/b><span class=\"ng-star-inserted\" data-start-index=\"746\"> i nov\u00e9 investice. Martin Jahn, viceprezident Svazu pr\u016fmyslu a dopravy \u010cR, varuje p\u0159ed dopady na <\/span><b class=\"ng-star-inserted\" data-start-index=\"843\">automotive<\/b><span class=\"ng-star-inserted\" data-start-index=\"853\"> sektor. Pokud se konflikt prot\u00e1hne, hroz\u00ed v\u00fdpadky v dod\u00e1vk\u00e1ch surovin pro chemii nebo v\u00fdrobu polovodi\u010d\u016f. \u010cesk\u00fd <\/span><b class=\"ng-star-inserted\" data-start-index=\"965\">pr\u016fmysl<\/b><span class=\"ng-star-inserted\" data-start-index=\"972\"> je na tyto \u0161oky citliv\u00fd kv\u016fli sv\u00e9 vysok\u00e9 otev\u0159enosti a energetick\u00e9 n\u00e1ro\u010dnosti.<\/span><\/p>\n<p class=\"paragraph is-rich-chat-ui normal ng-star-inserted\" data-start-index=\"1051\"><b class=\"ng-star-inserted\" data-start-index=\"1051\">V\u00fdroba<\/b><span class=\"ng-star-inserted\" data-start-index=\"1057\"> by se letos m\u011bla udr\u017eet v kladn\u00fdch \u010d\u00edslech. Odhadovan\u00fd r\u016fst pr\u016fmyslov\u00e9 produkce je kolem 1,5 procenta. St\u011b\u017eejn\u00ed obory jako stroj\u00edrenstv\u00ed si zat\u00edm dr\u017e\u00ed stabiln\u00ed pozici. Firmy se v\u0161ak pot\u00fdkaj\u00ed s drah\u00fdmi energiemi a nedostatkem lid\u00ed. Ka\u017ed\u00e1 nov\u00e1 <\/span><b class=\"ng-star-inserted\" data-start-index=\"1300\">technologie<\/b><span class=\"ng-star-inserted\" data-start-index=\"1311\"> nebo <\/span><b class=\"ng-star-inserted\" data-start-index=\"1317\">inovace<\/b><span class=\"ng-star-inserted\" data-start-index=\"1324\"> tak hraje d\u016fle\u017eitou roli v boji o konkurenceschopnost.<\/span><\/p>\n<p class=\"paragraph is-rich-chat-ui normal ng-star-inserted\" data-start-index=\"1379\"><span class=\"ng-star-inserted\" data-start-index=\"1392\">Predikce ukazuje, \u017ee \u010desk\u00e1 ekonomika pat\u0159\u00ed k t\u011bm rychleji rostouc\u00edm v Evropsk\u00e9 unii. Budouc\u00ed <\/span><b class=\"ng-star-inserted\" data-start-index=\"1604\">v\u00fdvoj<\/b><span class=\"ng-star-inserted\" data-start-index=\"1609\"> v\u0161ak z\u00e1vis\u00ed na tom, jak dlouho sou\u010dasn\u00e9 geopolitick\u00e9 nap\u011bt\u00ed potrv\u00e1.<\/span><\/p>\n<div data-start-index=\"1668\"><img loading=\"lazy\" decoding=\"async\" class=\"alignleft size-large wp-image-33481\" src=\"https:\/\/autoklastr.cz\/wp-content\/uploads\/2026\/04\/cz-2-1024x683.png\" alt=\"\" width=\"1024\" height=\"683\" srcset=\"https:\/\/autoklastr.cz\/wp-content\/uploads\/2026\/04\/cz-2-1024x683.png 1024w, https:\/\/autoklastr.cz\/wp-content\/uploads\/2026\/04\/cz-2-300x200.png 300w, https:\/\/autoklastr.cz\/wp-content\/uploads\/2026\/04\/cz-2-768x512.png 768w, https:\/\/autoklastr.cz\/wp-content\/uploads\/2026\/04\/cz-2-1200x800.png 1200w, https:\/\/autoklastr.cz\/wp-content\/uploads\/2026\/04\/cz-2.png 1431w\" sizes=\"(max-width: 1024px) 100vw, 1024px\" \/><\/div>\n<div class=\"paragraph is-rich-chat-ui normal ng-star-inserted\" data-start-index=\"1750\">Zdroj:<span class=\"ng-star-inserted\" data-start-index=\"1756\"> Svaz pr\u016fmyslu a dopravy \u010cR<\/span><\/div>\n<div data-start-index=\"1750\">Foto: License gallery<\/div>\n","protected":false},"excerpt":{"rendered":"<p>Podle jarn\u00ed predikce Svazu pr\u016fmyslu a dopravy \u010cR vzroste hrub\u00fd dom\u00e1c\u00ed produkt o 2,6 procenta. P\u016fvodn\u00ed o\u010dek\u00e1v\u00e1n\u00ed v\u0161ak byla je\u0161t\u011b vy\u0161\u0161\u00ed. Pl\u00e1ny podnik\u016f i st\u00e1tu v\u0161ak nyn\u00ed brzd\u00ed nap\u011bt\u00ed na Bl\u00edzk\u00e9m v\u00fdchod\u011b. Hlavn\u00ed tahoun ekonomiky je jasn\u00fd, jeliko\u017e dom\u00e1cnosti op\u011bt v\u00edce utr\u00e1cej\u00ed. Re\u00e1ln\u00e9 mzdy rostou a lid\u00e9 maj\u00ed naspo\u0159eno z minul\u00fdch let. Pom\u00e1h\u00e1 tak\u00e9 ve\u0159ejn\u00e1 [&hellip;]<\/p>\n","protected":false},"author":97,"featured_media":33481,"comment_status":"open","ping_status":"open","sticky":false,"template":"","format":"standard","meta":{"_acf_changed":false,"inline_featured_image":false,"footnotes":""},"categories":[1],"tags":[590,614,598,640,681,784,619,783],"kategorie_prispevku":[],"acf":[],"yoast_head":"<!-- This site is optimized with the Yoast SEO plugin v24.5 - https:\/\/yoast.com\/wordpress\/plugins\/seo\/ -->\n<title>\u010cesk\u00fd pr\u016fmysl vyhl\u00ed\u017e\u00ed r\u016fst HDP i p\u0159es st\u00edn konfliktu v \u00cdr\u00e1nu | Autoklastr<\/title>\n<meta name=\"description\" content=\"\u010cesk\u00e1 ekonomika letos poroste, ale konflikt v \u00cdr\u00e1nu brzd\u00ed investice firem. P\u0159e\u010dt\u011bte si jarn\u00ed predikci Svazu pr\u016fmyslu a dopravy \u010cR o v\u00fdvoji HDP, inflaci a exportu.\" \/>\n<meta name=\"robots\" content=\"index, follow, max-snippet:-1, max-image-preview:large, max-video-preview:-1\" \/>\n<link rel=\"canonical\" href=\"https:\/\/autoklastr.cz\/cs\/cesky-prumysl-vyhlizi-rust-hdp-i-pres-stin-konfliktu-v-iranu\/\" \/>\n<meta property=\"og:locale\" content=\"cs_CZ\" \/>\n<meta property=\"og:locale:alternate\" content=\"en_US\" \/>\n<meta property=\"og:type\" content=\"article\" \/>\n<meta property=\"og:title\" content=\"\u010cesk\u00fd pr\u016fmysl vyhl\u00ed\u017e\u00ed r\u016fst HDP i p\u0159es st\u00edn konfliktu v \u00cdr\u00e1nu\" \/>\n<meta property=\"og:description\" content=\"\u010cesk\u00e1 ekonomika letos poroste, ale konflikt v \u00cdr\u00e1nu brzd\u00ed investice firem. P\u0159e\u010dt\u011bte si jarn\u00ed predikci Svazu pr\u016fmyslu a dopravy \u010cR o v\u00fdvoji HDP, inflaci a exportu.\" \/>\n<meta property=\"og:url\" content=\"https:\/\/autoklastr.cz\/cs\/cesky-prumysl-vyhlizi-rust-hdp-i-pres-stin-konfliktu-v-iranu\/\" \/>\n<meta property=\"og:site_name\" content=\"Autoklastr\" \/>\n<meta property=\"article:published_time\" content=\"2026-04-30T10:58:33+00:00\" \/>\n<meta property=\"article:modified_time\" content=\"2026-04-30T11:04:53+00:00\" \/>\n<meta property=\"og:image\" content=\"https:\/\/autoklastr.cz\/wp-content\/uploads\/2026\/04\/cz-2-e1777546576195.png\" \/>\n\t<meta property=\"og:image:width\" content=\"1431\" \/>\n\t<meta property=\"og:image:height\" content=\"954\" \/>\n\t<meta property=\"og:image:type\" content=\"image\/png\" \/>\n<meta name=\"author\" content=\"Radka \u0160vejnohov\u00e1\" \/>\n<meta name=\"twitter:card\" content=\"summary_large_image\" \/>\n<meta name=\"twitter:label1\" content=\"Napsal(a)\" \/>\n\t<meta name=\"twitter:data1\" content=\"Radka \u0160vejnohov\u00e1\" \/>\n\t<meta name=\"twitter:label2\" content=\"Odhadovan\u00e1 doba \u010dten\u00ed\" \/>\n\t<meta name=\"twitter:data2\" content=\"2 minuty\" \/>\n<script type=\"application\/ld+json\" class=\"yoast-schema-graph\">{\"@context\":\"https:\/\/schema.org\",\"@graph\":[{\"@type\":\"WebPage\",\"@id\":\"https:\/\/autoklastr.cz\/cs\/cesky-prumysl-vyhlizi-rust-hdp-i-pres-stin-konfliktu-v-iranu\/\",\"url\":\"https:\/\/autoklastr.cz\/cs\/cesky-prumysl-vyhlizi-rust-hdp-i-pres-stin-konfliktu-v-iranu\/\",\"name\":\"\u010cesk\u00fd pr\u016fmysl vyhl\u00ed\u017e\u00ed r\u016fst HDP i p\u0159es st\u00edn konfliktu v \u00cdr\u00e1nu\",\"isPartOf\":{\"@id\":\"https:\/\/autoklastr.cz\/cs\/#website\"},\"primaryImageOfPage\":{\"@id\":\"https:\/\/autoklastr.cz\/cs\/cesky-prumysl-vyhlizi-rust-hdp-i-pres-stin-konfliktu-v-iranu\/#primaryimage\"},\"image\":{\"@id\":\"https:\/\/autoklastr.cz\/cs\/cesky-prumysl-vyhlizi-rust-hdp-i-pres-stin-konfliktu-v-iranu\/#primaryimage\"},\"thumbnailUrl\":\"https:\/\/autoklastr.cz\/wp-content\/uploads\/2026\/04\/cz-2-e1777546576195.png\",\"datePublished\":\"2026-04-30T10:58:33+00:00\",\"dateModified\":\"2026-04-30T11:04:53+00:00\",\"author\":{\"@id\":\"https:\/\/autoklastr.cz\/cs\/#\/schema\/person\/ff06875ec9162231a7cfaec72839d7f7\"},\"description\":\"\u010cesk\u00e1 ekonomika letos poroste, ale konflikt v \u00cdr\u00e1nu brzd\u00ed investice firem. P\u0159e\u010dt\u011bte si jarn\u00ed predikci Svazu pr\u016fmyslu a dopravy \u010cR o v\u00fdvoji HDP, inflaci a exportu.\",\"breadcrumb\":{\"@id\":\"https:\/\/autoklastr.cz\/cs\/cesky-prumysl-vyhlizi-rust-hdp-i-pres-stin-konfliktu-v-iranu\/#breadcrumb\"},\"inLanguage\":\"cs-CZ\",\"potentialAction\":[{\"@type\":\"ReadAction\",\"target\":[\"https:\/\/autoklastr.cz\/cs\/cesky-prumysl-vyhlizi-rust-hdp-i-pres-stin-konfliktu-v-iranu\/\"]}]},{\"@type\":\"ImageObject\",\"inLanguage\":\"cs-CZ\",\"@id\":\"https:\/\/autoklastr.cz\/cs\/cesky-prumysl-vyhlizi-rust-hdp-i-pres-stin-konfliktu-v-iranu\/#primaryimage\",\"url\":\"https:\/\/autoklastr.cz\/wp-content\/uploads\/2026\/04\/cz-2-e1777546576195.png\",\"contentUrl\":\"https:\/\/autoklastr.cz\/wp-content\/uploads\/2026\/04\/cz-2-e1777546576195.png\",\"width\":1431,\"height\":954},{\"@type\":\"BreadcrumbList\",\"@id\":\"https:\/\/autoklastr.cz\/cs\/cesky-prumysl-vyhlizi-rust-hdp-i-pres-stin-konfliktu-v-iranu\/#breadcrumb\",\"itemListElement\":[{\"@type\":\"ListItem\",\"position\":1,\"name\":\"Dom\u016f\",\"item\":\"https:\/\/autoklastr.cz\/cs\/\"},{\"@type\":\"ListItem\",\"position\":2,\"name\":\"\u010cesk\u00fd pr\u016fmysl vyhl\u00ed\u017e\u00ed r\u016fst HDP i p\u0159es st\u00edn konfliktu v \u00cdr\u00e1nu\"}]},{\"@type\":\"WebSite\",\"@id\":\"https:\/\/autoklastr.cz\/cs\/#website\",\"url\":\"https:\/\/autoklastr.cz\/cs\/\",\"name\":\"Autoklastr\",\"description\":\"Spole\u010dn\u011b pro Automotive!\",\"potentialAction\":[{\"@type\":\"SearchAction\",\"target\":{\"@type\":\"EntryPoint\",\"urlTemplate\":\"https:\/\/autoklastr.cz\/cs\/?s={search_term_string}\"},\"query-input\":{\"@type\":\"PropertyValueSpecification\",\"valueRequired\":true,\"valueName\":\"search_term_string\"}}],\"inLanguage\":\"cs-CZ\"},{\"@type\":\"Person\",\"@id\":\"https:\/\/autoklastr.cz\/cs\/#\/schema\/person\/ff06875ec9162231a7cfaec72839d7f7\",\"name\":\"Radka \u0160vejnohov\u00e1\",\"image\":{\"@type\":\"ImageObject\",\"inLanguage\":\"cs-CZ\",\"@id\":\"https:\/\/autoklastr.cz\/cs\/#\/schema\/person\/image\/\",\"url\":\"https:\/\/secure.gravatar.com\/avatar\/96b299eda458e5a9d1bcf37972ed68de?s=96&d=mm&r=g\",\"contentUrl\":\"https:\/\/secure.gravatar.com\/avatar\/96b299eda458e5a9d1bcf37972ed68de?s=96&d=mm&r=g\",\"caption\":\"Radka \u0160vejnohov\u00e1\"}}]}<\/script>\n<!-- \/ Yoast SEO plugin. -->","yoast_head_json":{"title":"\u010cesk\u00fd pr\u016fmysl vyhl\u00ed\u017e\u00ed r\u016fst HDP i p\u0159es st\u00edn konfliktu v \u00cdr\u00e1nu | Autoklastr","description":"[:cs]\u010cesk\u00e1 ekonomika letos poroste, ale konflikt v \u00cdr\u00e1nu brzd\u00ed investice firem. P\u0159e\u010dt\u011bte si jarn\u00ed predikci Svazu pr\u016fmyslu a dopravy \u010cR o v\u00fdvoji HDP, inflaci a exportu.[:]","robots":{"index":"index","follow":"follow","max-snippet":"max-snippet:-1","max-image-preview":"max-image-preview:large","max-video-preview":"max-video-preview:-1"},"canonical":"https:\/\/autoklastr.cz\/cs\/cesky-prumysl-vyhlizi-rust-hdp-i-pres-stin-konfliktu-v-iranu\/","og_locale":"cs_CZ","og_type":"article","og_title":"[:cs]\u010cesk\u00fd pr\u016fmysl vyhl\u00ed\u017e\u00ed r\u016fst HDP i p\u0159es st\u00edn konfliktu v \u00cdr\u00e1nu[:] | Autoklastr","og_description":"[:cs]\u010cesk\u00e1 ekonomika letos poroste, ale konflikt v \u00cdr\u00e1nu brzd\u00ed investice firem. P\u0159e\u010dt\u011bte si jarn\u00ed predikci Svazu pr\u016fmyslu a dopravy \u010cR o v\u00fdvoji HDP, inflaci a exportu.[:]","og_url":"https:\/\/autoklastr.cz\/cs\/cesky-prumysl-vyhlizi-rust-hdp-i-pres-stin-konfliktu-v-iranu\/","og_site_name":"Autoklastr","article_published_time":"2026-04-30T10:58:33+00:00","article_modified_time":"2026-04-30T11:04:53+00:00","og_image":[{"width":1431,"height":954,"url":"https:\/\/autoklastr.cz\/wp-content\/uploads\/2026\/04\/cz-2-e1777546576195.png","type":"image\/png"}],"author":"Radka \u0160vejnohov\u00e1","twitter_card":"summary_large_image","twitter_misc":{"Napsal(a)":"Radka \u0160vejnohov\u00e1","Odhadovan\u00e1 doba \u010dten\u00ed":"2 minuty"},"schema":{"@context":"https:\/\/schema.org","@graph":[{"@type":"WebPage","@id":"https:\/\/autoklastr.cz\/cs\/cesky-prumysl-vyhlizi-rust-hdp-i-pres-stin-konfliktu-v-iranu\/","url":"https:\/\/autoklastr.cz\/cs\/cesky-prumysl-vyhlizi-rust-hdp-i-pres-stin-konfliktu-v-iranu\/","name":"\u010cesk\u00fd pr\u016fmysl vyhl\u00ed\u017e\u00ed r\u016fst HDP i p\u0159es st\u00edn konfliktu v \u00cdr\u00e1nu","isPartOf":{"@id":"https:\/\/autoklastr.cz\/cs\/#website"},"primaryImageOfPage":{"@id":"https:\/\/autoklastr.cz\/cs\/cesky-prumysl-vyhlizi-rust-hdp-i-pres-stin-konfliktu-v-iranu\/#primaryimage"},"image":{"@id":"https:\/\/autoklastr.cz\/cs\/cesky-prumysl-vyhlizi-rust-hdp-i-pres-stin-konfliktu-v-iranu\/#primaryimage"},"thumbnailUrl":"https:\/\/autoklastr.cz\/wp-content\/uploads\/2026\/04\/cz-2-e1777546576195.png","datePublished":"2026-04-30T10:58:33+00:00","dateModified":"2026-04-30T11:04:53+00:00","author":{"@id":"https:\/\/autoklastr.cz\/cs\/#\/schema\/person\/ff06875ec9162231a7cfaec72839d7f7"},"description":"\u010cesk\u00e1 ekonomika letos poroste, ale konflikt v \u00cdr\u00e1nu brzd\u00ed investice firem. P\u0159e\u010dt\u011bte si jarn\u00ed predikci Svazu pr\u016fmyslu a dopravy \u010cR o v\u00fdvoji HDP, inflaci a exportu.","breadcrumb":{"@id":"https:\/\/autoklastr.cz\/cs\/cesky-prumysl-vyhlizi-rust-hdp-i-pres-stin-konfliktu-v-iranu\/#breadcrumb"},"inLanguage":"cs-CZ","potentialAction":[{"@type":"ReadAction","target":["https:\/\/autoklastr.cz\/cs\/cesky-prumysl-vyhlizi-rust-hdp-i-pres-stin-konfliktu-v-iranu\/"]}]},{"@type":"ImageObject","inLanguage":"cs-CZ","@id":"https:\/\/autoklastr.cz\/cs\/cesky-prumysl-vyhlizi-rust-hdp-i-pres-stin-konfliktu-v-iranu\/#primaryimage","url":"https:\/\/autoklastr.cz\/wp-content\/uploads\/2026\/04\/cz-2-e1777546576195.png","contentUrl":"https:\/\/autoklastr.cz\/wp-content\/uploads\/2026\/04\/cz-2-e1777546576195.png","width":1431,"height":954},{"@type":"BreadcrumbList","@id":"https:\/\/autoklastr.cz\/cs\/cesky-prumysl-vyhlizi-rust-hdp-i-pres-stin-konfliktu-v-iranu\/#breadcrumb","itemListElement":[{"@type":"ListItem","position":1,"name":"Dom\u016f","item":"https:\/\/autoklastr.cz\/cs\/"},{"@type":"ListItem","position":2,"name":"\u010cesk\u00fd pr\u016fmysl vyhl\u00ed\u017e\u00ed r\u016fst HDP i p\u0159es st\u00edn konfliktu v \u00cdr\u00e1nu"}]},{"@type":"WebSite","@id":"https:\/\/autoklastr.cz\/cs\/#website","url":"https:\/\/autoklastr.cz\/cs\/","name":"Autoklastr","description":"Spole\u010dn\u011b pro Automotive!","potentialAction":[{"@type":"SearchAction","target":{"@type":"EntryPoint","urlTemplate":"https:\/\/autoklastr.cz\/cs\/?s={search_term_string}"},"query-input":{"@type":"PropertyValueSpecification","valueRequired":true,"valueName":"search_term_string"}}],"inLanguage":"cs-CZ"},{"@type":"Person","@id":"https:\/\/autoklastr.cz\/cs\/#\/schema\/person\/ff06875ec9162231a7cfaec72839d7f7","name":"Radka \u0160vejnohov\u00e1","image":{"@type":"ImageObject","inLanguage":"cs-CZ","@id":"https:\/\/autoklastr.cz\/cs\/#\/schema\/person\/image\/","url":"https:\/\/secure.gravatar.com\/avatar\/96b299eda458e5a9d1bcf37972ed68de?s=96&d=mm&r=g","contentUrl":"https:\/\/secure.gravatar.com\/avatar\/96b299eda458e5a9d1bcf37972ed68de?s=96&d=mm&r=g","caption":"Radka \u0160vejnohov\u00e1"}}]}},"_links":{"self":[{"href":"https:\/\/autoklastr.cz\/cs\/wp-json\/wp\/v2\/posts\/33480"}],"collection":[{"href":"https:\/\/autoklastr.cz\/cs\/wp-json\/wp\/v2\/posts"}],"about":[{"href":"https:\/\/autoklastr.cz\/cs\/wp-json\/wp\/v2\/types\/post"}],"author":[{"embeddable":true,"href":"https:\/\/autoklastr.cz\/cs\/wp-json\/wp\/v2\/users\/97"}],"replies":[{"embeddable":true,"href":"https:\/\/autoklastr.cz\/cs\/wp-json\/wp\/v2\/comments?post=33480"}],"version-history":[{"count":3,"href":"https:\/\/autoklastr.cz\/cs\/wp-json\/wp\/v2\/posts\/33480\/revisions"}],"predecessor-version":[{"id":33484,"href":"https:\/\/autoklastr.cz\/cs\/wp-json\/wp\/v2\/posts\/33480\/revisions\/33484"}],"wp:featuredmedia":[{"embeddable":true,"href":"https:\/\/autoklastr.cz\/cs\/wp-json\/wp\/v2\/media\/33481"}],"wp:attachment":[{"href":"https:\/\/autoklastr.cz\/cs\/wp-json\/wp\/v2\/media?parent=33480"}],"wp:term":[{"taxonomy":"category","embeddable":true,"href":"https:\/\/autoklastr.cz\/cs\/wp-json\/wp\/v2\/categories?post=33480"},{"taxonomy":"post_tag","embeddable":true,"href":"https:\/\/autoklastr.cz\/cs\/wp-json\/wp\/v2\/tags?post=33480"},{"taxonomy":"kategorie_prispevku","embeddable":true,"href":"https:\/\/autoklastr.cz\/cs\/wp-json\/wp\/v2\/kategorie_prispevku?post=33480"}],"curies":[{"name":"wp","href":"https:\/\/api.w.org\/{rel}","templated":true}]}}