{"id":26793,"date":"2024-06-25T20:25:15","date_gmt":"2024-06-25T18:25:15","guid":{"rendered":"https:\/\/autoklastr.cz\/cs\/?p=26793"},"modified":"2024-06-26T20:33:03","modified_gmt":"2024-06-26T18:33:03","slug":"skoda-auto-prodlouzi-vyrobu-modelu-fabia-kamiq-a-scala-do-konce-desetileti","status":"publish","type":"post","link":"https:\/\/autoklastr.cz\/cs\/skoda-auto-prodlouzi-vyrobu-modelu-fabia-kamiq-a-scala-do-konce-desetileti\/","title":{"rendered":"\u0160koda Auto prodlou\u017e\u00ed v\u00fdrobu model\u016f Fabia, Kamiq a Scala do konce desetilet\u00ed"},"content":{"rendered":"<p style=\"text-align: justify;\"><strong>\u0160koda Auto prodlou\u017e\u00ed v\u00fdrobu model\u016f Fabia, Kamiq a Scala do konce desetilet\u00ed. D\u016fvodem je i pomalej\u0161\u00ed p\u0159em\u011bna na elektromobilitu oproti p\u0159edpoklad\u016fm a velk\u00e1 popt\u00e1vka ve sv\u011bt\u011b. Podle p\u016fvodn\u00edch o\u010dek\u00e1v\u00e1n\u00ed automobilky m\u011bla b\u00fdt v\u00fdroba ukon\u010dena d\u0159\u00edve, ale transformace na elektromobilitu nepostupuje tak rychle. V\u00fdroba model\u016f Kodiaq, Superb a Octavia bude pokra\u010dovat i po roce 2030, \u0159ekl\u00a0Seznam Zpr\u00e1v\u00e1m\u00a0v rozhovoru \u0161\u00e9f \u0160kody Auto Klaus Zellmer.<\/strong><\/p>\n<p style=\"text-align: justify;\">D\u016fvody pomalej\u0161\u00edho p\u0159echodu na elektromobilitu jsou podle Zellmera mimo jin\u00e9 ceny, nab\u00edjec\u00ed infrastruktura, n\u00e1lada spot\u0159ebitel\u016f nebo jejich preference. Bateriov\u00e9 elektromobily jsou oproti aut\u016fm s konven\u010dn\u00edm pohonem dra\u017e\u0161\u00ed, d\u016fvodem jsou p\u0159edev\u0161\u00edm ceny surovin a zejm\u00e9na bateri\u00ed.<\/p>\n<p style=\"text-align: justify;\">Zellmer tak\u00e9 v rozhovoru \u0159ekl, \u017ee by si nevsadil na konec spalovac\u00edch motor\u016f v roce 2035, nicm\u00e9n\u011b pro automobilku je to pl\u00e1novac\u00ed p\u0159edpoklad.<em> \u201eM\u011b up\u0159\u00edmn\u011b ale ned\u011bs\u00ed to, \u017ee rok 2035 bude znamenat konec prodeje nov\u00fdch voz\u016f se spalovac\u00edmi motory. Daleko v\u011bt\u0161\u00ed strach m\u00e1m z toho, co se stane se v\u0161emi auty se spalovac\u00edmi motory, kter\u00e1 budou st\u00e1le na trhu. Nem\u00e1me pro n\u011b \u0159e\u0161en\u00ed, kter\u00e9 by sni\u017eovalo emise CO2,\u201c<\/em>\u00a0\u0159ekl \u0161\u00e9f \u0160kody Auto. Pokud se legislativa ze sou\u010dasn\u00e9ho roku 2035 posune, bude podle n\u011bj z\u00e1le\u017eet na tom, jak budou reagovat spot\u0159ebitel\u00e9.<\/p>\n<p>&nbsp;<\/p>\n<p>Zdroj: cc.cz<\/p>\n","protected":false},"excerpt":{"rendered":"<p>\u0160koda Auto prodlou\u017e\u00ed v\u00fdrobu model\u016f Fabia, Kamiq a Scala do konce desetilet\u00ed. D\u016fvodem je i pomalej\u0161\u00ed p\u0159em\u011bna na elektromobilitu oproti p\u0159edpoklad\u016fm a velk\u00e1 popt\u00e1vka ve sv\u011bt\u011b. Podle p\u016fvodn\u00edch o\u010dek\u00e1v\u00e1n\u00ed automobilky m\u011bla b\u00fdt v\u00fdroba ukon\u010dena d\u0159\u00edve, ale transformace na elektromobilitu nepostupuje tak rychle. V\u00fdroba model\u016f Kodiaq, Superb a Octavia bude pokra\u010dovat i po roce 2030, \u0159ekl\u00a0Seznam [&hellip;]<\/p>\n","protected":false},"author":81,"featured_media":26796,"comment_status":"open","ping_status":"open","sticky":false,"template":"","format":"standard","meta":{"_acf_changed":false,"inline_featured_image":false,"footnotes":""},"categories":[1],"tags":[],"kategorie_prispevku":[],"acf":[],"yoast_head":"<!-- This site is optimized with the Yoast SEO plugin v24.5 - https:\/\/yoast.com\/wordpress\/plugins\/seo\/ -->\n<title>\u0160koda Auto prodlou\u017e\u00ed v\u00fdrobu model\u016f Fabia, Kamiq a Scala do konce desetilet\u00ed | Autoklastr<\/title>\n<meta name=\"robots\" content=\"index, follow, max-snippet:-1, max-image-preview:large, max-video-preview:-1\" \/>\n<link rel=\"canonical\" href=\"https:\/\/autoklastr.cz\/cs\/skoda-auto-prodlouzi-vyrobu-modelu-fabia-kamiq-a-scala-do-konce-desetileti\/\" \/>\n<meta property=\"og:locale\" content=\"cs_CZ\" \/>\n<meta property=\"og:locale:alternate\" content=\"en_US\" \/>\n<meta property=\"og:type\" content=\"article\" \/>\n<meta property=\"og:title\" content=\"\u0160koda Auto prodlou\u017e\u00ed v\u00fdrobu model\u016f Fabia, Kamiq a Scala do konce desetilet\u00ed\" \/>\n<meta property=\"og:description\" content=\"\u0160koda Auto prodlou\u017e\u00ed v\u00fdrobu model\u016f Fabia, Kamiq a Scala do konce desetilet\u00ed. D\u016fvodem je i pomalej\u0161\u00ed p\u0159em\u011bna na elektromobilitu oproti p\u0159edpoklad\u016fm a velk\u00e1 popt\u00e1vka ve sv\u011bt\u011b. Podle p\u016fvodn\u00edch o\u010dek\u00e1v\u00e1n\u00ed automobilky m\u011bla b\u00fdt v\u00fdroba ukon\u010dena d\u0159\u00edve, ale transformace na elektromobilitu nepostupuje tak rychle. V\u00fdroba model\u016f Kodiaq, Superb a Octavia bude pokra\u010dovat i po roce 2030, \u0159ekl\u00a0Seznam [&hellip;]\" \/>\n<meta property=\"og:url\" content=\"https:\/\/autoklastr.cz\/cs\/skoda-auto-prodlouzi-vyrobu-modelu-fabia-kamiq-a-scala-do-konce-desetileti\/\" \/>\n<meta property=\"og:site_name\" content=\"Autoklastr\" \/>\n<meta property=\"article:published_time\" content=\"2024-06-25T18:25:15+00:00\" \/>\n<meta property=\"article:modified_time\" content=\"2024-06-26T18:33:03+00:00\" \/>\n<meta property=\"og:image\" content=\"https:\/\/autoklastr.cz\/wp-content\/uploads\/2024\/06\/scala-kamiq-facelift-1120x688-c.jpg\" \/>\n\t<meta property=\"og:image:width\" content=\"1120\" \/>\n\t<meta property=\"og:image:height\" content=\"688\" \/>\n\t<meta property=\"og:image:type\" content=\"image\/jpeg\" \/>\n<meta name=\"author\" content=\"Karel B\u0159emek\" \/>\n<meta name=\"twitter:card\" content=\"summary_large_image\" \/>\n<meta name=\"twitter:label1\" content=\"Napsal(a)\" \/>\n\t<meta name=\"twitter:data1\" content=\"Karel B\u0159emek\" \/>\n\t<meta name=\"twitter:label2\" content=\"Odhadovan\u00e1 doba \u010dten\u00ed\" \/>\n\t<meta name=\"twitter:data2\" content=\"2 minuty\" \/>\n<script type=\"application\/ld+json\" class=\"yoast-schema-graph\">{\"@context\":\"https:\/\/schema.org\",\"@graph\":[{\"@type\":\"WebPage\",\"@id\":\"https:\/\/autoklastr.cz\/cs\/skoda-auto-prodlouzi-vyrobu-modelu-fabia-kamiq-a-scala-do-konce-desetileti\/\",\"url\":\"https:\/\/autoklastr.cz\/cs\/skoda-auto-prodlouzi-vyrobu-modelu-fabia-kamiq-a-scala-do-konce-desetileti\/\",\"name\":\"\u0160koda Auto prodlou\u017e\u00ed v\u00fdrobu model\u016f Fabia, Kamiq a Scala do konce desetilet\u00ed\",\"isPartOf\":{\"@id\":\"https:\/\/autoklastr.cz\/cs\/#website\"},\"primaryImageOfPage\":{\"@id\":\"https:\/\/autoklastr.cz\/cs\/skoda-auto-prodlouzi-vyrobu-modelu-fabia-kamiq-a-scala-do-konce-desetileti\/#primaryimage\"},\"image\":{\"@id\":\"https:\/\/autoklastr.cz\/cs\/skoda-auto-prodlouzi-vyrobu-modelu-fabia-kamiq-a-scala-do-konce-desetileti\/#primaryimage\"},\"thumbnailUrl\":\"https:\/\/autoklastr.cz\/wp-content\/uploads\/2024\/06\/scala-kamiq-facelift-1120x688-c.jpg\",\"datePublished\":\"2024-06-25T18:25:15+00:00\",\"dateModified\":\"2024-06-26T18:33:03+00:00\",\"author\":{\"@id\":\"https:\/\/autoklastr.cz\/cs\/#\/schema\/person\/51de917140dff28ece1c759a7579ba79\"},\"breadcrumb\":{\"@id\":\"https:\/\/autoklastr.cz\/cs\/skoda-auto-prodlouzi-vyrobu-modelu-fabia-kamiq-a-scala-do-konce-desetileti\/#breadcrumb\"},\"inLanguage\":\"cs-CZ\",\"potentialAction\":[{\"@type\":\"ReadAction\",\"target\":[\"https:\/\/autoklastr.cz\/cs\/skoda-auto-prodlouzi-vyrobu-modelu-fabia-kamiq-a-scala-do-konce-desetileti\/\"]}]},{\"@type\":\"ImageObject\",\"inLanguage\":\"cs-CZ\",\"@id\":\"https:\/\/autoklastr.cz\/cs\/skoda-auto-prodlouzi-vyrobu-modelu-fabia-kamiq-a-scala-do-konce-desetileti\/#primaryimage\",\"url\":\"https:\/\/autoklastr.cz\/wp-content\/uploads\/2024\/06\/scala-kamiq-facelift-1120x688-c.jpg\",\"contentUrl\":\"https:\/\/autoklastr.cz\/wp-content\/uploads\/2024\/06\/scala-kamiq-facelift-1120x688-c.jpg\",\"width\":1120,\"height\":688},{\"@type\":\"BreadcrumbList\",\"@id\":\"https:\/\/autoklastr.cz\/cs\/skoda-auto-prodlouzi-vyrobu-modelu-fabia-kamiq-a-scala-do-konce-desetileti\/#breadcrumb\",\"itemListElement\":[{\"@type\":\"ListItem\",\"position\":1,\"name\":\"Dom\u016f\",\"item\":\"https:\/\/autoklastr.cz\/cs\/\"},{\"@type\":\"ListItem\",\"position\":2,\"name\":\"\u0160koda Auto prodlou\u017e\u00ed v\u00fdrobu model\u016f Fabia, Kamiq a Scala do konce desetilet\u00ed\"}]},{\"@type\":\"WebSite\",\"@id\":\"https:\/\/autoklastr.cz\/cs\/#website\",\"url\":\"https:\/\/autoklastr.cz\/cs\/\",\"name\":\"Autoklastr\",\"description\":\"Spole\u010dn\u011b pro Automotive!\",\"potentialAction\":[{\"@type\":\"SearchAction\",\"target\":{\"@type\":\"EntryPoint\",\"urlTemplate\":\"https:\/\/autoklastr.cz\/cs\/?s={search_term_string}\"},\"query-input\":{\"@type\":\"PropertyValueSpecification\",\"valueRequired\":true,\"valueName\":\"search_term_string\"}}],\"inLanguage\":\"cs-CZ\"},{\"@type\":\"Person\",\"@id\":\"https:\/\/autoklastr.cz\/cs\/#\/schema\/person\/51de917140dff28ece1c759a7579ba79\",\"name\":\"Karel B\u0159emek\",\"image\":{\"@type\":\"ImageObject\",\"inLanguage\":\"cs-CZ\",\"@id\":\"https:\/\/autoklastr.cz\/cs\/#\/schema\/person\/image\/\",\"url\":\"https:\/\/secure.gravatar.com\/avatar\/ba59bb4aee7dc631079170762e66e8c6?s=96&d=mm&r=g\",\"contentUrl\":\"https:\/\/secure.gravatar.com\/avatar\/ba59bb4aee7dc631079170762e66e8c6?s=96&d=mm&r=g\",\"caption\":\"Karel B\u0159emek\"}}]}<\/script>\n<!-- \/ Yoast SEO plugin. -->","yoast_head_json":{"title":"\u0160koda Auto prodlou\u017e\u00ed v\u00fdrobu model\u016f Fabia, Kamiq a Scala do konce desetilet\u00ed | Autoklastr","robots":{"index":"index","follow":"follow","max-snippet":"max-snippet:-1","max-image-preview":"max-image-preview:large","max-video-preview":"max-video-preview:-1"},"canonical":"https:\/\/autoklastr.cz\/cs\/skoda-auto-prodlouzi-vyrobu-modelu-fabia-kamiq-a-scala-do-konce-desetileti\/","og_locale":"cs_CZ","og_type":"article","og_title":"[:cs]\u0160koda Auto prodlou\u017e\u00ed v\u00fdrobu model\u016f Fabia, Kamiq a Scala do konce desetilet\u00ed[:] | Autoklastr","og_description":"\u0160koda Auto prodlou\u017e\u00ed v\u00fdrobu model\u016f Fabia, Kamiq a Scala do konce desetilet\u00ed. D\u016fvodem je i pomalej\u0161\u00ed p\u0159em\u011bna na elektromobilitu oproti p\u0159edpoklad\u016fm a velk\u00e1 popt\u00e1vka ve sv\u011bt\u011b. Podle p\u016fvodn\u00edch o\u010dek\u00e1v\u00e1n\u00ed automobilky m\u011bla b\u00fdt v\u00fdroba ukon\u010dena d\u0159\u00edve, ale transformace na elektromobilitu nepostupuje tak rychle. V\u00fdroba model\u016f Kodiaq, Superb a Octavia bude pokra\u010dovat i po roce 2030, \u0159ekl\u00a0Seznam [&hellip;]","og_url":"https:\/\/autoklastr.cz\/cs\/skoda-auto-prodlouzi-vyrobu-modelu-fabia-kamiq-a-scala-do-konce-desetileti\/","og_site_name":"Autoklastr","article_published_time":"2024-06-25T18:25:15+00:00","article_modified_time":"2024-06-26T18:33:03+00:00","og_image":[{"width":1120,"height":688,"url":"https:\/\/autoklastr.cz\/wp-content\/uploads\/2024\/06\/scala-kamiq-facelift-1120x688-c.jpg","type":"image\/jpeg"}],"author":"Karel B\u0159emek","twitter_card":"summary_large_image","twitter_misc":{"Napsal(a)":"Karel B\u0159emek","Odhadovan\u00e1 doba \u010dten\u00ed":"2 minuty"},"schema":{"@context":"https:\/\/schema.org","@graph":[{"@type":"WebPage","@id":"https:\/\/autoklastr.cz\/cs\/skoda-auto-prodlouzi-vyrobu-modelu-fabia-kamiq-a-scala-do-konce-desetileti\/","url":"https:\/\/autoklastr.cz\/cs\/skoda-auto-prodlouzi-vyrobu-modelu-fabia-kamiq-a-scala-do-konce-desetileti\/","name":"\u0160koda Auto prodlou\u017e\u00ed v\u00fdrobu model\u016f Fabia, Kamiq a Scala do konce desetilet\u00ed","isPartOf":{"@id":"https:\/\/autoklastr.cz\/cs\/#website"},"primaryImageOfPage":{"@id":"https:\/\/autoklastr.cz\/cs\/skoda-auto-prodlouzi-vyrobu-modelu-fabia-kamiq-a-scala-do-konce-desetileti\/#primaryimage"},"image":{"@id":"https:\/\/autoklastr.cz\/cs\/skoda-auto-prodlouzi-vyrobu-modelu-fabia-kamiq-a-scala-do-konce-desetileti\/#primaryimage"},"thumbnailUrl":"https:\/\/autoklastr.cz\/wp-content\/uploads\/2024\/06\/scala-kamiq-facelift-1120x688-c.jpg","datePublished":"2024-06-25T18:25:15+00:00","dateModified":"2024-06-26T18:33:03+00:00","author":{"@id":"https:\/\/autoklastr.cz\/cs\/#\/schema\/person\/51de917140dff28ece1c759a7579ba79"},"breadcrumb":{"@id":"https:\/\/autoklastr.cz\/cs\/skoda-auto-prodlouzi-vyrobu-modelu-fabia-kamiq-a-scala-do-konce-desetileti\/#breadcrumb"},"inLanguage":"cs-CZ","potentialAction":[{"@type":"ReadAction","target":["https:\/\/autoklastr.cz\/cs\/skoda-auto-prodlouzi-vyrobu-modelu-fabia-kamiq-a-scala-do-konce-desetileti\/"]}]},{"@type":"ImageObject","inLanguage":"cs-CZ","@id":"https:\/\/autoklastr.cz\/cs\/skoda-auto-prodlouzi-vyrobu-modelu-fabia-kamiq-a-scala-do-konce-desetileti\/#primaryimage","url":"https:\/\/autoklastr.cz\/wp-content\/uploads\/2024\/06\/scala-kamiq-facelift-1120x688-c.jpg","contentUrl":"https:\/\/autoklastr.cz\/wp-content\/uploads\/2024\/06\/scala-kamiq-facelift-1120x688-c.jpg","width":1120,"height":688},{"@type":"BreadcrumbList","@id":"https:\/\/autoklastr.cz\/cs\/skoda-auto-prodlouzi-vyrobu-modelu-fabia-kamiq-a-scala-do-konce-desetileti\/#breadcrumb","itemListElement":[{"@type":"ListItem","position":1,"name":"Dom\u016f","item":"https:\/\/autoklastr.cz\/cs\/"},{"@type":"ListItem","position":2,"name":"\u0160koda Auto prodlou\u017e\u00ed v\u00fdrobu model\u016f Fabia, Kamiq a Scala do konce desetilet\u00ed"}]},{"@type":"WebSite","@id":"https:\/\/autoklastr.cz\/cs\/#website","url":"https:\/\/autoklastr.cz\/cs\/","name":"Autoklastr","description":"Spole\u010dn\u011b pro Automotive!","potentialAction":[{"@type":"SearchAction","target":{"@type":"EntryPoint","urlTemplate":"https:\/\/autoklastr.cz\/cs\/?s={search_term_string}"},"query-input":{"@type":"PropertyValueSpecification","valueRequired":true,"valueName":"search_term_string"}}],"inLanguage":"cs-CZ"},{"@type":"Person","@id":"https:\/\/autoklastr.cz\/cs\/#\/schema\/person\/51de917140dff28ece1c759a7579ba79","name":"Karel B\u0159emek","image":{"@type":"ImageObject","inLanguage":"cs-CZ","@id":"https:\/\/autoklastr.cz\/cs\/#\/schema\/person\/image\/","url":"https:\/\/secure.gravatar.com\/avatar\/ba59bb4aee7dc631079170762e66e8c6?s=96&d=mm&r=g","contentUrl":"https:\/\/secure.gravatar.com\/avatar\/ba59bb4aee7dc631079170762e66e8c6?s=96&d=mm&r=g","caption":"Karel B\u0159emek"}}]}},"_links":{"self":[{"href":"https:\/\/autoklastr.cz\/cs\/wp-json\/wp\/v2\/posts\/26793"}],"collection":[{"href":"https:\/\/autoklastr.cz\/cs\/wp-json\/wp\/v2\/posts"}],"about":[{"href":"https:\/\/autoklastr.cz\/cs\/wp-json\/wp\/v2\/types\/post"}],"author":[{"embeddable":true,"href":"https:\/\/autoklastr.cz\/cs\/wp-json\/wp\/v2\/users\/81"}],"replies":[{"embeddable":true,"href":"https:\/\/autoklastr.cz\/cs\/wp-json\/wp\/v2\/comments?post=26793"}],"version-history":[{"count":2,"href":"https:\/\/autoklastr.cz\/cs\/wp-json\/wp\/v2\/posts\/26793\/revisions"}],"predecessor-version":[{"id":26797,"href":"https:\/\/autoklastr.cz\/cs\/wp-json\/wp\/v2\/posts\/26793\/revisions\/26797"}],"wp:featuredmedia":[{"embeddable":true,"href":"https:\/\/autoklastr.cz\/cs\/wp-json\/wp\/v2\/media\/26796"}],"wp:attachment":[{"href":"https:\/\/autoklastr.cz\/cs\/wp-json\/wp\/v2\/media?parent=26793"}],"wp:term":[{"taxonomy":"category","embeddable":true,"href":"https:\/\/autoklastr.cz\/cs\/wp-json\/wp\/v2\/categories?post=26793"},{"taxonomy":"post_tag","embeddable":true,"href":"https:\/\/autoklastr.cz\/cs\/wp-json\/wp\/v2\/tags?post=26793"},{"taxonomy":"kategorie_prispevku","embeddable":true,"href":"https:\/\/autoklastr.cz\/cs\/wp-json\/wp\/v2\/kategorie_prispevku?post=26793"}],"curies":[{"name":"wp","href":"https:\/\/api.w.org\/{rel}","templated":true}]}}