{"id":24177,"date":"2024-02-09T22:09:03","date_gmt":"2024-02-09T21:09:03","guid":{"rendered":"https:\/\/autoklastr.cz\/cs\/?p=24177"},"modified":"2024-02-13T22:12:31","modified_gmt":"2024-02-13T21:12:31","slug":"clenske-staty-eu-schvalily-zprisneni-emisnich-predpisu-pro-nakladni-vozy","status":"publish","type":"post","link":"https:\/\/autoklastr.cz\/cs\/clenske-staty-eu-schvalily-zprisneni-emisnich-predpisu-pro-nakladni-vozy\/","title":{"rendered":"\u010clensk\u00e9 st\u00e1ty EU schv\u00e1lily zp\u0159\u00edsn\u011bn\u00ed emisn\u00edch p\u0159edpis\u016f pro n\u00e1kladn\u00ed vozy"},"content":{"rendered":"<div class=\"c_ke _608bd5f5042d89402533b190\">\n<p class=\"e_bo c_hx speakable\" style=\"text-align: justify;\" data-dot=\"ogm-article-perex\"><strong>Emise n\u00e1kladn\u00edch voz\u016f by se podle nov\u00fdch p\u0159edpis\u016f m\u011bly do roku 2040 sn\u00ed\u017eit o 90 procent ve srovn\u00e1n\u00ed s rokem 2019. Opat\u0159en\u00ed je\u0161t\u011b mus\u00ed odsouhlasit pl\u00e9num Evropsk\u00e9ho parlamentu.<\/strong><\/p>\n<\/div>\n<div class=\"c_ke _608bd6b73316103f15d31ccc\">\n<div class=\"c_c\" data-e2e=\"ogm-article-layout\">\n<article class=\"c_h2\" role=\"article\" aria-labelledby=\"accessibility-article\">\n<div class=\"c_ew\" data-dot=\"ogm-article-content\">\n<div class=\"g_ex mol-rich-content--for-article\">\n<div class=\"g_bo speakable\" style=\"text-align: justify;\" data-dot=\"mol-paragraph\">\n<p class=\"e_bo\"><span class=\"atm-text-decorator\">\u010clensk\u00e9 st\u00e1ty Evropsk\u00e9 unie schv\u00e1lily pl\u00e1novan\u00e9 zp\u0159\u00edsn\u011bn\u00ed p\u0159edpis\u016f pro emise oxidu uhli\u010dit\u00e9ho u\u00a0n\u00e1kladn\u00edch automobil\u016f a\u00a0autobus\u016f. Ozn\u00e1milo to v\u00a0p\u00e1tek belgick\u00e9 p\u0159edsednictv\u00ed EU. Opat\u0159en\u00ed je\u0161t\u011b mus\u00ed odsouhlasit pl\u00e9num Evropsk\u00e9ho parlamentu.<\/span><\/p>\n<\/div>\n<div class=\"g_bo speakable\" style=\"text-align: justify;\" data-dot=\"mol-paragraph\">\n<p class=\"e_bo\"><span class=\"atm-text-decorator\">Emise by se podle nov\u00fdch p\u0159edpis\u016f m\u011bly do roku 2040\u00a0sn\u00ed\u017eit o\u00a090\u00a0procent ve srovn\u00e1n\u00ed s\u00a0rokem 2019.\u00a0Schv\u00e1len\u00ed nov\u00fdch p\u0159edpis\u016f \u010dlensk\u00fdmi st\u00e1ty EU ohro\u017eovaly neshody v\u00a0n\u011bmeck\u00e9 vl\u00e1dn\u00ed koalici, situaci se v\u0161ak na posledn\u00ed chv\u00edli poda\u0159ilo vy\u0159e\u0161it, napsaly agentury DPA a\u00a0Reuters.<\/span><\/p>\n<\/div>\n<div class=\"g_bo speakable\" data-dot=\"mol-paragraph\">\n<p class=\"e_bo\" style=\"text-align: justify;\"><span class=\"atm-text-decorator\">N\u011bmeck\u00e9 sdru\u017een\u00ed automobilov\u00e9ho pr\u016fmyslu VDA schv\u00e1len\u00ed nov\u00fdch pravidel p\u0159iv\u00edtalo. \u201eStanovuje to jasn\u00fd \u010dasov\u00fd harmonogram pro rychlej\u0161\u00ed realizaci bezemisn\u00edch \u0159e\u0161en\u00ed na evropsk\u00e9m trhu,\u201c uvedlo.<\/span><\/p>\n<p style=\"text-align: justify;\">Nov\u00e9 p\u0159edpisy p\u0159edpokl\u00e1daj\u00ed, \u017ee do roku 2030\u00a0se emise u\u00a0n\u00e1kladn\u00edch automobil\u016f a\u00a0autobus\u016f oproti roku 2019\u00a0sn\u00ed\u017e\u00ed o\u00a045\u00a0procent. Do roku 2035\u00a0by m\u011bl pokles emis\u00ed dos\u00e1hnout 65\u00a0procent. V\u00fdjimku ze stanoven\u00fdch c\u00edl\u016f budou m\u00edt nap\u0159\u00edklad zem\u011bd\u011blsk\u00e1, vojensk\u00e1, hasi\u010dsk\u00e1 \u010di z\u00e1chran\u00e1\u0159sk\u00e1 vozidla, napsala agentura APA.<\/p>\n<\/div>\n<\/div>\n<\/div>\n<\/article>\n<\/div>\n<\/div>\n<p>&nbsp;<\/p>\n<p>Zdroj: seznamzpravy.cz<\/p>\n","protected":false},"excerpt":{"rendered":"<p>Emise n\u00e1kladn\u00edch voz\u016f by se podle nov\u00fdch p\u0159edpis\u016f m\u011bly do roku 2040 sn\u00ed\u017eit o 90 procent ve srovn\u00e1n\u00ed s rokem 2019. Opat\u0159en\u00ed je\u0161t\u011b mus\u00ed odsouhlasit pl\u00e9num Evropsk\u00e9ho parlamentu. \u010clensk\u00e9 st\u00e1ty Evropsk\u00e9 unie schv\u00e1lily pl\u00e1novan\u00e9 zp\u0159\u00edsn\u011bn\u00ed p\u0159edpis\u016f pro emise oxidu uhli\u010dit\u00e9ho u\u00a0n\u00e1kladn\u00edch automobil\u016f a\u00a0autobus\u016f. Ozn\u00e1milo to v\u00a0p\u00e1tek belgick\u00e9 p\u0159edsednictv\u00ed EU. Opat\u0159en\u00ed je\u0161t\u011b mus\u00ed odsouhlasit pl\u00e9num Evropsk\u00e9ho [&hellip;]<\/p>\n","protected":false},"author":81,"featured_media":24178,"comment_status":"open","ping_status":"open","sticky":false,"template":"","format":"standard","meta":{"_acf_changed":false,"inline_featured_image":false,"footnotes":""},"categories":[1],"tags":[],"kategorie_prispevku":[],"acf":[],"yoast_head":"<!-- This site is optimized with the Yoast SEO plugin v24.5 - https:\/\/yoast.com\/wordpress\/plugins\/seo\/ -->\n<title>\u010clensk\u00e9 st\u00e1ty EU schv\u00e1lily zp\u0159\u00edsn\u011bn\u00ed emisn\u00edch p\u0159edpis\u016f pro n\u00e1kladn\u00ed vozy | Autoklastr<\/title>\n<meta name=\"robots\" content=\"index, follow, max-snippet:-1, max-image-preview:large, max-video-preview:-1\" \/>\n<link rel=\"canonical\" href=\"https:\/\/autoklastr.cz\/cs\/clenske-staty-eu-schvalily-zprisneni-emisnich-predpisu-pro-nakladni-vozy\/\" \/>\n<meta property=\"og:locale\" content=\"cs_CZ\" \/>\n<meta property=\"og:locale:alternate\" content=\"en_US\" \/>\n<meta property=\"og:type\" content=\"article\" \/>\n<meta property=\"og:title\" content=\"\u010clensk\u00e9 st\u00e1ty EU schv\u00e1lily zp\u0159\u00edsn\u011bn\u00ed emisn\u00edch p\u0159edpis\u016f pro n\u00e1kladn\u00ed vozy\" \/>\n<meta property=\"og:description\" content=\"Emise n\u00e1kladn\u00edch voz\u016f by se podle nov\u00fdch p\u0159edpis\u016f m\u011bly do roku 2040 sn\u00ed\u017eit o 90 procent ve srovn\u00e1n\u00ed s rokem 2019. Opat\u0159en\u00ed je\u0161t\u011b mus\u00ed odsouhlasit pl\u00e9num Evropsk\u00e9ho parlamentu. \u010clensk\u00e9 st\u00e1ty Evropsk\u00e9 unie schv\u00e1lily pl\u00e1novan\u00e9 zp\u0159\u00edsn\u011bn\u00ed p\u0159edpis\u016f pro emise oxidu uhli\u010dit\u00e9ho u\u00a0n\u00e1kladn\u00edch automobil\u016f a\u00a0autobus\u016f. Ozn\u00e1milo to v\u00a0p\u00e1tek belgick\u00e9 p\u0159edsednictv\u00ed EU. Opat\u0159en\u00ed je\u0161t\u011b mus\u00ed odsouhlasit pl\u00e9num Evropsk\u00e9ho [&hellip;]\" \/>\n<meta property=\"og:url\" content=\"https:\/\/autoklastr.cz\/cs\/clenske-staty-eu-schvalily-zprisneni-emisnich-predpisu-pro-nakladni-vozy\/\" \/>\n<meta property=\"og:site_name\" content=\"Autoklastr\" \/>\n<meta property=\"article:published_time\" content=\"2024-02-09T21:09:03+00:00\" \/>\n<meta property=\"article:modified_time\" content=\"2024-02-13T21:12:31+00:00\" \/>\n<meta property=\"og:image\" content=\"https:\/\/autoklastr.cz\/wp-content\/uploads\/2024\/02\/g9lNd-1024x576.png\" \/>\n\t<meta property=\"og:image:width\" content=\"1024\" \/>\n\t<meta property=\"og:image:height\" content=\"576\" \/>\n\t<meta property=\"og:image:type\" content=\"image\/png\" \/>\n<meta name=\"author\" content=\"Karel B\u0159emek\" \/>\n<meta name=\"twitter:card\" content=\"summary_large_image\" \/>\n<meta name=\"twitter:label1\" content=\"Napsal(a)\" \/>\n\t<meta name=\"twitter:data1\" content=\"Karel B\u0159emek\" \/>\n\t<meta name=\"twitter:label2\" content=\"Odhadovan\u00e1 doba \u010dten\u00ed\" \/>\n\t<meta name=\"twitter:data2\" content=\"1 minuta\" \/>\n<script type=\"application\/ld+json\" class=\"yoast-schema-graph\">{\"@context\":\"https:\/\/schema.org\",\"@graph\":[{\"@type\":\"WebPage\",\"@id\":\"https:\/\/autoklastr.cz\/cs\/clenske-staty-eu-schvalily-zprisneni-emisnich-predpisu-pro-nakladni-vozy\/\",\"url\":\"https:\/\/autoklastr.cz\/cs\/clenske-staty-eu-schvalily-zprisneni-emisnich-predpisu-pro-nakladni-vozy\/\",\"name\":\"\u010clensk\u00e9 st\u00e1ty EU schv\u00e1lily zp\u0159\u00edsn\u011bn\u00ed emisn\u00edch p\u0159edpis\u016f pro n\u00e1kladn\u00ed vozy\",\"isPartOf\":{\"@id\":\"https:\/\/autoklastr.cz\/cs\/#website\"},\"primaryImageOfPage\":{\"@id\":\"https:\/\/autoklastr.cz\/cs\/clenske-staty-eu-schvalily-zprisneni-emisnich-predpisu-pro-nakladni-vozy\/#primaryimage\"},\"image\":{\"@id\":\"https:\/\/autoklastr.cz\/cs\/clenske-staty-eu-schvalily-zprisneni-emisnich-predpisu-pro-nakladni-vozy\/#primaryimage\"},\"thumbnailUrl\":\"https:\/\/autoklastr.cz\/wp-content\/uploads\/2024\/02\/g9lNd.png\",\"datePublished\":\"2024-02-09T21:09:03+00:00\",\"dateModified\":\"2024-02-13T21:12:31+00:00\",\"author\":{\"@id\":\"https:\/\/autoklastr.cz\/cs\/#\/schema\/person\/51de917140dff28ece1c759a7579ba79\"},\"breadcrumb\":{\"@id\":\"https:\/\/autoklastr.cz\/cs\/clenske-staty-eu-schvalily-zprisneni-emisnich-predpisu-pro-nakladni-vozy\/#breadcrumb\"},\"inLanguage\":\"cs-CZ\",\"potentialAction\":[{\"@type\":\"ReadAction\",\"target\":[\"https:\/\/autoklastr.cz\/cs\/clenske-staty-eu-schvalily-zprisneni-emisnich-predpisu-pro-nakladni-vozy\/\"]}]},{\"@type\":\"ImageObject\",\"inLanguage\":\"cs-CZ\",\"@id\":\"https:\/\/autoklastr.cz\/cs\/clenske-staty-eu-schvalily-zprisneni-emisnich-predpisu-pro-nakladni-vozy\/#primaryimage\",\"url\":\"https:\/\/autoklastr.cz\/wp-content\/uploads\/2024\/02\/g9lNd.png\",\"contentUrl\":\"https:\/\/autoklastr.cz\/wp-content\/uploads\/2024\/02\/g9lNd.png\",\"width\":2048,\"height\":1151},{\"@type\":\"BreadcrumbList\",\"@id\":\"https:\/\/autoklastr.cz\/cs\/clenske-staty-eu-schvalily-zprisneni-emisnich-predpisu-pro-nakladni-vozy\/#breadcrumb\",\"itemListElement\":[{\"@type\":\"ListItem\",\"position\":1,\"name\":\"Dom\u016f\",\"item\":\"https:\/\/autoklastr.cz\/cs\/\"},{\"@type\":\"ListItem\",\"position\":2,\"name\":\"\u010clensk\u00e9 st\u00e1ty EU schv\u00e1lily zp\u0159\u00edsn\u011bn\u00ed emisn\u00edch p\u0159edpis\u016f pro n\u00e1kladn\u00ed vozy\"}]},{\"@type\":\"WebSite\",\"@id\":\"https:\/\/autoklastr.cz\/cs\/#website\",\"url\":\"https:\/\/autoklastr.cz\/cs\/\",\"name\":\"Autoklastr\",\"description\":\"Spole\u010dn\u011b pro Automotive!\",\"potentialAction\":[{\"@type\":\"SearchAction\",\"target\":{\"@type\":\"EntryPoint\",\"urlTemplate\":\"https:\/\/autoklastr.cz\/cs\/?s={search_term_string}\"},\"query-input\":{\"@type\":\"PropertyValueSpecification\",\"valueRequired\":true,\"valueName\":\"search_term_string\"}}],\"inLanguage\":\"cs-CZ\"},{\"@type\":\"Person\",\"@id\":\"https:\/\/autoklastr.cz\/cs\/#\/schema\/person\/51de917140dff28ece1c759a7579ba79\",\"name\":\"Karel B\u0159emek\",\"image\":{\"@type\":\"ImageObject\",\"inLanguage\":\"cs-CZ\",\"@id\":\"https:\/\/autoklastr.cz\/cs\/#\/schema\/person\/image\/\",\"url\":\"https:\/\/secure.gravatar.com\/avatar\/ba59bb4aee7dc631079170762e66e8c6?s=96&d=mm&r=g\",\"contentUrl\":\"https:\/\/secure.gravatar.com\/avatar\/ba59bb4aee7dc631079170762e66e8c6?s=96&d=mm&r=g\",\"caption\":\"Karel B\u0159emek\"}}]}<\/script>\n<!-- \/ Yoast SEO plugin. -->","yoast_head_json":{"title":"\u010clensk\u00e9 st\u00e1ty EU schv\u00e1lily zp\u0159\u00edsn\u011bn\u00ed emisn\u00edch p\u0159edpis\u016f pro n\u00e1kladn\u00ed vozy | Autoklastr","robots":{"index":"index","follow":"follow","max-snippet":"max-snippet:-1","max-image-preview":"max-image-preview:large","max-video-preview":"max-video-preview:-1"},"canonical":"https:\/\/autoklastr.cz\/cs\/clenske-staty-eu-schvalily-zprisneni-emisnich-predpisu-pro-nakladni-vozy\/","og_locale":"cs_CZ","og_type":"article","og_title":"[:cs]\u010clensk\u00e9 st\u00e1ty EU schv\u00e1lily zp\u0159\u00edsn\u011bn\u00ed emisn\u00edch p\u0159edpis\u016f pro n\u00e1kladn\u00ed vozy[:] | Autoklastr","og_description":"Emise n\u00e1kladn\u00edch voz\u016f by se podle nov\u00fdch p\u0159edpis\u016f m\u011bly do roku 2040 sn\u00ed\u017eit o 90 procent ve srovn\u00e1n\u00ed s rokem 2019. Opat\u0159en\u00ed je\u0161t\u011b mus\u00ed odsouhlasit pl\u00e9num Evropsk\u00e9ho parlamentu. \u010clensk\u00e9 st\u00e1ty Evropsk\u00e9 unie schv\u00e1lily pl\u00e1novan\u00e9 zp\u0159\u00edsn\u011bn\u00ed p\u0159edpis\u016f pro emise oxidu uhli\u010dit\u00e9ho u\u00a0n\u00e1kladn\u00edch automobil\u016f a\u00a0autobus\u016f. Ozn\u00e1milo to v\u00a0p\u00e1tek belgick\u00e9 p\u0159edsednictv\u00ed EU. Opat\u0159en\u00ed je\u0161t\u011b mus\u00ed odsouhlasit pl\u00e9num Evropsk\u00e9ho [&hellip;]","og_url":"https:\/\/autoklastr.cz\/cs\/clenske-staty-eu-schvalily-zprisneni-emisnich-predpisu-pro-nakladni-vozy\/","og_site_name":"Autoklastr","article_published_time":"2024-02-09T21:09:03+00:00","article_modified_time":"2024-02-13T21:12:31+00:00","og_image":[{"width":1024,"height":576,"url":"https:\/\/autoklastr.cz\/wp-content\/uploads\/2024\/02\/g9lNd-1024x576.png","type":"image\/png"}],"author":"Karel B\u0159emek","twitter_card":"summary_large_image","twitter_misc":{"Napsal(a)":"Karel B\u0159emek","Odhadovan\u00e1 doba \u010dten\u00ed":"1 minuta"},"schema":{"@context":"https:\/\/schema.org","@graph":[{"@type":"WebPage","@id":"https:\/\/autoklastr.cz\/cs\/clenske-staty-eu-schvalily-zprisneni-emisnich-predpisu-pro-nakladni-vozy\/","url":"https:\/\/autoklastr.cz\/cs\/clenske-staty-eu-schvalily-zprisneni-emisnich-predpisu-pro-nakladni-vozy\/","name":"\u010clensk\u00e9 st\u00e1ty EU schv\u00e1lily zp\u0159\u00edsn\u011bn\u00ed emisn\u00edch p\u0159edpis\u016f pro n\u00e1kladn\u00ed vozy","isPartOf":{"@id":"https:\/\/autoklastr.cz\/cs\/#website"},"primaryImageOfPage":{"@id":"https:\/\/autoklastr.cz\/cs\/clenske-staty-eu-schvalily-zprisneni-emisnich-predpisu-pro-nakladni-vozy\/#primaryimage"},"image":{"@id":"https:\/\/autoklastr.cz\/cs\/clenske-staty-eu-schvalily-zprisneni-emisnich-predpisu-pro-nakladni-vozy\/#primaryimage"},"thumbnailUrl":"https:\/\/autoklastr.cz\/wp-content\/uploads\/2024\/02\/g9lNd.png","datePublished":"2024-02-09T21:09:03+00:00","dateModified":"2024-02-13T21:12:31+00:00","author":{"@id":"https:\/\/autoklastr.cz\/cs\/#\/schema\/person\/51de917140dff28ece1c759a7579ba79"},"breadcrumb":{"@id":"https:\/\/autoklastr.cz\/cs\/clenske-staty-eu-schvalily-zprisneni-emisnich-predpisu-pro-nakladni-vozy\/#breadcrumb"},"inLanguage":"cs-CZ","potentialAction":[{"@type":"ReadAction","target":["https:\/\/autoklastr.cz\/cs\/clenske-staty-eu-schvalily-zprisneni-emisnich-predpisu-pro-nakladni-vozy\/"]}]},{"@type":"ImageObject","inLanguage":"cs-CZ","@id":"https:\/\/autoklastr.cz\/cs\/clenske-staty-eu-schvalily-zprisneni-emisnich-predpisu-pro-nakladni-vozy\/#primaryimage","url":"https:\/\/autoklastr.cz\/wp-content\/uploads\/2024\/02\/g9lNd.png","contentUrl":"https:\/\/autoklastr.cz\/wp-content\/uploads\/2024\/02\/g9lNd.png","width":2048,"height":1151},{"@type":"BreadcrumbList","@id":"https:\/\/autoklastr.cz\/cs\/clenske-staty-eu-schvalily-zprisneni-emisnich-predpisu-pro-nakladni-vozy\/#breadcrumb","itemListElement":[{"@type":"ListItem","position":1,"name":"Dom\u016f","item":"https:\/\/autoklastr.cz\/cs\/"},{"@type":"ListItem","position":2,"name":"\u010clensk\u00e9 st\u00e1ty EU schv\u00e1lily zp\u0159\u00edsn\u011bn\u00ed emisn\u00edch p\u0159edpis\u016f pro n\u00e1kladn\u00ed vozy"}]},{"@type":"WebSite","@id":"https:\/\/autoklastr.cz\/cs\/#website","url":"https:\/\/autoklastr.cz\/cs\/","name":"Autoklastr","description":"Spole\u010dn\u011b pro Automotive!","potentialAction":[{"@type":"SearchAction","target":{"@type":"EntryPoint","urlTemplate":"https:\/\/autoklastr.cz\/cs\/?s={search_term_string}"},"query-input":{"@type":"PropertyValueSpecification","valueRequired":true,"valueName":"search_term_string"}}],"inLanguage":"cs-CZ"},{"@type":"Person","@id":"https:\/\/autoklastr.cz\/cs\/#\/schema\/person\/51de917140dff28ece1c759a7579ba79","name":"Karel B\u0159emek","image":{"@type":"ImageObject","inLanguage":"cs-CZ","@id":"https:\/\/autoklastr.cz\/cs\/#\/schema\/person\/image\/","url":"https:\/\/secure.gravatar.com\/avatar\/ba59bb4aee7dc631079170762e66e8c6?s=96&d=mm&r=g","contentUrl":"https:\/\/secure.gravatar.com\/avatar\/ba59bb4aee7dc631079170762e66e8c6?s=96&d=mm&r=g","caption":"Karel B\u0159emek"}}]}},"_links":{"self":[{"href":"https:\/\/autoklastr.cz\/cs\/wp-json\/wp\/v2\/posts\/24177"}],"collection":[{"href":"https:\/\/autoklastr.cz\/cs\/wp-json\/wp\/v2\/posts"}],"about":[{"href":"https:\/\/autoklastr.cz\/cs\/wp-json\/wp\/v2\/types\/post"}],"author":[{"embeddable":true,"href":"https:\/\/autoklastr.cz\/cs\/wp-json\/wp\/v2\/users\/81"}],"replies":[{"embeddable":true,"href":"https:\/\/autoklastr.cz\/cs\/wp-json\/wp\/v2\/comments?post=24177"}],"version-history":[{"count":1,"href":"https:\/\/autoklastr.cz\/cs\/wp-json\/wp\/v2\/posts\/24177\/revisions"}],"predecessor-version":[{"id":24179,"href":"https:\/\/autoklastr.cz\/cs\/wp-json\/wp\/v2\/posts\/24177\/revisions\/24179"}],"wp:featuredmedia":[{"embeddable":true,"href":"https:\/\/autoklastr.cz\/cs\/wp-json\/wp\/v2\/media\/24178"}],"wp:attachment":[{"href":"https:\/\/autoklastr.cz\/cs\/wp-json\/wp\/v2\/media?parent=24177"}],"wp:term":[{"taxonomy":"category","embeddable":true,"href":"https:\/\/autoklastr.cz\/cs\/wp-json\/wp\/v2\/categories?post=24177"},{"taxonomy":"post_tag","embeddable":true,"href":"https:\/\/autoklastr.cz\/cs\/wp-json\/wp\/v2\/tags?post=24177"},{"taxonomy":"kategorie_prispevku","embeddable":true,"href":"https:\/\/autoklastr.cz\/cs\/wp-json\/wp\/v2\/kategorie_prispevku?post=24177"}],"curies":[{"name":"wp","href":"https:\/\/api.w.org\/{rel}","templated":true}]}}