{"id":22502,"date":"2023-04-17T21:36:38","date_gmt":"2023-04-17T19:36:38","guid":{"rendered":"https:\/\/autoklastr.cz\/cs\/?p=22502"},"modified":"2023-04-19T22:26:35","modified_gmt":"2023-04-19T20:26:35","slug":"automobilky-vstavaji-z-popela-vyroba-se-vraci-na-predkrizovou-uroven","status":"publish","type":"post","link":"https:\/\/autoklastr.cz\/cs\/automobilky-vstavaji-z-popela-vyroba-se-vraci-na-predkrizovou-uroven\/","title":{"rendered":"Automobilky vst\u00e1vaj\u00ed z popela. V\u00fdroba se vrac\u00ed na p\u0159edkrizovou \u00farove\u0148"},"content":{"rendered":"<p style=\"text-align: justify;\"><strong>V\u00fdrobci osobn\u00edch voz\u016f v \u010cesku dokon\u010dili za prvn\u00ed t\u0159i m\u011bs\u00edce roku p\u0159es 353 tis\u00edc automobil\u016f. Naposledy se jim tak da\u0159ilo v \u201ep\u0159edcovidov\u00e9m\u201c roce 2019.<\/strong><\/p>\n<p style=\"text-align: justify;\">\u010cesk\u00e9 automobilky se letos d\u00e1l pot\u00fdkaj\u00ed s probl\u00e9my v dod\u00e1vk\u00e1ch komponent. Nap\u0159\u00edklad kol\u00ednsk\u00e1 Toyota kv\u016fli tomu zastavila v\u00fdrobu na cel\u00fd \u00fanor, ru\u0161en\u00ed sm\u011bn se nevyhnulo ani \u0160kod\u011b Auto.<\/p>\n<p style=\"text-align: justify;\">P\u0159esto se automobilov\u00e9mu pr\u016fmyslu v prvn\u00edch t\u0159ech m\u011bs\u00edc\u00edch roku poda\u0159ilo vr\u00e1tit na \u00farovn\u011b produkce, jich\u017e dosahoval naposledy p\u0159ed pandemi\u00ed, tedy v dob\u011b, kdy je\u0161t\u011b dodavatelsk\u00e9 \u0159et\u011bzce fungovaly bez pot\u00ed\u017e\u00ed. Celkem se tak v \u010cesku vyrobilo 353 tis\u00edc nov\u00fdch osobn\u00edch voz\u016f \u2013 t\u00e9m\u011b\u0159 o t\u0159etinu v\u00edce ne\u017e za stejn\u00e9 obdob\u00ed loni.<\/p>\n<p style=\"text-align: justify;\">Nejv\u00edc si oproti roku 2022 polep\u0161ila \u0160koda Auto. Od ledna do b\u0159ezna opustilo jej\u00ed v\u00fdrobn\u00ed z\u00e1vody p\u0159es 231 tis\u00edc aut, co\u017e je oproti lo\u0148sku o 42 procent v\u00edce. O necelou p\u011btinu \u2013 na 88 tis\u00edc voz\u016f \u2013 v leto\u0161n\u00edm prvn\u00edm \u010dtvrtlet\u00ed zv\u00fd\u0161ila produkci no\u0161ovick\u00e1 tov\u00e1rna Hyundaie.<\/p>\n<p style=\"text-align: justify;\">L\u00e9pe ne\u017e loni se i navzdory m\u011bs\u00ed\u010dn\u00edmu p\u0159eru\u0161en\u00ed provozu da\u0159ilo nakonec i Toyot\u011b. V\u00fdsledek necel\u00fdch 34 tis\u00edc voz\u016f je zhruba o p\u011bt procent lep\u0161\u00ed ne\u017e p\u0159ed rokem.<\/p>\n<p style=\"text-align: justify;\">Drtiv\u00e1 v\u011bt\u0161ina voz\u016f vyroben\u00fdch v \u010cesku m\u00e1 st\u00e1le spalovac\u00ed motory, postupn\u00fd r\u016fst pod\u00edlu plug-in hybrid\u016f a \u010dist\u011b elektrick\u00fdch automobil\u016f ale pokra\u010duje i letos. V obou kategori\u00edch produkce vzrostla na v\u00edce ne\u017e 41 tis\u00edc, co\u017e p\u0159edstavuje 11,7 procenta z celkov\u00e9ho po\u010dtu vyroben\u00fdch voz\u016f.<\/p>\n<p>&nbsp;<\/p>\n<p>Zdroj: tydenikhrot.cz<\/p>\n","protected":false},"excerpt":{"rendered":"<p>V\u00fdrobci osobn\u00edch voz\u016f v \u010cesku dokon\u010dili za prvn\u00ed t\u0159i m\u011bs\u00edce roku p\u0159es 353 tis\u00edc automobil\u016f. Naposledy se jim tak da\u0159ilo v \u201ep\u0159edcovidov\u00e9m\u201c roce 2019. \u010cesk\u00e9 automobilky se letos d\u00e1l pot\u00fdkaj\u00ed s probl\u00e9my v dod\u00e1vk\u00e1ch komponent. Nap\u0159\u00edklad kol\u00ednsk\u00e1 Toyota kv\u016fli tomu zastavila v\u00fdrobu na cel\u00fd \u00fanor, ru\u0161en\u00ed sm\u011bn se nevyhnulo ani \u0160kod\u011b Auto. P\u0159esto se automobilov\u00e9mu [&hellip;]<\/p>\n","protected":false},"author":81,"featured_media":22504,"comment_status":"open","ping_status":"open","sticky":false,"template":"","format":"standard","meta":{"_acf_changed":false,"inline_featured_image":false,"footnotes":""},"categories":[1],"tags":[],"kategorie_prispevku":[],"acf":[],"yoast_head":"<!-- This site is optimized with the Yoast SEO plugin v24.5 - https:\/\/yoast.com\/wordpress\/plugins\/seo\/ -->\n<title>Automobilky vst\u00e1vaj\u00ed z popela. V\u00fdroba se vrac\u00ed na p\u0159edkrizovou \u00farove\u0148 | Autoklastr<\/title>\n<meta name=\"robots\" content=\"index, follow, max-snippet:-1, max-image-preview:large, max-video-preview:-1\" \/>\n<link rel=\"canonical\" href=\"https:\/\/autoklastr.cz\/cs\/automobilky-vstavaji-z-popela-vyroba-se-vraci-na-predkrizovou-uroven\/\" \/>\n<meta property=\"og:locale\" content=\"cs_CZ\" \/>\n<meta property=\"og:locale:alternate\" content=\"en_US\" \/>\n<meta property=\"og:type\" content=\"article\" \/>\n<meta property=\"og:title\" content=\"Automobilky vst\u00e1vaj\u00ed z popela. V\u00fdroba se vrac\u00ed na p\u0159edkrizovou \u00farove\u0148\" \/>\n<meta property=\"og:description\" content=\"V\u00fdrobci osobn\u00edch voz\u016f v \u010cesku dokon\u010dili za prvn\u00ed t\u0159i m\u011bs\u00edce roku p\u0159es 353 tis\u00edc automobil\u016f. Naposledy se jim tak da\u0159ilo v \u201ep\u0159edcovidov\u00e9m\u201c roce 2019. \u010cesk\u00e9 automobilky se letos d\u00e1l pot\u00fdkaj\u00ed s probl\u00e9my v dod\u00e1vk\u00e1ch komponent. Nap\u0159\u00edklad kol\u00ednsk\u00e1 Toyota kv\u016fli tomu zastavila v\u00fdrobu na cel\u00fd \u00fanor, ru\u0161en\u00ed sm\u011bn se nevyhnulo ani \u0160kod\u011b Auto. P\u0159esto se automobilov\u00e9mu [&hellip;]\" \/>\n<meta property=\"og:url\" content=\"https:\/\/autoklastr.cz\/cs\/automobilky-vstavaji-z-popela-vyroba-se-vraci-na-predkrizovou-uroven\/\" \/>\n<meta property=\"og:site_name\" content=\"Autoklastr\" \/>\n<meta property=\"article:published_time\" content=\"2023-04-17T19:36:38+00:00\" \/>\n<meta property=\"article:modified_time\" content=\"2023-04-19T20:26:35+00:00\" \/>\n<meta property=\"og:image\" content=\"https:\/\/autoklastr.cz\/wp-content\/uploads\/2023\/04\/shutterstock-1011664672.jpg\" \/>\n\t<meta property=\"og:image:width\" content=\"1020\" \/>\n\t<meta property=\"og:image:height\" content=\"557\" \/>\n\t<meta property=\"og:image:type\" content=\"image\/jpeg\" \/>\n<meta name=\"author\" content=\"Karel B\u0159emek\" \/>\n<meta name=\"twitter:card\" content=\"summary_large_image\" \/>\n<meta name=\"twitter:label1\" content=\"Napsal(a)\" \/>\n\t<meta name=\"twitter:data1\" content=\"Karel B\u0159emek\" \/>\n\t<meta name=\"twitter:label2\" content=\"Odhadovan\u00e1 doba \u010dten\u00ed\" \/>\n\t<meta name=\"twitter:data2\" content=\"2 minuty\" \/>\n<script type=\"application\/ld+json\" class=\"yoast-schema-graph\">{\"@context\":\"https:\/\/schema.org\",\"@graph\":[{\"@type\":\"WebPage\",\"@id\":\"https:\/\/autoklastr.cz\/cs\/automobilky-vstavaji-z-popela-vyroba-se-vraci-na-predkrizovou-uroven\/\",\"url\":\"https:\/\/autoklastr.cz\/cs\/automobilky-vstavaji-z-popela-vyroba-se-vraci-na-predkrizovou-uroven\/\",\"name\":\"Automobilky vst\u00e1vaj\u00ed z popela. V\u00fdroba se vrac\u00ed na p\u0159edkrizovou \u00farove\u0148\",\"isPartOf\":{\"@id\":\"https:\/\/autoklastr.cz\/cs\/#website\"},\"primaryImageOfPage\":{\"@id\":\"https:\/\/autoklastr.cz\/cs\/automobilky-vstavaji-z-popela-vyroba-se-vraci-na-predkrizovou-uroven\/#primaryimage\"},\"image\":{\"@id\":\"https:\/\/autoklastr.cz\/cs\/automobilky-vstavaji-z-popela-vyroba-se-vraci-na-predkrizovou-uroven\/#primaryimage\"},\"thumbnailUrl\":\"https:\/\/autoklastr.cz\/wp-content\/uploads\/2023\/04\/shutterstock-1011664672.jpg\",\"datePublished\":\"2023-04-17T19:36:38+00:00\",\"dateModified\":\"2023-04-19T20:26:35+00:00\",\"author\":{\"@id\":\"https:\/\/autoklastr.cz\/cs\/#\/schema\/person\/51de917140dff28ece1c759a7579ba79\"},\"breadcrumb\":{\"@id\":\"https:\/\/autoklastr.cz\/cs\/automobilky-vstavaji-z-popela-vyroba-se-vraci-na-predkrizovou-uroven\/#breadcrumb\"},\"inLanguage\":\"cs-CZ\",\"potentialAction\":[{\"@type\":\"ReadAction\",\"target\":[\"https:\/\/autoklastr.cz\/cs\/automobilky-vstavaji-z-popela-vyroba-se-vraci-na-predkrizovou-uroven\/\"]}]},{\"@type\":\"ImageObject\",\"inLanguage\":\"cs-CZ\",\"@id\":\"https:\/\/autoklastr.cz\/cs\/automobilky-vstavaji-z-popela-vyroba-se-vraci-na-predkrizovou-uroven\/#primaryimage\",\"url\":\"https:\/\/autoklastr.cz\/wp-content\/uploads\/2023\/04\/shutterstock-1011664672.jpg\",\"contentUrl\":\"https:\/\/autoklastr.cz\/wp-content\/uploads\/2023\/04\/shutterstock-1011664672.jpg\",\"width\":1020,\"height\":557},{\"@type\":\"BreadcrumbList\",\"@id\":\"https:\/\/autoklastr.cz\/cs\/automobilky-vstavaji-z-popela-vyroba-se-vraci-na-predkrizovou-uroven\/#breadcrumb\",\"itemListElement\":[{\"@type\":\"ListItem\",\"position\":1,\"name\":\"Dom\u016f\",\"item\":\"https:\/\/autoklastr.cz\/cs\/\"},{\"@type\":\"ListItem\",\"position\":2,\"name\":\"Automobilky vst\u00e1vaj\u00ed z popela. V\u00fdroba se vrac\u00ed na p\u0159edkrizovou \u00farove\u0148\"}]},{\"@type\":\"WebSite\",\"@id\":\"https:\/\/autoklastr.cz\/cs\/#website\",\"url\":\"https:\/\/autoklastr.cz\/cs\/\",\"name\":\"Autoklastr\",\"description\":\"Spole\u010dn\u011b pro Automotive!\",\"potentialAction\":[{\"@type\":\"SearchAction\",\"target\":{\"@type\":\"EntryPoint\",\"urlTemplate\":\"https:\/\/autoklastr.cz\/cs\/?s={search_term_string}\"},\"query-input\":{\"@type\":\"PropertyValueSpecification\",\"valueRequired\":true,\"valueName\":\"search_term_string\"}}],\"inLanguage\":\"cs-CZ\"},{\"@type\":\"Person\",\"@id\":\"https:\/\/autoklastr.cz\/cs\/#\/schema\/person\/51de917140dff28ece1c759a7579ba79\",\"name\":\"Karel B\u0159emek\",\"image\":{\"@type\":\"ImageObject\",\"inLanguage\":\"cs-CZ\",\"@id\":\"https:\/\/autoklastr.cz\/cs\/#\/schema\/person\/image\/\",\"url\":\"https:\/\/secure.gravatar.com\/avatar\/ba59bb4aee7dc631079170762e66e8c6?s=96&d=mm&r=g\",\"contentUrl\":\"https:\/\/secure.gravatar.com\/avatar\/ba59bb4aee7dc631079170762e66e8c6?s=96&d=mm&r=g\",\"caption\":\"Karel B\u0159emek\"}}]}<\/script>\n<!-- \/ Yoast SEO plugin. -->","yoast_head_json":{"title":"Automobilky vst\u00e1vaj\u00ed z popela. V\u00fdroba se vrac\u00ed na p\u0159edkrizovou \u00farove\u0148 | Autoklastr","robots":{"index":"index","follow":"follow","max-snippet":"max-snippet:-1","max-image-preview":"max-image-preview:large","max-video-preview":"max-video-preview:-1"},"canonical":"https:\/\/autoklastr.cz\/cs\/automobilky-vstavaji-z-popela-vyroba-se-vraci-na-predkrizovou-uroven\/","og_locale":"cs_CZ","og_type":"article","og_title":"[:cs]Automobilky vst\u00e1vaj\u00ed z popela. V\u00fdroba se vrac\u00ed na p\u0159edkrizovou \u00farove\u0148[:] | Autoklastr","og_description":"V\u00fdrobci osobn\u00edch voz\u016f v \u010cesku dokon\u010dili za prvn\u00ed t\u0159i m\u011bs\u00edce roku p\u0159es 353 tis\u00edc automobil\u016f. Naposledy se jim tak da\u0159ilo v \u201ep\u0159edcovidov\u00e9m\u201c roce 2019. \u010cesk\u00e9 automobilky se letos d\u00e1l pot\u00fdkaj\u00ed s probl\u00e9my v dod\u00e1vk\u00e1ch komponent. Nap\u0159\u00edklad kol\u00ednsk\u00e1 Toyota kv\u016fli tomu zastavila v\u00fdrobu na cel\u00fd \u00fanor, ru\u0161en\u00ed sm\u011bn se nevyhnulo ani \u0160kod\u011b Auto. P\u0159esto se automobilov\u00e9mu [&hellip;]","og_url":"https:\/\/autoklastr.cz\/cs\/automobilky-vstavaji-z-popela-vyroba-se-vraci-na-predkrizovou-uroven\/","og_site_name":"Autoklastr","article_published_time":"2023-04-17T19:36:38+00:00","article_modified_time":"2023-04-19T20:26:35+00:00","og_image":[{"width":1020,"height":557,"url":"https:\/\/autoklastr.cz\/wp-content\/uploads\/2023\/04\/shutterstock-1011664672.jpg","type":"image\/jpeg"}],"author":"Karel B\u0159emek","twitter_card":"summary_large_image","twitter_misc":{"Napsal(a)":"Karel B\u0159emek","Odhadovan\u00e1 doba \u010dten\u00ed":"2 minuty"},"schema":{"@context":"https:\/\/schema.org","@graph":[{"@type":"WebPage","@id":"https:\/\/autoklastr.cz\/cs\/automobilky-vstavaji-z-popela-vyroba-se-vraci-na-predkrizovou-uroven\/","url":"https:\/\/autoklastr.cz\/cs\/automobilky-vstavaji-z-popela-vyroba-se-vraci-na-predkrizovou-uroven\/","name":"Automobilky vst\u00e1vaj\u00ed z popela. V\u00fdroba se vrac\u00ed na p\u0159edkrizovou \u00farove\u0148","isPartOf":{"@id":"https:\/\/autoklastr.cz\/cs\/#website"},"primaryImageOfPage":{"@id":"https:\/\/autoklastr.cz\/cs\/automobilky-vstavaji-z-popela-vyroba-se-vraci-na-predkrizovou-uroven\/#primaryimage"},"image":{"@id":"https:\/\/autoklastr.cz\/cs\/automobilky-vstavaji-z-popela-vyroba-se-vraci-na-predkrizovou-uroven\/#primaryimage"},"thumbnailUrl":"https:\/\/autoklastr.cz\/wp-content\/uploads\/2023\/04\/shutterstock-1011664672.jpg","datePublished":"2023-04-17T19:36:38+00:00","dateModified":"2023-04-19T20:26:35+00:00","author":{"@id":"https:\/\/autoklastr.cz\/cs\/#\/schema\/person\/51de917140dff28ece1c759a7579ba79"},"breadcrumb":{"@id":"https:\/\/autoklastr.cz\/cs\/automobilky-vstavaji-z-popela-vyroba-se-vraci-na-predkrizovou-uroven\/#breadcrumb"},"inLanguage":"cs-CZ","potentialAction":[{"@type":"ReadAction","target":["https:\/\/autoklastr.cz\/cs\/automobilky-vstavaji-z-popela-vyroba-se-vraci-na-predkrizovou-uroven\/"]}]},{"@type":"ImageObject","inLanguage":"cs-CZ","@id":"https:\/\/autoklastr.cz\/cs\/automobilky-vstavaji-z-popela-vyroba-se-vraci-na-predkrizovou-uroven\/#primaryimage","url":"https:\/\/autoklastr.cz\/wp-content\/uploads\/2023\/04\/shutterstock-1011664672.jpg","contentUrl":"https:\/\/autoklastr.cz\/wp-content\/uploads\/2023\/04\/shutterstock-1011664672.jpg","width":1020,"height":557},{"@type":"BreadcrumbList","@id":"https:\/\/autoklastr.cz\/cs\/automobilky-vstavaji-z-popela-vyroba-se-vraci-na-predkrizovou-uroven\/#breadcrumb","itemListElement":[{"@type":"ListItem","position":1,"name":"Dom\u016f","item":"https:\/\/autoklastr.cz\/cs\/"},{"@type":"ListItem","position":2,"name":"Automobilky vst\u00e1vaj\u00ed z popela. V\u00fdroba se vrac\u00ed na p\u0159edkrizovou \u00farove\u0148"}]},{"@type":"WebSite","@id":"https:\/\/autoklastr.cz\/cs\/#website","url":"https:\/\/autoklastr.cz\/cs\/","name":"Autoklastr","description":"Spole\u010dn\u011b pro Automotive!","potentialAction":[{"@type":"SearchAction","target":{"@type":"EntryPoint","urlTemplate":"https:\/\/autoklastr.cz\/cs\/?s={search_term_string}"},"query-input":{"@type":"PropertyValueSpecification","valueRequired":true,"valueName":"search_term_string"}}],"inLanguage":"cs-CZ"},{"@type":"Person","@id":"https:\/\/autoklastr.cz\/cs\/#\/schema\/person\/51de917140dff28ece1c759a7579ba79","name":"Karel B\u0159emek","image":{"@type":"ImageObject","inLanguage":"cs-CZ","@id":"https:\/\/autoklastr.cz\/cs\/#\/schema\/person\/image\/","url":"https:\/\/secure.gravatar.com\/avatar\/ba59bb4aee7dc631079170762e66e8c6?s=96&d=mm&r=g","contentUrl":"https:\/\/secure.gravatar.com\/avatar\/ba59bb4aee7dc631079170762e66e8c6?s=96&d=mm&r=g","caption":"Karel B\u0159emek"}}]}},"_links":{"self":[{"href":"https:\/\/autoklastr.cz\/cs\/wp-json\/wp\/v2\/posts\/22502"}],"collection":[{"href":"https:\/\/autoklastr.cz\/cs\/wp-json\/wp\/v2\/posts"}],"about":[{"href":"https:\/\/autoklastr.cz\/cs\/wp-json\/wp\/v2\/types\/post"}],"author":[{"embeddable":true,"href":"https:\/\/autoklastr.cz\/cs\/wp-json\/wp\/v2\/users\/81"}],"replies":[{"embeddable":true,"href":"https:\/\/autoklastr.cz\/cs\/wp-json\/wp\/v2\/comments?post=22502"}],"version-history":[{"count":1,"href":"https:\/\/autoklastr.cz\/cs\/wp-json\/wp\/v2\/posts\/22502\/revisions"}],"predecessor-version":[{"id":22505,"href":"https:\/\/autoklastr.cz\/cs\/wp-json\/wp\/v2\/posts\/22502\/revisions\/22505"}],"wp:featuredmedia":[{"embeddable":true,"href":"https:\/\/autoklastr.cz\/cs\/wp-json\/wp\/v2\/media\/22504"}],"wp:attachment":[{"href":"https:\/\/autoklastr.cz\/cs\/wp-json\/wp\/v2\/media?parent=22502"}],"wp:term":[{"taxonomy":"category","embeddable":true,"href":"https:\/\/autoklastr.cz\/cs\/wp-json\/wp\/v2\/categories?post=22502"},{"taxonomy":"post_tag","embeddable":true,"href":"https:\/\/autoklastr.cz\/cs\/wp-json\/wp\/v2\/tags?post=22502"},{"taxonomy":"kategorie_prispevku","embeddable":true,"href":"https:\/\/autoklastr.cz\/cs\/wp-json\/wp\/v2\/kategorie_prispevku?post=22502"}],"curies":[{"name":"wp","href":"https:\/\/api.w.org\/{rel}","templated":true}]}}