{"id":22314,"date":"2023-03-20T21:28:10","date_gmt":"2023-03-20T20:28:10","guid":{"rendered":"https:\/\/autoklastr.cz\/cs\/?p=22314"},"modified":"2023-03-22T21:30:17","modified_gmt":"2023-03-22T20:30:17","slug":"rusky-soud-zmrazil-aktiva-volkswagenu","status":"publish","type":"post","link":"https:\/\/autoklastr.cz\/cs\/rusky-soud-zmrazil-aktiva-volkswagenu\/","title":{"rendered":"Rusk\u00fd soud zmrazil aktiva Volkswagenu"},"content":{"rendered":"<p style=\"text-align: justify;\"><strong>Rusk\u00fd soud zmrazil aktiva automobilky Volkswagen v Rusku. Vypl\u00fdv\u00e1 to ze soudn\u00edch dokument\u016f, do kter\u00fdch nahl\u00e9dla agentura Reuters.<\/strong><\/p>\n<p style=\"text-align: justify;\">Volkswagen je jednou z \u0159ady zahrani\u010dn\u00edch automobilek, kter\u00e9 pozastavily v\u00fdrobu v Rusku pot\u00e9, co z\u00e1padn\u00ed zem\u011b uvalily na Moskvu rozs\u00e1hl\u00e9 sankce kv\u016fli konfliktu na Ukrajin\u011b. S okam\u017eitou platnost\u00ed byl tak\u00e9 zastaven v\u00fdvoz vozidel do Ruska.<\/p>\n<p style=\"text-align: justify;\">Rusk\u00e1 invaze na Ukrajinu m\u011bla finan\u010dn\u00ed dopady na hospoda\u0159en\u00ed firmy. Volkswagen ve sv\u00e9 v\u00fdro\u010dn\u00ed zpr\u00e1v\u011b minul\u00fd t\u00fdden uvedl, \u017ee v souvislosti s rozhodnut\u00edm zastavit obchodn\u00ed aktivity v Rusku byla ji\u017e prod\u00e1na \u0159ada jednotliv\u00fdch spole\u010dnost\u00ed a o prodeji dal\u0161\u00edch se jedn\u00e1. \u201eJako p\u0159\u00edm\u00fd n\u00e1sledek rusko-ukrajinsk\u00e9ho konfliktu byly ve sledovan\u00e9m roce (2022) stanoveny celkov\u00e9 n\u00e1klady na asi dv\u011b miliardy eur (47,7 miliardy K\u010d),\u201c uvedla spole\u010dnost.<\/p>\n<p style=\"text-align: justify;\">V srpnu podnik vypov\u011bd\u011bl smlouvu s rusk\u00fdm v\u00fdrobcem automobil\u016f GAZ na v\u00fdrobu voz\u016f Volkswagen v tov\u00e1rn\u011b v Ni\u017en\u00edm Novgorodu. GAZ pak Volkswagen za\u017ealoval. Rusk\u00e1 spole\u010dnost odhadla sv\u00e9 ztr\u00e1ty z ukon\u010den\u00e9 smlouvy na t\u00e9m\u011b\u0159 16 miliard rubl\u016f (4,65 miliardy K\u010d).<\/p>\n<p style=\"text-align: justify;\">Volkswagen se tak\u00e9 pokou\u0161\u00ed prodat sv\u016fj mont\u00e1\u017en\u00ed z\u00e1vod v Kaluze ji\u017en\u011b od Moskvy. Z\u00e1vod, kter\u00fd m\u00e1 kapacitu 225.000 vozidel ro\u010dn\u011b, v b\u0159eznu 2022 p\u0159eru\u0161il provoz. Montovaly se zde mimo jin\u00e9 i vozy \u0160koda Octavia a \u0160koda Rapid. P\u0159edloni bylo Rusko pro \u0160kodu Auto druh\u00fdm nejv\u011bt\u0161\u00edm trhem.<\/p>\n<p>&nbsp;<\/p>\n<p>Zdroj: automakersnews.cz<\/p>\n","protected":false},"excerpt":{"rendered":"<p>Rusk\u00fd soud zmrazil aktiva automobilky Volkswagen v Rusku. Vypl\u00fdv\u00e1 to ze soudn\u00edch dokument\u016f, do kter\u00fdch nahl\u00e9dla agentura Reuters. Volkswagen je jednou z \u0159ady zahrani\u010dn\u00edch automobilek, kter\u00e9 pozastavily v\u00fdrobu v Rusku pot\u00e9, co z\u00e1padn\u00ed zem\u011b uvalily na Moskvu rozs\u00e1hl\u00e9 sankce kv\u016fli konfliktu na Ukrajin\u011b. S okam\u017eitou platnost\u00ed byl tak\u00e9 zastaven v\u00fdvoz vozidel do Ruska. Rusk\u00e1 invaze [&hellip;]<\/p>\n","protected":false},"author":81,"featured_media":22315,"comment_status":"open","ping_status":"open","sticky":false,"template":"","format":"standard","meta":{"_acf_changed":false,"inline_featured_image":false,"footnotes":""},"categories":[1],"tags":[],"kategorie_prispevku":[],"acf":[],"yoast_head":"<!-- This site is optimized with the Yoast SEO plugin v24.5 - https:\/\/yoast.com\/wordpress\/plugins\/seo\/ -->\n<title>Rusk\u00fd soud zmrazil aktiva Volkswagenu | Autoklastr<\/title>\n<meta name=\"robots\" content=\"index, follow, max-snippet:-1, max-image-preview:large, max-video-preview:-1\" \/>\n<link rel=\"canonical\" href=\"https:\/\/autoklastr.cz\/cs\/rusky-soud-zmrazil-aktiva-volkswagenu\/\" \/>\n<meta property=\"og:locale\" content=\"cs_CZ\" \/>\n<meta property=\"og:locale:alternate\" content=\"en_US\" \/>\n<meta property=\"og:type\" content=\"article\" \/>\n<meta property=\"og:title\" content=\"Rusk\u00fd soud zmrazil aktiva Volkswagenu\" \/>\n<meta property=\"og:description\" content=\"Rusk\u00fd soud zmrazil aktiva automobilky Volkswagen v Rusku. Vypl\u00fdv\u00e1 to ze soudn\u00edch dokument\u016f, do kter\u00fdch nahl\u00e9dla agentura Reuters. Volkswagen je jednou z \u0159ady zahrani\u010dn\u00edch automobilek, kter\u00e9 pozastavily v\u00fdrobu v Rusku pot\u00e9, co z\u00e1padn\u00ed zem\u011b uvalily na Moskvu rozs\u00e1hl\u00e9 sankce kv\u016fli konfliktu na Ukrajin\u011b. S okam\u017eitou platnost\u00ed byl tak\u00e9 zastaven v\u00fdvoz vozidel do Ruska. Rusk\u00e1 invaze [&hellip;]\" \/>\n<meta property=\"og:url\" content=\"https:\/\/autoklastr.cz\/cs\/rusky-soud-zmrazil-aktiva-volkswagenu\/\" \/>\n<meta property=\"og:site_name\" content=\"Autoklastr\" \/>\n<meta property=\"article:published_time\" content=\"2023-03-20T20:28:10+00:00\" \/>\n<meta property=\"article:modified_time\" content=\"2023-03-22T20:30:17+00:00\" \/>\n<meta property=\"og:image\" content=\"https:\/\/autoklastr.cz\/wp-content\/uploads\/2023\/03\/Volkswagen-logo-678x381-1.jpg\" \/>\n\t<meta property=\"og:image:width\" content=\"678\" \/>\n\t<meta property=\"og:image:height\" content=\"381\" \/>\n\t<meta property=\"og:image:type\" content=\"image\/jpeg\" \/>\n<meta name=\"author\" content=\"Karel B\u0159emek\" \/>\n<meta name=\"twitter:card\" content=\"summary_large_image\" \/>\n<meta name=\"twitter:label1\" content=\"Napsal(a)\" \/>\n\t<meta name=\"twitter:data1\" content=\"Karel B\u0159emek\" \/>\n\t<meta name=\"twitter:label2\" content=\"Odhadovan\u00e1 doba \u010dten\u00ed\" \/>\n\t<meta name=\"twitter:data2\" content=\"2 minuty\" \/>\n<script type=\"application\/ld+json\" class=\"yoast-schema-graph\">{\"@context\":\"https:\/\/schema.org\",\"@graph\":[{\"@type\":\"WebPage\",\"@id\":\"https:\/\/autoklastr.cz\/cs\/rusky-soud-zmrazil-aktiva-volkswagenu\/\",\"url\":\"https:\/\/autoklastr.cz\/cs\/rusky-soud-zmrazil-aktiva-volkswagenu\/\",\"name\":\"Rusk\u00fd soud zmrazil aktiva Volkswagenu\",\"isPartOf\":{\"@id\":\"https:\/\/autoklastr.cz\/cs\/#website\"},\"primaryImageOfPage\":{\"@id\":\"https:\/\/autoklastr.cz\/cs\/rusky-soud-zmrazil-aktiva-volkswagenu\/#primaryimage\"},\"image\":{\"@id\":\"https:\/\/autoklastr.cz\/cs\/rusky-soud-zmrazil-aktiva-volkswagenu\/#primaryimage\"},\"thumbnailUrl\":\"https:\/\/autoklastr.cz\/wp-content\/uploads\/2023\/03\/Volkswagen-logo-678x381-1.jpg\",\"datePublished\":\"2023-03-20T20:28:10+00:00\",\"dateModified\":\"2023-03-22T20:30:17+00:00\",\"author\":{\"@id\":\"https:\/\/autoklastr.cz\/cs\/#\/schema\/person\/51de917140dff28ece1c759a7579ba79\"},\"breadcrumb\":{\"@id\":\"https:\/\/autoklastr.cz\/cs\/rusky-soud-zmrazil-aktiva-volkswagenu\/#breadcrumb\"},\"inLanguage\":\"cs-CZ\",\"potentialAction\":[{\"@type\":\"ReadAction\",\"target\":[\"https:\/\/autoklastr.cz\/cs\/rusky-soud-zmrazil-aktiva-volkswagenu\/\"]}]},{\"@type\":\"ImageObject\",\"inLanguage\":\"cs-CZ\",\"@id\":\"https:\/\/autoklastr.cz\/cs\/rusky-soud-zmrazil-aktiva-volkswagenu\/#primaryimage\",\"url\":\"https:\/\/autoklastr.cz\/wp-content\/uploads\/2023\/03\/Volkswagen-logo-678x381-1.jpg\",\"contentUrl\":\"https:\/\/autoklastr.cz\/wp-content\/uploads\/2023\/03\/Volkswagen-logo-678x381-1.jpg\",\"width\":678,\"height\":381},{\"@type\":\"BreadcrumbList\",\"@id\":\"https:\/\/autoklastr.cz\/cs\/rusky-soud-zmrazil-aktiva-volkswagenu\/#breadcrumb\",\"itemListElement\":[{\"@type\":\"ListItem\",\"position\":1,\"name\":\"Dom\u016f\",\"item\":\"https:\/\/autoklastr.cz\/cs\/\"},{\"@type\":\"ListItem\",\"position\":2,\"name\":\"Rusk\u00fd soud zmrazil aktiva Volkswagenu\"}]},{\"@type\":\"WebSite\",\"@id\":\"https:\/\/autoklastr.cz\/cs\/#website\",\"url\":\"https:\/\/autoklastr.cz\/cs\/\",\"name\":\"Autoklastr\",\"description\":\"Spole\u010dn\u011b pro Automotive!\",\"potentialAction\":[{\"@type\":\"SearchAction\",\"target\":{\"@type\":\"EntryPoint\",\"urlTemplate\":\"https:\/\/autoklastr.cz\/cs\/?s={search_term_string}\"},\"query-input\":{\"@type\":\"PropertyValueSpecification\",\"valueRequired\":true,\"valueName\":\"search_term_string\"}}],\"inLanguage\":\"cs-CZ\"},{\"@type\":\"Person\",\"@id\":\"https:\/\/autoklastr.cz\/cs\/#\/schema\/person\/51de917140dff28ece1c759a7579ba79\",\"name\":\"Karel B\u0159emek\",\"image\":{\"@type\":\"ImageObject\",\"inLanguage\":\"cs-CZ\",\"@id\":\"https:\/\/autoklastr.cz\/cs\/#\/schema\/person\/image\/\",\"url\":\"https:\/\/secure.gravatar.com\/avatar\/ba59bb4aee7dc631079170762e66e8c6?s=96&d=mm&r=g\",\"contentUrl\":\"https:\/\/secure.gravatar.com\/avatar\/ba59bb4aee7dc631079170762e66e8c6?s=96&d=mm&r=g\",\"caption\":\"Karel B\u0159emek\"}}]}<\/script>\n<!-- \/ Yoast SEO plugin. -->","yoast_head_json":{"title":"Rusk\u00fd soud zmrazil aktiva Volkswagenu | Autoklastr","robots":{"index":"index","follow":"follow","max-snippet":"max-snippet:-1","max-image-preview":"max-image-preview:large","max-video-preview":"max-video-preview:-1"},"canonical":"https:\/\/autoklastr.cz\/cs\/rusky-soud-zmrazil-aktiva-volkswagenu\/","og_locale":"cs_CZ","og_type":"article","og_title":"[:cs]Rusk\u00fd soud zmrazil aktiva Volkswagenu[:] | Autoklastr","og_description":"Rusk\u00fd soud zmrazil aktiva automobilky Volkswagen v Rusku. Vypl\u00fdv\u00e1 to ze soudn\u00edch dokument\u016f, do kter\u00fdch nahl\u00e9dla agentura Reuters. Volkswagen je jednou z \u0159ady zahrani\u010dn\u00edch automobilek, kter\u00e9 pozastavily v\u00fdrobu v Rusku pot\u00e9, co z\u00e1padn\u00ed zem\u011b uvalily na Moskvu rozs\u00e1hl\u00e9 sankce kv\u016fli konfliktu na Ukrajin\u011b. S okam\u017eitou platnost\u00ed byl tak\u00e9 zastaven v\u00fdvoz vozidel do Ruska. Rusk\u00e1 invaze [&hellip;]","og_url":"https:\/\/autoklastr.cz\/cs\/rusky-soud-zmrazil-aktiva-volkswagenu\/","og_site_name":"Autoklastr","article_published_time":"2023-03-20T20:28:10+00:00","article_modified_time":"2023-03-22T20:30:17+00:00","og_image":[{"width":678,"height":381,"url":"https:\/\/autoklastr.cz\/wp-content\/uploads\/2023\/03\/Volkswagen-logo-678x381-1.jpg","type":"image\/jpeg"}],"author":"Karel B\u0159emek","twitter_card":"summary_large_image","twitter_misc":{"Napsal(a)":"Karel B\u0159emek","Odhadovan\u00e1 doba \u010dten\u00ed":"2 minuty"},"schema":{"@context":"https:\/\/schema.org","@graph":[{"@type":"WebPage","@id":"https:\/\/autoklastr.cz\/cs\/rusky-soud-zmrazil-aktiva-volkswagenu\/","url":"https:\/\/autoklastr.cz\/cs\/rusky-soud-zmrazil-aktiva-volkswagenu\/","name":"Rusk\u00fd soud zmrazil aktiva Volkswagenu","isPartOf":{"@id":"https:\/\/autoklastr.cz\/cs\/#website"},"primaryImageOfPage":{"@id":"https:\/\/autoklastr.cz\/cs\/rusky-soud-zmrazil-aktiva-volkswagenu\/#primaryimage"},"image":{"@id":"https:\/\/autoklastr.cz\/cs\/rusky-soud-zmrazil-aktiva-volkswagenu\/#primaryimage"},"thumbnailUrl":"https:\/\/autoklastr.cz\/wp-content\/uploads\/2023\/03\/Volkswagen-logo-678x381-1.jpg","datePublished":"2023-03-20T20:28:10+00:00","dateModified":"2023-03-22T20:30:17+00:00","author":{"@id":"https:\/\/autoklastr.cz\/cs\/#\/schema\/person\/51de917140dff28ece1c759a7579ba79"},"breadcrumb":{"@id":"https:\/\/autoklastr.cz\/cs\/rusky-soud-zmrazil-aktiva-volkswagenu\/#breadcrumb"},"inLanguage":"cs-CZ","potentialAction":[{"@type":"ReadAction","target":["https:\/\/autoklastr.cz\/cs\/rusky-soud-zmrazil-aktiva-volkswagenu\/"]}]},{"@type":"ImageObject","inLanguage":"cs-CZ","@id":"https:\/\/autoklastr.cz\/cs\/rusky-soud-zmrazil-aktiva-volkswagenu\/#primaryimage","url":"https:\/\/autoklastr.cz\/wp-content\/uploads\/2023\/03\/Volkswagen-logo-678x381-1.jpg","contentUrl":"https:\/\/autoklastr.cz\/wp-content\/uploads\/2023\/03\/Volkswagen-logo-678x381-1.jpg","width":678,"height":381},{"@type":"BreadcrumbList","@id":"https:\/\/autoklastr.cz\/cs\/rusky-soud-zmrazil-aktiva-volkswagenu\/#breadcrumb","itemListElement":[{"@type":"ListItem","position":1,"name":"Dom\u016f","item":"https:\/\/autoklastr.cz\/cs\/"},{"@type":"ListItem","position":2,"name":"Rusk\u00fd soud zmrazil aktiva Volkswagenu"}]},{"@type":"WebSite","@id":"https:\/\/autoklastr.cz\/cs\/#website","url":"https:\/\/autoklastr.cz\/cs\/","name":"Autoklastr","description":"Spole\u010dn\u011b pro Automotive!","potentialAction":[{"@type":"SearchAction","target":{"@type":"EntryPoint","urlTemplate":"https:\/\/autoklastr.cz\/cs\/?s={search_term_string}"},"query-input":{"@type":"PropertyValueSpecification","valueRequired":true,"valueName":"search_term_string"}}],"inLanguage":"cs-CZ"},{"@type":"Person","@id":"https:\/\/autoklastr.cz\/cs\/#\/schema\/person\/51de917140dff28ece1c759a7579ba79","name":"Karel B\u0159emek","image":{"@type":"ImageObject","inLanguage":"cs-CZ","@id":"https:\/\/autoklastr.cz\/cs\/#\/schema\/person\/image\/","url":"https:\/\/secure.gravatar.com\/avatar\/ba59bb4aee7dc631079170762e66e8c6?s=96&d=mm&r=g","contentUrl":"https:\/\/secure.gravatar.com\/avatar\/ba59bb4aee7dc631079170762e66e8c6?s=96&d=mm&r=g","caption":"Karel B\u0159emek"}}]}},"_links":{"self":[{"href":"https:\/\/autoklastr.cz\/cs\/wp-json\/wp\/v2\/posts\/22314"}],"collection":[{"href":"https:\/\/autoklastr.cz\/cs\/wp-json\/wp\/v2\/posts"}],"about":[{"href":"https:\/\/autoklastr.cz\/cs\/wp-json\/wp\/v2\/types\/post"}],"author":[{"embeddable":true,"href":"https:\/\/autoklastr.cz\/cs\/wp-json\/wp\/v2\/users\/81"}],"replies":[{"embeddable":true,"href":"https:\/\/autoklastr.cz\/cs\/wp-json\/wp\/v2\/comments?post=22314"}],"version-history":[{"count":2,"href":"https:\/\/autoklastr.cz\/cs\/wp-json\/wp\/v2\/posts\/22314\/revisions"}],"predecessor-version":[{"id":22317,"href":"https:\/\/autoklastr.cz\/cs\/wp-json\/wp\/v2\/posts\/22314\/revisions\/22317"}],"wp:featuredmedia":[{"embeddable":true,"href":"https:\/\/autoklastr.cz\/cs\/wp-json\/wp\/v2\/media\/22315"}],"wp:attachment":[{"href":"https:\/\/autoklastr.cz\/cs\/wp-json\/wp\/v2\/media?parent=22314"}],"wp:term":[{"taxonomy":"category","embeddable":true,"href":"https:\/\/autoklastr.cz\/cs\/wp-json\/wp\/v2\/categories?post=22314"},{"taxonomy":"post_tag","embeddable":true,"href":"https:\/\/autoklastr.cz\/cs\/wp-json\/wp\/v2\/tags?post=22314"},{"taxonomy":"kategorie_prispevku","embeddable":true,"href":"https:\/\/autoklastr.cz\/cs\/wp-json\/wp\/v2\/kategorie_prispevku?post=22314"}],"curies":[{"name":"wp","href":"https:\/\/api.w.org\/{rel}","templated":true}]}}