{"id":22147,"date":"2023-02-08T22:02:10","date_gmt":"2023-02-08T21:02:10","guid":{"rendered":"https:\/\/autoklastr.cz\/cs\/?p=22147"},"modified":"2023-02-19T22:27:34","modified_gmt":"2023-02-19T21:27:34","slug":"kupka-emisni-norma-euro-7-je-neprijatelna-polozila-by-ceske-automobilky","status":"publish","type":"post","link":"https:\/\/autoklastr.cz\/cs\/kupka-emisni-norma-euro-7-je-neprijatelna-polozila-by-ceske-automobilky\/","title":{"rendered":"Kupka: Emisn\u00ed norma Euro 7 je nep\u0159ijateln\u00e1, polo\u017eila by \u010desk\u00e9 automobilky"},"content":{"rendered":"<div class=\"d_iP _608bd5f5042d89402533b190\">\n<p class=\"e_ac d_fs\" style=\"text-align: justify;\" data-dot=\"ogm-article-perex\"><strong>Pro \u010ceskou republiku je navrhovan\u00e1 emisn\u00ed norma Euro 7 v sou\u010dasn\u00e9 podob\u011b nep\u0159ijateln\u00e1. Znamenala by ohro\u017een\u00ed v\u00fdroby osobn\u00edch i n\u00e1kladn\u00edch aut a autobus\u016f, sn\u00ed\u017een\u00ed dostupnosti nov\u00fdch aut a jejich zdra\u017een\u00ed.<\/strong><\/p>\n<\/div>\n<div class=\"d_iP _608bd6b73316103f15d31ccc\" style=\"text-align: justify;\">\n<div class=\"d_e\" data-e2e=\"ogm-article-layout\">\n<article class=\"d_gT\" role=\"article\" aria-labelledby=\"accessibility-article\">\n<div class=\"d_bi\" data-dot=\"ogm-article-content\">\n<div class=\"g_bj mol-rich-content--for-article\">\n<div class=\"g_ac\" data-dot=\"mol-paragraph\">\n<p class=\"e_ac\"><span class=\"atm-text-decorator\">Ministr dopravy Martin Kupka (ODS) chce v\u00a0p\u00e1tek v\u00a0Bruselu jednat o\u00a0zm\u011bn\u00e1ch normy Euro 7\u00a0s\u00a0eurokomisa\u0159em pro vnit\u0159n\u00ed trh Thierrym Bretonem. Uvedl to dnes na tiskov\u00e9 konferenci v\u00a0Poslaneck\u00e9 sn\u011bmovn\u011b. Podle n\u011bj je tato norma pro \u010ceskou republiku v\u00a0sou\u010dasn\u00e9 podob\u011b nep\u0159ijateln\u00e1. Znamenala by toti\u017e ohro\u017een\u00ed v\u00fdroby osobn\u00edch i\u00a0n\u00e1kladn\u00edch aut a\u00a0autobus\u016f, sn\u00ed\u017een\u00ed dostupnosti nov\u00fdch aut a\u00a0jejich zdra\u017een\u00ed. Dopady na sni\u017eov\u00e1n\u00ed emis\u00ed jsou p\u0159itom sp\u00ed\u0161e sporn\u00e9.<\/span><\/p>\n<\/div>\n<div class=\"g_ac\" data-dot=\"mol-paragraph\">\n<p class=\"e_ac\"><span class=\"atm-text-decorator\">\u201eN\u00e1\u0161 postoj ke st\u00e1vaj\u00edc\u00ed podob\u011b normy je jednozna\u010dn\u011b odm\u00edtav\u00fd. Uv\u011bdomujeme si ohro\u017een\u00ed automobilov\u00e9 v\u00fdroby osobn\u00ed i\u00a0n\u00e1kladn\u00ed a\u00a0autobusov\u00e9 i\u00a0v\u00fdznamn\u00e9 ohro\u017een\u00ed dostupnosti aut pro ve\u0159ejnost. Budeme apelovat za nezbytnou \u00fapravu t\u00e9 normy,\u201c uvedl Kupka. Proti norm\u011b se podle n\u011bj stav\u00ed v\u011bt\u0161ina evropsk\u00fdch v\u00fdrobc\u016f, ale i\u00a0n\u011bkter\u00e9 \u010dlensk\u00e9 zem\u011b, zm\u00ednil nap\u0159\u00edklad n\u011bmeck\u00e9ho ministra dopravy.<\/span><\/p>\n<\/div>\n<div class=\"g_ac\" data-dot=\"mol-paragraph\">\n<p class=\"e_ac\"><span class=\"atm-text-decorator\">Navrhovan\u00e1 norma m\u00e1 mimo jin\u00e9 sn\u00ed\u017eit zplodiny oxid\u016f dus\u00edku a pevn\u00fdch \u010d\u00e1stic vypou\u0161t\u011bn\u00fdch do ovzdu\u0161\u00ed. Euro 7 m\u00e1 sladit limity pro benzinov\u00e1 a naftov\u00e1 auta, vozidla j\u00ed budou muset vyhovovat dvakr\u00e1t d\u00e9le ne\u017e dosavadn\u00edm standard\u016fm a krom\u011b v\u00fdfuk\u016f se bude vztahovat i na brzdy a pneumatiky. Vozy maj\u00ed m\u00edt nav\u00edc \u010didla, kter\u00e1 emise umo\u017en\u00ed kdykoliv zkontrolovat.<\/span><\/p>\n<\/div>\n<div class=\"g_ac\" data-dot=\"mol-paragraph\">\n<p class=\"e_ac\"><span class=\"atm-text-decorator\">Podle automobilek to nov\u00e9 vozy prodra\u017e\u00ed o\u00a0des\u00edtky tis\u00edc korun. Nap\u0159\u00edklad men\u0161\u00ed modely \u0160kody Auto, jako jsou Scala, Kamiq nebo Felicia, se podle \u0159editele vn\u011bj\u0161\u00edch vztah\u016f \u0160kody Michala Kadery dostanou na cenovou \u00farove\u0148, za kterou budou pro z\u00e1kazn\u00edky neprodejn\u00e9. To bude m\u00edt podle n\u011bho za n\u00e1sledek del\u0161\u00ed vyu\u017e\u00edv\u00e1n\u00ed m\u00e9n\u011b ekologick\u00fdch ojet\u00fdch aut a\u00a0st\u00e1rnut\u00ed vozov\u00e9ho parku. Upozornil tak\u00e9 na uva\u017eovanou platnost od roku 2025, p\u0159i\u010dem\u017e automobilky by na zaveden\u00ed po\u017eadavk\u016f normy pot\u0159ebovaly zhruba \u010dty\u0159i roky.<\/span><\/p>\n<\/div>\n<\/div>\n<\/div>\n<\/article>\n<\/div>\n<\/div>\n<div class=\"g_ac\" style=\"text-align: justify;\" data-dot=\"mol-paragraph\">\n<p class=\"e_ac\"><span class=\"atm-text-decorator\">N\u00e1vrh podle Sdru\u017een\u00ed automobilov\u00e9ho pr\u016fmyslu neposkytuje fakticky \u010das na v\u00fdvoj a\u00a0adaptaci v\u00fdroby, co\u017e zp\u016fsob\u00ed v\u00fdpadky ve v\u00fdrob\u011b v\u00a0\u0159ad\u011b z\u00e1vod\u016f. Vy\u017eadovan\u00e9 masivn\u00ed investice budou nav\u00edc vyu\u017eiteln\u00e9 jen pro relativn\u011b kr\u00e1tk\u00e9 \u010dasov\u00e9 obdob\u00ed do roku 2035, kdy EU spalovac\u00ed motory zak\u00e1zala \u00fapln\u011b, p\u0159itom v\u0161ak v\u00fdrazn\u011b omez\u00ed dostupn\u00e9 zdroje pro v\u00fdvoj a\u00a0v\u00fdrobu zcela bezemisn\u00edch vozidel. \u201eBude m\u00edt negativn\u00ed dopad na ob\u010dany, nebo\u0165 povede k\u00a0z\u00e1sadn\u00edmu omezen\u00ed nab\u00eddky dostupn\u00fdch men\u0161\u00edch vozidel a\u00a0n\u00e1r\u016fstu n\u00e1klad\u016f na osobn\u00ed silni\u010dn\u00ed dopravu, pota\u017emo mobilitu celkov\u011b,\u201c uvedl v\u00fdkonn\u00fd \u0159editel sdru\u017een\u00ed Zden\u011bk Petzl.<\/span><\/p>\n<\/div>\n<div class=\"g_ac\" style=\"text-align: justify;\" data-dot=\"mol-paragraph\">\n<p class=\"e_ac\"><span class=\"atm-text-decorator\">P\u0159\u00ednos pro \u017eivotn\u00ed prost\u0159ed\u00ed je podle n\u011bj p\u0159itom zanedbateln\u00fd, proto\u017ee p\u0159i neexistenci syst\u00e9mov\u00e9 podpory obnovy zastar\u00e1vaj\u00edc\u00edho vozov\u00e9ho parku bude pod\u00edl emis\u00ed z\u00a0provozu vozidel spl\u0148uj\u00edc\u00edch normy star\u0161\u00ed ne\u017e Euro 7\/VII dlouhodob\u011b v\u00fdrazn\u011b p\u0159evy\u0161ovat emise z\u00a0vozidel na trh nov\u011b p\u0159ich\u00e1zej\u00edc\u00edch. P\u0159\u00ednos nov\u00e9 emisn\u00ed normy p\u0159itom d\u00e1le sn\u00ed\u017e\u00ed rychle rostouc\u00ed pod\u00edl zcela bezemisn\u00edch vozidel.<\/span><\/p>\n<\/div>\n<div class=\"g_ac\" data-dot=\"mol-paragraph\">\n<p class=\"e_ac\" style=\"text-align: justify;\"><span class=\"atm-text-decorator\">Komise odhaduje, \u017ee ve srovn\u00e1n\u00ed s\u00a0dosavadn\u00ed normou by m\u011bla Euro 7\u00a0zajistit do roku 2035\u00a0sn\u00ed\u017een\u00ed emis\u00ed oxid\u016f dus\u00edku o\u00a035\u00a0procent, u\u00a0pevn\u00fdch \u010d\u00e1stic pak o\u00a013\u00a0procent. U\u00a0n\u00e1kladn\u00edch aut a\u00a0autobus\u016f m\u00e1 j\u00edt o\u00a056\u00a0procent emis\u00ed oxid\u016f dus\u00edku a\u00a039\u00a0procent pevn\u00fdch \u010d\u00e1stic.<\/span><\/p>\n<\/div>\n<p>&nbsp;<\/p>\n<p>Zdroj: seznamzpravy.cz<\/p>\n","protected":false},"excerpt":{"rendered":"<p>Pro \u010ceskou republiku je navrhovan\u00e1 emisn\u00ed norma Euro 7 v sou\u010dasn\u00e9 podob\u011b nep\u0159ijateln\u00e1. Znamenala by ohro\u017een\u00ed v\u00fdroby osobn\u00edch i n\u00e1kladn\u00edch aut a autobus\u016f, sn\u00ed\u017een\u00ed dostupnosti nov\u00fdch aut a jejich zdra\u017een\u00ed. Ministr dopravy Martin Kupka (ODS) chce v\u00a0p\u00e1tek v\u00a0Bruselu jednat o\u00a0zm\u011bn\u00e1ch normy Euro 7\u00a0s\u00a0eurokomisa\u0159em pro vnit\u0159n\u00ed trh Thierrym Bretonem. Uvedl to dnes na tiskov\u00e9 konferenci v\u00a0Poslaneck\u00e9 [&hellip;]<\/p>\n","protected":false},"author":81,"featured_media":22148,"comment_status":"open","ping_status":"open","sticky":false,"template":"","format":"standard","meta":{"_acf_changed":false,"inline_featured_image":false,"footnotes":""},"categories":[1],"tags":[],"kategorie_prispevku":[],"acf":[],"yoast_head":"<!-- This site is optimized with the Yoast SEO plugin v24.5 - https:\/\/yoast.com\/wordpress\/plugins\/seo\/ -->\n<title>Kupka: Emisn\u00ed norma Euro 7 je nep\u0159ijateln\u00e1, polo\u017eila by \u010desk\u00e9 automobilky | Autoklastr<\/title>\n<meta name=\"robots\" content=\"index, follow, max-snippet:-1, max-image-preview:large, max-video-preview:-1\" \/>\n<link rel=\"canonical\" href=\"https:\/\/autoklastr.cz\/cs\/kupka-emisni-norma-euro-7-je-neprijatelna-polozila-by-ceske-automobilky\/\" \/>\n<meta property=\"og:locale\" content=\"cs_CZ\" \/>\n<meta property=\"og:locale:alternate\" content=\"en_US\" \/>\n<meta property=\"og:type\" content=\"article\" \/>\n<meta property=\"og:title\" content=\"Kupka: Emisn\u00ed norma Euro 7 je nep\u0159ijateln\u00e1, polo\u017eila by \u010desk\u00e9 automobilky\" \/>\n<meta property=\"og:description\" content=\"Pro \u010ceskou republiku je navrhovan\u00e1 emisn\u00ed norma Euro 7 v sou\u010dasn\u00e9 podob\u011b nep\u0159ijateln\u00e1. Znamenala by ohro\u017een\u00ed v\u00fdroby osobn\u00edch i n\u00e1kladn\u00edch aut a autobus\u016f, sn\u00ed\u017een\u00ed dostupnosti nov\u00fdch aut a jejich zdra\u017een\u00ed. Ministr dopravy Martin Kupka (ODS) chce v\u00a0p\u00e1tek v\u00a0Bruselu jednat o\u00a0zm\u011bn\u00e1ch normy Euro 7\u00a0s\u00a0eurokomisa\u0159em pro vnit\u0159n\u00ed trh Thierrym Bretonem. Uvedl to dnes na tiskov\u00e9 konferenci v\u00a0Poslaneck\u00e9 [&hellip;]\" \/>\n<meta property=\"og:url\" content=\"https:\/\/autoklastr.cz\/cs\/kupka-emisni-norma-euro-7-je-neprijatelna-polozila-by-ceske-automobilky\/\" \/>\n<meta property=\"og:site_name\" content=\"Autoklastr\" \/>\n<meta property=\"article:published_time\" content=\"2023-02-08T21:02:10+00:00\" \/>\n<meta property=\"article:modified_time\" content=\"2023-02-19T21:27:34+00:00\" \/>\n<meta property=\"og:image\" content=\"https:\/\/autoklastr.cz\/wp-content\/uploads\/2023\/02\/y4kEp.jpg\" \/>\n\t<meta property=\"og:image:width\" content=\"999\" \/>\n\t<meta property=\"og:image:height\" content=\"563\" \/>\n\t<meta property=\"og:image:type\" content=\"image\/jpeg\" \/>\n<meta name=\"author\" content=\"Karel B\u0159emek\" \/>\n<meta name=\"twitter:card\" content=\"summary_large_image\" \/>\n<meta name=\"twitter:label1\" content=\"Napsal(a)\" \/>\n\t<meta name=\"twitter:data1\" content=\"Karel B\u0159emek\" \/>\n\t<meta name=\"twitter:label2\" content=\"Odhadovan\u00e1 doba \u010dten\u00ed\" \/>\n\t<meta name=\"twitter:data2\" content=\"3 minuty\" \/>\n<script type=\"application\/ld+json\" class=\"yoast-schema-graph\">{\"@context\":\"https:\/\/schema.org\",\"@graph\":[{\"@type\":\"WebPage\",\"@id\":\"https:\/\/autoklastr.cz\/cs\/kupka-emisni-norma-euro-7-je-neprijatelna-polozila-by-ceske-automobilky\/\",\"url\":\"https:\/\/autoklastr.cz\/cs\/kupka-emisni-norma-euro-7-je-neprijatelna-polozila-by-ceske-automobilky\/\",\"name\":\"Kupka: Emisn\u00ed norma Euro 7 je nep\u0159ijateln\u00e1, polo\u017eila by \u010desk\u00e9 automobilky\",\"isPartOf\":{\"@id\":\"https:\/\/autoklastr.cz\/cs\/#website\"},\"primaryImageOfPage\":{\"@id\":\"https:\/\/autoklastr.cz\/cs\/kupka-emisni-norma-euro-7-je-neprijatelna-polozila-by-ceske-automobilky\/#primaryimage\"},\"image\":{\"@id\":\"https:\/\/autoklastr.cz\/cs\/kupka-emisni-norma-euro-7-je-neprijatelna-polozila-by-ceske-automobilky\/#primaryimage\"},\"thumbnailUrl\":\"https:\/\/autoklastr.cz\/wp-content\/uploads\/2023\/02\/y4kEp.jpg\",\"datePublished\":\"2023-02-08T21:02:10+00:00\",\"dateModified\":\"2023-02-19T21:27:34+00:00\",\"author\":{\"@id\":\"https:\/\/autoklastr.cz\/cs\/#\/schema\/person\/51de917140dff28ece1c759a7579ba79\"},\"breadcrumb\":{\"@id\":\"https:\/\/autoklastr.cz\/cs\/kupka-emisni-norma-euro-7-je-neprijatelna-polozila-by-ceske-automobilky\/#breadcrumb\"},\"inLanguage\":\"cs-CZ\",\"potentialAction\":[{\"@type\":\"ReadAction\",\"target\":[\"https:\/\/autoklastr.cz\/cs\/kupka-emisni-norma-euro-7-je-neprijatelna-polozila-by-ceske-automobilky\/\"]}]},{\"@type\":\"ImageObject\",\"inLanguage\":\"cs-CZ\",\"@id\":\"https:\/\/autoklastr.cz\/cs\/kupka-emisni-norma-euro-7-je-neprijatelna-polozila-by-ceske-automobilky\/#primaryimage\",\"url\":\"https:\/\/autoklastr.cz\/wp-content\/uploads\/2023\/02\/y4kEp.jpg\",\"contentUrl\":\"https:\/\/autoklastr.cz\/wp-content\/uploads\/2023\/02\/y4kEp.jpg\",\"width\":999,\"height\":563},{\"@type\":\"BreadcrumbList\",\"@id\":\"https:\/\/autoklastr.cz\/cs\/kupka-emisni-norma-euro-7-je-neprijatelna-polozila-by-ceske-automobilky\/#breadcrumb\",\"itemListElement\":[{\"@type\":\"ListItem\",\"position\":1,\"name\":\"Dom\u016f\",\"item\":\"https:\/\/autoklastr.cz\/cs\/\"},{\"@type\":\"ListItem\",\"position\":2,\"name\":\"Kupka: Emisn\u00ed norma Euro 7 je nep\u0159ijateln\u00e1, polo\u017eila by \u010desk\u00e9 automobilky\"}]},{\"@type\":\"WebSite\",\"@id\":\"https:\/\/autoklastr.cz\/cs\/#website\",\"url\":\"https:\/\/autoklastr.cz\/cs\/\",\"name\":\"Autoklastr\",\"description\":\"Spole\u010dn\u011b pro Automotive!\",\"potentialAction\":[{\"@type\":\"SearchAction\",\"target\":{\"@type\":\"EntryPoint\",\"urlTemplate\":\"https:\/\/autoklastr.cz\/cs\/?s={search_term_string}\"},\"query-input\":{\"@type\":\"PropertyValueSpecification\",\"valueRequired\":true,\"valueName\":\"search_term_string\"}}],\"inLanguage\":\"cs-CZ\"},{\"@type\":\"Person\",\"@id\":\"https:\/\/autoklastr.cz\/cs\/#\/schema\/person\/51de917140dff28ece1c759a7579ba79\",\"name\":\"Karel B\u0159emek\",\"image\":{\"@type\":\"ImageObject\",\"inLanguage\":\"cs-CZ\",\"@id\":\"https:\/\/autoklastr.cz\/cs\/#\/schema\/person\/image\/\",\"url\":\"https:\/\/secure.gravatar.com\/avatar\/ba59bb4aee7dc631079170762e66e8c6?s=96&d=mm&r=g\",\"contentUrl\":\"https:\/\/secure.gravatar.com\/avatar\/ba59bb4aee7dc631079170762e66e8c6?s=96&d=mm&r=g\",\"caption\":\"Karel B\u0159emek\"}}]}<\/script>\n<!-- \/ Yoast SEO plugin. -->","yoast_head_json":{"title":"Kupka: Emisn\u00ed norma Euro 7 je nep\u0159ijateln\u00e1, polo\u017eila by \u010desk\u00e9 automobilky | Autoklastr","robots":{"index":"index","follow":"follow","max-snippet":"max-snippet:-1","max-image-preview":"max-image-preview:large","max-video-preview":"max-video-preview:-1"},"canonical":"https:\/\/autoklastr.cz\/cs\/kupka-emisni-norma-euro-7-je-neprijatelna-polozila-by-ceske-automobilky\/","og_locale":"cs_CZ","og_type":"article","og_title":"[:cs]Kupka: Emisn\u00ed norma Euro 7 je nep\u0159ijateln\u00e1, polo\u017eila by \u010desk\u00e9 automobilky[:] | Autoklastr","og_description":"Pro \u010ceskou republiku je navrhovan\u00e1 emisn\u00ed norma Euro 7 v sou\u010dasn\u00e9 podob\u011b nep\u0159ijateln\u00e1. Znamenala by ohro\u017een\u00ed v\u00fdroby osobn\u00edch i n\u00e1kladn\u00edch aut a autobus\u016f, sn\u00ed\u017een\u00ed dostupnosti nov\u00fdch aut a jejich zdra\u017een\u00ed. Ministr dopravy Martin Kupka (ODS) chce v\u00a0p\u00e1tek v\u00a0Bruselu jednat o\u00a0zm\u011bn\u00e1ch normy Euro 7\u00a0s\u00a0eurokomisa\u0159em pro vnit\u0159n\u00ed trh Thierrym Bretonem. Uvedl to dnes na tiskov\u00e9 konferenci v\u00a0Poslaneck\u00e9 [&hellip;]","og_url":"https:\/\/autoklastr.cz\/cs\/kupka-emisni-norma-euro-7-je-neprijatelna-polozila-by-ceske-automobilky\/","og_site_name":"Autoklastr","article_published_time":"2023-02-08T21:02:10+00:00","article_modified_time":"2023-02-19T21:27:34+00:00","og_image":[{"width":999,"height":563,"url":"https:\/\/autoklastr.cz\/wp-content\/uploads\/2023\/02\/y4kEp.jpg","type":"image\/jpeg"}],"author":"Karel B\u0159emek","twitter_card":"summary_large_image","twitter_misc":{"Napsal(a)":"Karel B\u0159emek","Odhadovan\u00e1 doba \u010dten\u00ed":"3 minuty"},"schema":{"@context":"https:\/\/schema.org","@graph":[{"@type":"WebPage","@id":"https:\/\/autoklastr.cz\/cs\/kupka-emisni-norma-euro-7-je-neprijatelna-polozila-by-ceske-automobilky\/","url":"https:\/\/autoklastr.cz\/cs\/kupka-emisni-norma-euro-7-je-neprijatelna-polozila-by-ceske-automobilky\/","name":"Kupka: Emisn\u00ed norma Euro 7 je nep\u0159ijateln\u00e1, polo\u017eila by \u010desk\u00e9 automobilky","isPartOf":{"@id":"https:\/\/autoklastr.cz\/cs\/#website"},"primaryImageOfPage":{"@id":"https:\/\/autoklastr.cz\/cs\/kupka-emisni-norma-euro-7-je-neprijatelna-polozila-by-ceske-automobilky\/#primaryimage"},"image":{"@id":"https:\/\/autoklastr.cz\/cs\/kupka-emisni-norma-euro-7-je-neprijatelna-polozila-by-ceske-automobilky\/#primaryimage"},"thumbnailUrl":"https:\/\/autoklastr.cz\/wp-content\/uploads\/2023\/02\/y4kEp.jpg","datePublished":"2023-02-08T21:02:10+00:00","dateModified":"2023-02-19T21:27:34+00:00","author":{"@id":"https:\/\/autoklastr.cz\/cs\/#\/schema\/person\/51de917140dff28ece1c759a7579ba79"},"breadcrumb":{"@id":"https:\/\/autoklastr.cz\/cs\/kupka-emisni-norma-euro-7-je-neprijatelna-polozila-by-ceske-automobilky\/#breadcrumb"},"inLanguage":"cs-CZ","potentialAction":[{"@type":"ReadAction","target":["https:\/\/autoklastr.cz\/cs\/kupka-emisni-norma-euro-7-je-neprijatelna-polozila-by-ceske-automobilky\/"]}]},{"@type":"ImageObject","inLanguage":"cs-CZ","@id":"https:\/\/autoklastr.cz\/cs\/kupka-emisni-norma-euro-7-je-neprijatelna-polozila-by-ceske-automobilky\/#primaryimage","url":"https:\/\/autoklastr.cz\/wp-content\/uploads\/2023\/02\/y4kEp.jpg","contentUrl":"https:\/\/autoklastr.cz\/wp-content\/uploads\/2023\/02\/y4kEp.jpg","width":999,"height":563},{"@type":"BreadcrumbList","@id":"https:\/\/autoklastr.cz\/cs\/kupka-emisni-norma-euro-7-je-neprijatelna-polozila-by-ceske-automobilky\/#breadcrumb","itemListElement":[{"@type":"ListItem","position":1,"name":"Dom\u016f","item":"https:\/\/autoklastr.cz\/cs\/"},{"@type":"ListItem","position":2,"name":"Kupka: Emisn\u00ed norma Euro 7 je nep\u0159ijateln\u00e1, polo\u017eila by \u010desk\u00e9 automobilky"}]},{"@type":"WebSite","@id":"https:\/\/autoklastr.cz\/cs\/#website","url":"https:\/\/autoklastr.cz\/cs\/","name":"Autoklastr","description":"Spole\u010dn\u011b pro Automotive!","potentialAction":[{"@type":"SearchAction","target":{"@type":"EntryPoint","urlTemplate":"https:\/\/autoklastr.cz\/cs\/?s={search_term_string}"},"query-input":{"@type":"PropertyValueSpecification","valueRequired":true,"valueName":"search_term_string"}}],"inLanguage":"cs-CZ"},{"@type":"Person","@id":"https:\/\/autoklastr.cz\/cs\/#\/schema\/person\/51de917140dff28ece1c759a7579ba79","name":"Karel B\u0159emek","image":{"@type":"ImageObject","inLanguage":"cs-CZ","@id":"https:\/\/autoklastr.cz\/cs\/#\/schema\/person\/image\/","url":"https:\/\/secure.gravatar.com\/avatar\/ba59bb4aee7dc631079170762e66e8c6?s=96&d=mm&r=g","contentUrl":"https:\/\/secure.gravatar.com\/avatar\/ba59bb4aee7dc631079170762e66e8c6?s=96&d=mm&r=g","caption":"Karel B\u0159emek"}}]}},"_links":{"self":[{"href":"https:\/\/autoklastr.cz\/cs\/wp-json\/wp\/v2\/posts\/22147"}],"collection":[{"href":"https:\/\/autoklastr.cz\/cs\/wp-json\/wp\/v2\/posts"}],"about":[{"href":"https:\/\/autoklastr.cz\/cs\/wp-json\/wp\/v2\/types\/post"}],"author":[{"embeddable":true,"href":"https:\/\/autoklastr.cz\/cs\/wp-json\/wp\/v2\/users\/81"}],"replies":[{"embeddable":true,"href":"https:\/\/autoklastr.cz\/cs\/wp-json\/wp\/v2\/comments?post=22147"}],"version-history":[{"count":3,"href":"https:\/\/autoklastr.cz\/cs\/wp-json\/wp\/v2\/posts\/22147\/revisions"}],"predecessor-version":[{"id":22164,"href":"https:\/\/autoklastr.cz\/cs\/wp-json\/wp\/v2\/posts\/22147\/revisions\/22164"}],"wp:featuredmedia":[{"embeddable":true,"href":"https:\/\/autoklastr.cz\/cs\/wp-json\/wp\/v2\/media\/22148"}],"wp:attachment":[{"href":"https:\/\/autoklastr.cz\/cs\/wp-json\/wp\/v2\/media?parent=22147"}],"wp:term":[{"taxonomy":"category","embeddable":true,"href":"https:\/\/autoklastr.cz\/cs\/wp-json\/wp\/v2\/categories?post=22147"},{"taxonomy":"post_tag","embeddable":true,"href":"https:\/\/autoklastr.cz\/cs\/wp-json\/wp\/v2\/tags?post=22147"},{"taxonomy":"kategorie_prispevku","embeddable":true,"href":"https:\/\/autoklastr.cz\/cs\/wp-json\/wp\/v2\/kategorie_prispevku?post=22147"}],"curies":[{"name":"wp","href":"https:\/\/api.w.org\/{rel}","templated":true}]}}