{"id":22115,"date":"2023-02-07T09:34:24","date_gmt":"2023-02-07T08:34:24","guid":{"rendered":"https:\/\/autoklastr.cz\/cs\/?p=22115"},"modified":"2023-02-09T09:40:01","modified_gmt":"2023-02-09T08:40:01","slug":"do-ostravy-miri-e-mobilita-2023-nabidne-bohaty-doprovodny-program","status":"publish","type":"post","link":"https:\/\/autoklastr.cz\/cs\/do-ostravy-miri-e-mobilita-2023-nabidne-bohaty-doprovodny-program\/","title":{"rendered":"Do Ostravy m\u00ed\u0159\u00ed E-Mobilita 2023. Nab\u00eddne bohat\u00fd doprovodn\u00fd program"},"content":{"rendered":"<p style=\"text-align: justify;\"><strong>Ve st\u0159edu 15. \u00fanora bude \u010cern\u00e1 louka v Ostrav\u011b hostit diskuzn\u00ed f\u00f3rum na t\u00e9ma ekologizace dopravy v Moravskoslezsk\u00e9m kraji. Akce je ur\u010dena p\u0159edev\u0161\u00edm odborn\u00e9 ve\u0159ejnosti, veden\u00ed m\u011bst a obc\u00ed Moravskoslezsk\u00e9ho kraje, z\u00e1stupc\u016fm firem, ale i \u0161ir\u0161\u00ed ve\u0159ejnosti.<\/strong><\/p>\n<p style=\"text-align: center;\">\u00a0<img decoding=\"async\" src=\"https:\/\/www.patriotmagazin.cz\/images\/article-preview\/850x567\/image-proxy(2).jpg\" \/><\/p>\n<p style=\"text-align: justify;\">Odborn\u00fd program konference dopln\u00ed doprovodn\u00e9 aktivity v podob\u011b dynamick\u00fdch i statick\u00fdch prezentac\u00ed aut a slu\u017eeb. Jeho prvn\u00ed \u010d\u00e1st prob\u011bhne od 8:00.<\/p>\n<p style=\"text-align: justify;\">P\u0159edstav\u00ed se z\u00e1stupci zna\u010dky Kia, kte\u0159\u00ed ve spolupr\u00e1ci se sv\u00fdmi lok\u00e1ln\u00edmi dealery p\u0159ivezou bateriov\u00e9 elektromobily EV6 a Niro EV. Na m\u00edst\u011b se ve\u0159ejnost bude moci p\u0159ihl\u00e1sit k testovac\u00edm j\u00edzd\u00e1m nebo se informovat o tom, co auta nab\u00edzej\u00ed. Pan Jakub \u0158ehounek, Business Development Manager spole\u010dnosti Kia Czech, p\u0159edstav\u00ed tyto elektromobily tak\u00e9 v r\u00e1mci odborn\u00e9ho bloku.<\/p>\n<p style=\"text-align: justify;\">Z jin\u00e9 kategorie, takzvan\u00fdch u\u017eitkov\u00fdch voz\u016f, doraz\u00ed novinka na trhu, ID. Buzz Volkswagen, \u010dist\u011b elektrick\u00fd, vhodn\u00fd jak pro rodiny s d\u011btmi, tak pro jednotlivce, firmy i \u017eivnostn\u00edky. Tento krasavec se vyzna\u010duje nulov\u00fdmi emisemi, inovativn\u00ed konektivitou s aktualizacemi Over-the-Air\u00b2 prost\u0159ednictv\u00edm slu\u017eeb We Connect\u00b3 a Car2X, nov\u00fdmi inteligentn\u00edmi asisten\u010dn\u00edmi syst\u00e9my i kompaktn\u00edmi rozm\u011bry pro pocit velk\u00e9ho vnit\u0159n\u00edho prostoru.<\/p>\n<p style=\"text-align: justify;\">Sv\u00e9 vozy p\u0159edstav\u00ed tak\u00e9 z\u00e1stupci odborn\u00fdch a z\u00e1jmov\u00fdch organizac\u00ed; osobn\u00ed elektroauta Asociace elektromobilov\u00e9ho pr\u016fmyslu, d\u00e1le V\u00fdzkumn\u00e9 energetick\u00e9 centrum v \u010dele s panem Ochodkem p\u0159iveze vod\u00edkovou Toyota Mirai, elektroauta Volkswagen ID 4 150kW a \u0160koda Enyaq iV 150 kW.<\/p>\n<p style=\"text-align: justify;\">Kompletn\u00ed sortiment protipo\u017e\u00e1rn\u00edch syst\u00e9m\u016f pro vozidla (v\u010detn\u011b elektromobil\u016f), bateriov\u00e1 ulo\u017ei\u0161t\u011b i nab\u00edjec\u00ed stanice \u0161v\u00e9dsk\u00e9ho v\u00fdrobce Dafo nab\u00eddne firma Glaspo Trade.<\/p>\n<p style=\"text-align: justify;\">Odpoledn\u00ed program se po 13 hodin\u011b p\u0159esune do Centra bezpe\u010dn\u00e9 j\u00edzdy Libros Ostrava, kde se bude testovat, jezdit, ov\u011b\u0159ovat i zkou\u0161et. N\u00e1v\u0161t\u011bvn\u00edky budou \u010dekat zku\u0161ebn\u00ed j\u00edzdy hybridn\u00edmi i elektro auty, a to jak na kluzn\u00e9m asfaltov\u00e9m polygonu, tak na ter\u00e9nn\u00edm polygonu. Chyb\u011bt nebude ani ob\u010derstven\u00ed.<\/p>\n<p>&nbsp;<\/p>\n<p>Zdroj: patriotmagazin.cz<\/p>\n","protected":false},"excerpt":{"rendered":"<p>Ve st\u0159edu 15. \u00fanora bude \u010cern\u00e1 louka v Ostrav\u011b hostit diskuzn\u00ed f\u00f3rum na t\u00e9ma ekologizace dopravy v Moravskoslezsk\u00e9m kraji. Akce je ur\u010dena p\u0159edev\u0161\u00edm odborn\u00e9 ve\u0159ejnosti, veden\u00ed m\u011bst a obc\u00ed Moravskoslezsk\u00e9ho kraje, z\u00e1stupc\u016fm firem, ale i \u0161ir\u0161\u00ed ve\u0159ejnosti. \u00a0 Odborn\u00fd program konference dopln\u00ed doprovodn\u00e9 aktivity v podob\u011b dynamick\u00fdch i statick\u00fdch prezentac\u00ed aut a slu\u017eeb. Jeho prvn\u00ed [&hellip;]<\/p>\n","protected":false},"author":81,"featured_media":22116,"comment_status":"open","ping_status":"open","sticky":false,"template":"","format":"standard","meta":{"_acf_changed":false,"inline_featured_image":false,"footnotes":""},"categories":[1],"tags":[],"kategorie_prispevku":[],"acf":[],"yoast_head":"<!-- This site is optimized with the Yoast SEO plugin v24.5 - https:\/\/yoast.com\/wordpress\/plugins\/seo\/ -->\n<title>Do Ostravy m\u00ed\u0159\u00ed E-Mobilita 2023. Nab\u00eddne bohat\u00fd doprovodn\u00fd program | Autoklastr<\/title>\n<meta name=\"robots\" content=\"index, follow, max-snippet:-1, max-image-preview:large, max-video-preview:-1\" \/>\n<link rel=\"canonical\" href=\"https:\/\/autoklastr.cz\/cs\/do-ostravy-miri-e-mobilita-2023-nabidne-bohaty-doprovodny-program\/\" \/>\n<meta property=\"og:locale\" content=\"cs_CZ\" \/>\n<meta property=\"og:locale:alternate\" content=\"en_US\" \/>\n<meta property=\"og:type\" content=\"article\" \/>\n<meta property=\"og:title\" content=\"Do Ostravy m\u00ed\u0159\u00ed E-Mobilita 2023. Nab\u00eddne bohat\u00fd doprovodn\u00fd program\" \/>\n<meta property=\"og:description\" content=\"Ve st\u0159edu 15. \u00fanora bude \u010cern\u00e1 louka v Ostrav\u011b hostit diskuzn\u00ed f\u00f3rum na t\u00e9ma ekologizace dopravy v Moravskoslezsk\u00e9m kraji. Akce je ur\u010dena p\u0159edev\u0161\u00edm odborn\u00e9 ve\u0159ejnosti, veden\u00ed m\u011bst a obc\u00ed Moravskoslezsk\u00e9ho kraje, z\u00e1stupc\u016fm firem, ale i \u0161ir\u0161\u00ed ve\u0159ejnosti. \u00a0 Odborn\u00fd program konference dopln\u00ed doprovodn\u00e9 aktivity v podob\u011b dynamick\u00fdch i statick\u00fdch prezentac\u00ed aut a slu\u017eeb. Jeho prvn\u00ed [&hellip;]\" \/>\n<meta property=\"og:url\" content=\"https:\/\/autoklastr.cz\/cs\/do-ostravy-miri-e-mobilita-2023-nabidne-bohaty-doprovodny-program\/\" \/>\n<meta property=\"og:site_name\" content=\"Autoklastr\" \/>\n<meta property=\"article:published_time\" content=\"2023-02-07T08:34:24+00:00\" \/>\n<meta property=\"article:modified_time\" content=\"2023-02-09T08:40:01+00:00\" \/>\n<meta property=\"og:image\" content=\"https:\/\/autoklastr.cz\/wp-content\/uploads\/2023\/02\/image-proxy2.jpg\" \/>\n\t<meta property=\"og:image:width\" content=\"850\" \/>\n\t<meta property=\"og:image:height\" content=\"567\" \/>\n\t<meta property=\"og:image:type\" content=\"image\/jpeg\" \/>\n<meta name=\"author\" content=\"Karel B\u0159emek\" \/>\n<meta name=\"twitter:card\" content=\"summary_large_image\" \/>\n<meta name=\"twitter:label1\" content=\"Napsal(a)\" \/>\n\t<meta name=\"twitter:data1\" content=\"Karel B\u0159emek\" \/>\n\t<meta name=\"twitter:label2\" content=\"Odhadovan\u00e1 doba \u010dten\u00ed\" \/>\n\t<meta name=\"twitter:data2\" content=\"2 minuty\" \/>\n<script type=\"application\/ld+json\" class=\"yoast-schema-graph\">{\"@context\":\"https:\/\/schema.org\",\"@graph\":[{\"@type\":\"WebPage\",\"@id\":\"https:\/\/autoklastr.cz\/cs\/do-ostravy-miri-e-mobilita-2023-nabidne-bohaty-doprovodny-program\/\",\"url\":\"https:\/\/autoklastr.cz\/cs\/do-ostravy-miri-e-mobilita-2023-nabidne-bohaty-doprovodny-program\/\",\"name\":\"Do Ostravy m\u00ed\u0159\u00ed E-Mobilita 2023. Nab\u00eddne bohat\u00fd doprovodn\u00fd program\",\"isPartOf\":{\"@id\":\"https:\/\/autoklastr.cz\/cs\/#website\"},\"primaryImageOfPage\":{\"@id\":\"https:\/\/autoklastr.cz\/cs\/do-ostravy-miri-e-mobilita-2023-nabidne-bohaty-doprovodny-program\/#primaryimage\"},\"image\":{\"@id\":\"https:\/\/autoklastr.cz\/cs\/do-ostravy-miri-e-mobilita-2023-nabidne-bohaty-doprovodny-program\/#primaryimage\"},\"thumbnailUrl\":\"https:\/\/autoklastr.cz\/wp-content\/uploads\/2023\/02\/image-proxy2.jpg\",\"datePublished\":\"2023-02-07T08:34:24+00:00\",\"dateModified\":\"2023-02-09T08:40:01+00:00\",\"author\":{\"@id\":\"https:\/\/autoklastr.cz\/cs\/#\/schema\/person\/51de917140dff28ece1c759a7579ba79\"},\"breadcrumb\":{\"@id\":\"https:\/\/autoklastr.cz\/cs\/do-ostravy-miri-e-mobilita-2023-nabidne-bohaty-doprovodny-program\/#breadcrumb\"},\"inLanguage\":\"cs-CZ\",\"potentialAction\":[{\"@type\":\"ReadAction\",\"target\":[\"https:\/\/autoklastr.cz\/cs\/do-ostravy-miri-e-mobilita-2023-nabidne-bohaty-doprovodny-program\/\"]}]},{\"@type\":\"ImageObject\",\"inLanguage\":\"cs-CZ\",\"@id\":\"https:\/\/autoklastr.cz\/cs\/do-ostravy-miri-e-mobilita-2023-nabidne-bohaty-doprovodny-program\/#primaryimage\",\"url\":\"https:\/\/autoklastr.cz\/wp-content\/uploads\/2023\/02\/image-proxy2.jpg\",\"contentUrl\":\"https:\/\/autoklastr.cz\/wp-content\/uploads\/2023\/02\/image-proxy2.jpg\",\"width\":850,\"height\":567},{\"@type\":\"BreadcrumbList\",\"@id\":\"https:\/\/autoklastr.cz\/cs\/do-ostravy-miri-e-mobilita-2023-nabidne-bohaty-doprovodny-program\/#breadcrumb\",\"itemListElement\":[{\"@type\":\"ListItem\",\"position\":1,\"name\":\"Dom\u016f\",\"item\":\"https:\/\/autoklastr.cz\/cs\/\"},{\"@type\":\"ListItem\",\"position\":2,\"name\":\"Do Ostravy m\u00ed\u0159\u00ed E-Mobilita 2023. Nab\u00eddne bohat\u00fd doprovodn\u00fd program\"}]},{\"@type\":\"WebSite\",\"@id\":\"https:\/\/autoklastr.cz\/cs\/#website\",\"url\":\"https:\/\/autoklastr.cz\/cs\/\",\"name\":\"Autoklastr\",\"description\":\"Spole\u010dn\u011b pro Automotive!\",\"potentialAction\":[{\"@type\":\"SearchAction\",\"target\":{\"@type\":\"EntryPoint\",\"urlTemplate\":\"https:\/\/autoklastr.cz\/cs\/?s={search_term_string}\"},\"query-input\":{\"@type\":\"PropertyValueSpecification\",\"valueRequired\":true,\"valueName\":\"search_term_string\"}}],\"inLanguage\":\"cs-CZ\"},{\"@type\":\"Person\",\"@id\":\"https:\/\/autoklastr.cz\/cs\/#\/schema\/person\/51de917140dff28ece1c759a7579ba79\",\"name\":\"Karel B\u0159emek\",\"image\":{\"@type\":\"ImageObject\",\"inLanguage\":\"cs-CZ\",\"@id\":\"https:\/\/autoklastr.cz\/cs\/#\/schema\/person\/image\/\",\"url\":\"https:\/\/secure.gravatar.com\/avatar\/ba59bb4aee7dc631079170762e66e8c6?s=96&d=mm&r=g\",\"contentUrl\":\"https:\/\/secure.gravatar.com\/avatar\/ba59bb4aee7dc631079170762e66e8c6?s=96&d=mm&r=g\",\"caption\":\"Karel B\u0159emek\"}}]}<\/script>\n<!-- \/ Yoast SEO plugin. -->","yoast_head_json":{"title":"Do Ostravy m\u00ed\u0159\u00ed E-Mobilita 2023. Nab\u00eddne bohat\u00fd doprovodn\u00fd program | Autoklastr","robots":{"index":"index","follow":"follow","max-snippet":"max-snippet:-1","max-image-preview":"max-image-preview:large","max-video-preview":"max-video-preview:-1"},"canonical":"https:\/\/autoklastr.cz\/cs\/do-ostravy-miri-e-mobilita-2023-nabidne-bohaty-doprovodny-program\/","og_locale":"cs_CZ","og_type":"article","og_title":"[:cs]Do Ostravy m\u00ed\u0159\u00ed E-Mobilita 2023. Nab\u00eddne bohat\u00fd doprovodn\u00fd program[:] | Autoklastr","og_description":"Ve st\u0159edu 15. \u00fanora bude \u010cern\u00e1 louka v Ostrav\u011b hostit diskuzn\u00ed f\u00f3rum na t\u00e9ma ekologizace dopravy v Moravskoslezsk\u00e9m kraji. Akce je ur\u010dena p\u0159edev\u0161\u00edm odborn\u00e9 ve\u0159ejnosti, veden\u00ed m\u011bst a obc\u00ed Moravskoslezsk\u00e9ho kraje, z\u00e1stupc\u016fm firem, ale i \u0161ir\u0161\u00ed ve\u0159ejnosti. \u00a0 Odborn\u00fd program konference dopln\u00ed doprovodn\u00e9 aktivity v podob\u011b dynamick\u00fdch i statick\u00fdch prezentac\u00ed aut a slu\u017eeb. Jeho prvn\u00ed [&hellip;]","og_url":"https:\/\/autoklastr.cz\/cs\/do-ostravy-miri-e-mobilita-2023-nabidne-bohaty-doprovodny-program\/","og_site_name":"Autoklastr","article_published_time":"2023-02-07T08:34:24+00:00","article_modified_time":"2023-02-09T08:40:01+00:00","og_image":[{"width":850,"height":567,"url":"https:\/\/autoklastr.cz\/wp-content\/uploads\/2023\/02\/image-proxy2.jpg","type":"image\/jpeg"}],"author":"Karel B\u0159emek","twitter_card":"summary_large_image","twitter_misc":{"Napsal(a)":"Karel B\u0159emek","Odhadovan\u00e1 doba \u010dten\u00ed":"2 minuty"},"schema":{"@context":"https:\/\/schema.org","@graph":[{"@type":"WebPage","@id":"https:\/\/autoklastr.cz\/cs\/do-ostravy-miri-e-mobilita-2023-nabidne-bohaty-doprovodny-program\/","url":"https:\/\/autoklastr.cz\/cs\/do-ostravy-miri-e-mobilita-2023-nabidne-bohaty-doprovodny-program\/","name":"Do Ostravy m\u00ed\u0159\u00ed E-Mobilita 2023. Nab\u00eddne bohat\u00fd doprovodn\u00fd program","isPartOf":{"@id":"https:\/\/autoklastr.cz\/cs\/#website"},"primaryImageOfPage":{"@id":"https:\/\/autoklastr.cz\/cs\/do-ostravy-miri-e-mobilita-2023-nabidne-bohaty-doprovodny-program\/#primaryimage"},"image":{"@id":"https:\/\/autoklastr.cz\/cs\/do-ostravy-miri-e-mobilita-2023-nabidne-bohaty-doprovodny-program\/#primaryimage"},"thumbnailUrl":"https:\/\/autoklastr.cz\/wp-content\/uploads\/2023\/02\/image-proxy2.jpg","datePublished":"2023-02-07T08:34:24+00:00","dateModified":"2023-02-09T08:40:01+00:00","author":{"@id":"https:\/\/autoklastr.cz\/cs\/#\/schema\/person\/51de917140dff28ece1c759a7579ba79"},"breadcrumb":{"@id":"https:\/\/autoklastr.cz\/cs\/do-ostravy-miri-e-mobilita-2023-nabidne-bohaty-doprovodny-program\/#breadcrumb"},"inLanguage":"cs-CZ","potentialAction":[{"@type":"ReadAction","target":["https:\/\/autoklastr.cz\/cs\/do-ostravy-miri-e-mobilita-2023-nabidne-bohaty-doprovodny-program\/"]}]},{"@type":"ImageObject","inLanguage":"cs-CZ","@id":"https:\/\/autoklastr.cz\/cs\/do-ostravy-miri-e-mobilita-2023-nabidne-bohaty-doprovodny-program\/#primaryimage","url":"https:\/\/autoklastr.cz\/wp-content\/uploads\/2023\/02\/image-proxy2.jpg","contentUrl":"https:\/\/autoklastr.cz\/wp-content\/uploads\/2023\/02\/image-proxy2.jpg","width":850,"height":567},{"@type":"BreadcrumbList","@id":"https:\/\/autoklastr.cz\/cs\/do-ostravy-miri-e-mobilita-2023-nabidne-bohaty-doprovodny-program\/#breadcrumb","itemListElement":[{"@type":"ListItem","position":1,"name":"Dom\u016f","item":"https:\/\/autoklastr.cz\/cs\/"},{"@type":"ListItem","position":2,"name":"Do Ostravy m\u00ed\u0159\u00ed E-Mobilita 2023. Nab\u00eddne bohat\u00fd doprovodn\u00fd program"}]},{"@type":"WebSite","@id":"https:\/\/autoklastr.cz\/cs\/#website","url":"https:\/\/autoklastr.cz\/cs\/","name":"Autoklastr","description":"Spole\u010dn\u011b pro Automotive!","potentialAction":[{"@type":"SearchAction","target":{"@type":"EntryPoint","urlTemplate":"https:\/\/autoklastr.cz\/cs\/?s={search_term_string}"},"query-input":{"@type":"PropertyValueSpecification","valueRequired":true,"valueName":"search_term_string"}}],"inLanguage":"cs-CZ"},{"@type":"Person","@id":"https:\/\/autoklastr.cz\/cs\/#\/schema\/person\/51de917140dff28ece1c759a7579ba79","name":"Karel B\u0159emek","image":{"@type":"ImageObject","inLanguage":"cs-CZ","@id":"https:\/\/autoklastr.cz\/cs\/#\/schema\/person\/image\/","url":"https:\/\/secure.gravatar.com\/avatar\/ba59bb4aee7dc631079170762e66e8c6?s=96&d=mm&r=g","contentUrl":"https:\/\/secure.gravatar.com\/avatar\/ba59bb4aee7dc631079170762e66e8c6?s=96&d=mm&r=g","caption":"Karel B\u0159emek"}}]}},"_links":{"self":[{"href":"https:\/\/autoklastr.cz\/cs\/wp-json\/wp\/v2\/posts\/22115"}],"collection":[{"href":"https:\/\/autoklastr.cz\/cs\/wp-json\/wp\/v2\/posts"}],"about":[{"href":"https:\/\/autoklastr.cz\/cs\/wp-json\/wp\/v2\/types\/post"}],"author":[{"embeddable":true,"href":"https:\/\/autoklastr.cz\/cs\/wp-json\/wp\/v2\/users\/81"}],"replies":[{"embeddable":true,"href":"https:\/\/autoklastr.cz\/cs\/wp-json\/wp\/v2\/comments?post=22115"}],"version-history":[{"count":4,"href":"https:\/\/autoklastr.cz\/cs\/wp-json\/wp\/v2\/posts\/22115\/revisions"}],"predecessor-version":[{"id":22120,"href":"https:\/\/autoklastr.cz\/cs\/wp-json\/wp\/v2\/posts\/22115\/revisions\/22120"}],"wp:featuredmedia":[{"embeddable":true,"href":"https:\/\/autoklastr.cz\/cs\/wp-json\/wp\/v2\/media\/22116"}],"wp:attachment":[{"href":"https:\/\/autoklastr.cz\/cs\/wp-json\/wp\/v2\/media?parent=22115"}],"wp:term":[{"taxonomy":"category","embeddable":true,"href":"https:\/\/autoklastr.cz\/cs\/wp-json\/wp\/v2\/categories?post=22115"},{"taxonomy":"post_tag","embeddable":true,"href":"https:\/\/autoklastr.cz\/cs\/wp-json\/wp\/v2\/tags?post=22115"},{"taxonomy":"kategorie_prispevku","embeddable":true,"href":"https:\/\/autoklastr.cz\/cs\/wp-json\/wp\/v2\/kategorie_prispevku?post=22115"}],"curies":[{"name":"wp","href":"https:\/\/api.w.org\/{rel}","templated":true}]}}