{"id":20270,"date":"2022-04-19T10:31:33","date_gmt":"2022-04-19T08:31:33","guid":{"rendered":"https:\/\/autoklastr.cz\/cs\/?p=20270"},"modified":"2022-04-21T10:36:13","modified_gmt":"2022-04-21T08:36:13","slug":"autem-roku-2022-v-cr-je-bmw-i4","status":"publish","type":"post","link":"https:\/\/autoklastr.cz\/cs\/autem-roku-2022-v-cr-je-bmw-i4\/","title":{"rendered":"Autem roku 2022 v \u010cR je BMW i4"},"content":{"rendered":"<div class=\"inbox\">\n<p style=\"text-align: justify;\"><strong>Svaz dovozc\u016f automobil\u016f vyhl\u00e1sil 19. dubna v pra\u017esk\u00e9m konferen\u010dn\u00edm centru Cubex v\u00fdsledky ankety Auto roku v \u010cR 2021\/22. Titul z\u00edskal elektromobil\u00a0 BMW i4. V hlasov\u00e1n\u00ed odborn\u00e9 poroty zv\u00edt\u011bzil mezi 37 dal\u0161\u00edmi nominovan\u00fdmi novinkami. Jde o prvn\u00ed v\u00edt\u011bzstv\u00ed elektromobilu v historii sout\u011b\u017ee. Ekoautem roku je Kia EV6.<\/strong><\/p>\n<p style=\"text-align: justify;\">\u201ePro zna\u010dku BMW to znamen\u00e1 druh\u00fd titul v \u0159ad\u011b, proto\u017ee loni titul ud\u011blen\u00fd nebyl a o rok d\u0159\u00edve jej z\u00edskalo BMW \u0159ady 3. P\u0159\u00ed\u0161t\u00ed rok zam\u00ed\u0159\u00edme na hattrick,\u201c uvedl v Cubexu mluv\u010d\u00ed zna\u010dky David Haidinger.<\/p>\n<p style=\"text-align: justify;\"><img loading=\"lazy\" decoding=\"async\" class=\"size-large wp-image-150873 aligncenter\" src=\"https:\/\/www.automakers.cz\/wp-content\/uploads\/2022\/04\/Auto-roku-2022-BMW-i4-Haidinger-orez-1024x618.jpg\" sizes=\"(max-width: 1024px) 100vw, 1024px\" srcset=\"https:\/\/www.automakers.cz\/wp-content\/uploads\/2022\/04\/Auto-roku-2022-BMW-i4-Haidinger-orez-1024x618.jpg 1024w, https:\/\/www.automakers.cz\/wp-content\/uploads\/2022\/04\/Auto-roku-2022-BMW-i4-Haidinger-orez-460x278.jpg 460w, https:\/\/www.automakers.cz\/wp-content\/uploads\/2022\/04\/Auto-roku-2022-BMW-i4-Haidinger-orez-290x175.jpg 290w, https:\/\/www.automakers.cz\/wp-content\/uploads\/2022\/04\/Auto-roku-2022-BMW-i4-Haidinger-orez-768x463.jpg 768w, https:\/\/www.automakers.cz\/wp-content\/uploads\/2022\/04\/Auto-roku-2022-BMW-i4-Haidinger-orez-480x290.jpg 480w, https:\/\/www.automakers.cz\/wp-content\/uploads\/2022\/04\/Auto-roku-2022-BMW-i4-Haidinger-orez-180x109.jpg 180w, https:\/\/www.automakers.cz\/wp-content\/uploads\/2022\/04\/Auto-roku-2022-BMW-i4-Haidinger-orez-1536x927.jpg 1536w, https:\/\/www.automakers.cz\/wp-content\/uploads\/2022\/04\/Auto-roku-2022-BMW-i4-Haidinger-orez.jpg 1556w\" alt=\"\" width=\"1024\" height=\"618\" \/><\/p>\n<p style=\"text-align: justify;\">Nov\u00e9 elektrick\u00e9 BMW i4 je prvn\u00edm elektromobilem zna\u010dky ve st\u0159edn\u00ed t\u0159\u00edd\u011b. P\u011btidve\u0159ov\u00fd p\u011btim\u00edstn\u00fd liftback s elektrick\u00fdm pohonem zadn\u00edch kol nab\u00edz\u00ed dojezd a\u017e 510 km. Na v\u00fdrob\u011b leto\u0161n\u00edho Auta roku se pod\u00edl\u00ed celkem dev\u011bt dodavatelsk\u00fdch firem z \u010cR.<\/p>\n<p><iframe loading=\"lazy\" title=\"YouTube video player\" src=\"https:\/\/www.youtube.com\/embed\/_DVO0au9tZA\" width=\"924\" height=\"460\" frameborder=\"0\" allowfullscreen=\"allowfullscreen\"><\/iframe><\/p>\n<p style=\"text-align: justify;\">Ve fin\u00e1lov\u00e9 \u0161estce BMW porazilo druh\u00e9 Subaru Outback a t\u0159et\u00ed \u0160kodu Fabii. Na dal\u0161\u00edch m\u00edstech skon\u010dily Opel Astra, Peugeot 308 a Dacia Jogger.<\/p>\n<p style=\"text-align: justify;\">Z 38 letos nominovan\u00fdch sout\u011b\u017en\u00edch voz\u016f je 12 \u010dist\u011b elektrick\u00fdch, p\u011bt sportovn\u00edch a 17 z kategorie SUV. Nechyb\u00ed nap\u0159\u00edklad tak\u00e9 jedno velk\u00e9 MPV a jeden americk\u00fd pickup.<\/p>\n<h4 style=\"text-align: justify;\"><strong>Ekologick\u00fdm autem roku je Kia EV6<\/strong><\/h4>\n<p style=\"text-align: justify;\"><img loading=\"lazy\" decoding=\"async\" class=\"size-full wp-image-144793 aligncenter\" src=\"https:\/\/www.automakers.cz\/wp-content\/uploads\/2021\/10\/Kia-EV6_foto.jpg\" sizes=\"(max-width: 1000px) 100vw, 1000px\" srcset=\"https:\/\/www.automakers.cz\/wp-content\/uploads\/2021\/10\/Kia-EV6_foto.jpg 1000w, https:\/\/www.automakers.cz\/wp-content\/uploads\/2021\/10\/Kia-EV6_foto-460x345.jpg 460w, https:\/\/www.automakers.cz\/wp-content\/uploads\/2021\/10\/Kia-EV6_foto-267x200.jpg 267w, https:\/\/www.automakers.cz\/wp-content\/uploads\/2021\/10\/Kia-EV6_foto-768x576.jpg 768w, https:\/\/www.automakers.cz\/wp-content\/uploads\/2021\/10\/Kia-EV6_foto-480x360.jpg 480w, https:\/\/www.automakers.cz\/wp-content\/uploads\/2021\/10\/Kia-EV6_foto-180x135.jpg 180w\" alt=\"\" width=\"1000\" height=\"750\" \/><\/p>\n<p style=\"text-align: justify;\">V\u00edt\u011bzem evropsk\u00e9 ankety Auto roku 2022 se stal na konci \u00fanora na z\u00e1klad\u011b hlasov\u00e1n\u00ed 61 motoristick\u00fdch novin\u00e1\u0159\u016f z 22 zem\u00ed elektrick\u00fd crossover Kia EV6. V \u010cesku letos v\u016fz z\u00edskal titul ekologick\u00e9ho auta roku!<\/p>\n<\/div>\n<p>&nbsp;<\/p>\n<p>Zdroj: automakers.cz<\/p>\n","protected":false},"excerpt":{"rendered":"<p>Svaz dovozc\u016f automobil\u016f vyhl\u00e1sil 19. dubna v pra\u017esk\u00e9m konferen\u010dn\u00edm centru Cubex v\u00fdsledky ankety Auto roku v \u010cR 2021\/22. Titul z\u00edskal elektromobil\u00a0 BMW i4. V hlasov\u00e1n\u00ed odborn\u00e9 poroty zv\u00edt\u011bzil mezi 37 dal\u0161\u00edmi nominovan\u00fdmi novinkami. Jde o prvn\u00ed v\u00edt\u011bzstv\u00ed elektromobilu v historii sout\u011b\u017ee. Ekoautem roku je Kia EV6. \u201ePro zna\u010dku BMW to znamen\u00e1 druh\u00fd titul v \u0159ad\u011b, [&hellip;]<\/p>\n","protected":false},"author":81,"featured_media":20271,"comment_status":"open","ping_status":"open","sticky":false,"template":"","format":"standard","meta":{"_acf_changed":false,"inline_featured_image":false,"footnotes":""},"categories":[1],"tags":[],"kategorie_prispevku":[],"acf":[],"yoast_head":"<!-- This site is optimized with the Yoast SEO plugin v24.5 - https:\/\/yoast.com\/wordpress\/plugins\/seo\/ -->\n<title>Autem roku 2022 v \u010cR je BMW i4 | Autoklastr<\/title>\n<meta name=\"robots\" content=\"index, follow, max-snippet:-1, max-image-preview:large, max-video-preview:-1\" \/>\n<link rel=\"canonical\" href=\"https:\/\/autoklastr.cz\/cs\/autem-roku-2022-v-cr-je-bmw-i4\/\" \/>\n<meta property=\"og:locale\" content=\"cs_CZ\" \/>\n<meta property=\"og:locale:alternate\" content=\"en_US\" \/>\n<meta property=\"og:type\" content=\"article\" \/>\n<meta property=\"og:title\" content=\"Autem roku 2022 v \u010cR je BMW i4\" \/>\n<meta property=\"og:description\" content=\"Svaz dovozc\u016f automobil\u016f vyhl\u00e1sil 19. dubna v pra\u017esk\u00e9m konferen\u010dn\u00edm centru Cubex v\u00fdsledky ankety Auto roku v \u010cR 2021\/22. Titul z\u00edskal elektromobil\u00a0 BMW i4. V hlasov\u00e1n\u00ed odborn\u00e9 poroty zv\u00edt\u011bzil mezi 37 dal\u0161\u00edmi nominovan\u00fdmi novinkami. Jde o prvn\u00ed v\u00edt\u011bzstv\u00ed elektromobilu v historii sout\u011b\u017ee. Ekoautem roku je Kia EV6. \u201ePro zna\u010dku BMW to znamen\u00e1 druh\u00fd titul v \u0159ad\u011b, [&hellip;]\" \/>\n<meta property=\"og:url\" content=\"https:\/\/autoklastr.cz\/cs\/autem-roku-2022-v-cr-je-bmw-i4\/\" \/>\n<meta property=\"og:site_name\" content=\"Autoklastr\" \/>\n<meta property=\"article:published_time\" content=\"2022-04-19T08:31:33+00:00\" \/>\n<meta property=\"article:modified_time\" content=\"2022-04-21T08:36:13+00:00\" \/>\n<meta property=\"og:image\" content=\"https:\/\/autoklastr.cz\/wp-content\/uploads\/2022\/04\/bmw-i4-wins-car-of-the-year-award-2021-22.jpg\" \/>\n\t<meta property=\"og:image:width\" content=\"600\" \/>\n\t<meta property=\"og:image:height\" content=\"400\" \/>\n\t<meta property=\"og:image:type\" content=\"image\/jpeg\" \/>\n<meta name=\"author\" content=\"Karel B\u0159emek\" \/>\n<meta name=\"twitter:card\" content=\"summary_large_image\" \/>\n<meta name=\"twitter:label1\" content=\"Napsal(a)\" \/>\n\t<meta name=\"twitter:data1\" content=\"Karel B\u0159emek\" \/>\n\t<meta name=\"twitter:label2\" content=\"Odhadovan\u00e1 doba \u010dten\u00ed\" \/>\n\t<meta name=\"twitter:data2\" content=\"1 minuta\" \/>\n<script type=\"application\/ld+json\" class=\"yoast-schema-graph\">{\"@context\":\"https:\/\/schema.org\",\"@graph\":[{\"@type\":\"WebPage\",\"@id\":\"https:\/\/autoklastr.cz\/cs\/autem-roku-2022-v-cr-je-bmw-i4\/\",\"url\":\"https:\/\/autoklastr.cz\/cs\/autem-roku-2022-v-cr-je-bmw-i4\/\",\"name\":\"Autem roku 2022 v \u010cR je BMW i4\",\"isPartOf\":{\"@id\":\"https:\/\/autoklastr.cz\/cs\/#website\"},\"primaryImageOfPage\":{\"@id\":\"https:\/\/autoklastr.cz\/cs\/autem-roku-2022-v-cr-je-bmw-i4\/#primaryimage\"},\"image\":{\"@id\":\"https:\/\/autoklastr.cz\/cs\/autem-roku-2022-v-cr-je-bmw-i4\/#primaryimage\"},\"thumbnailUrl\":\"https:\/\/autoklastr.cz\/wp-content\/uploads\/2022\/04\/bmw-i4-wins-car-of-the-year-award-2021-22.jpg\",\"datePublished\":\"2022-04-19T08:31:33+00:00\",\"dateModified\":\"2022-04-21T08:36:13+00:00\",\"author\":{\"@id\":\"https:\/\/autoklastr.cz\/cs\/#\/schema\/person\/51de917140dff28ece1c759a7579ba79\"},\"breadcrumb\":{\"@id\":\"https:\/\/autoklastr.cz\/cs\/autem-roku-2022-v-cr-je-bmw-i4\/#breadcrumb\"},\"inLanguage\":\"cs-CZ\",\"potentialAction\":[{\"@type\":\"ReadAction\",\"target\":[\"https:\/\/autoklastr.cz\/cs\/autem-roku-2022-v-cr-je-bmw-i4\/\"]}]},{\"@type\":\"ImageObject\",\"inLanguage\":\"cs-CZ\",\"@id\":\"https:\/\/autoklastr.cz\/cs\/autem-roku-2022-v-cr-je-bmw-i4\/#primaryimage\",\"url\":\"https:\/\/autoklastr.cz\/wp-content\/uploads\/2022\/04\/bmw-i4-wins-car-of-the-year-award-2021-22.jpg\",\"contentUrl\":\"https:\/\/autoklastr.cz\/wp-content\/uploads\/2022\/04\/bmw-i4-wins-car-of-the-year-award-2021-22.jpg\",\"width\":600,\"height\":400},{\"@type\":\"BreadcrumbList\",\"@id\":\"https:\/\/autoklastr.cz\/cs\/autem-roku-2022-v-cr-je-bmw-i4\/#breadcrumb\",\"itemListElement\":[{\"@type\":\"ListItem\",\"position\":1,\"name\":\"Dom\u016f\",\"item\":\"https:\/\/autoklastr.cz\/cs\/\"},{\"@type\":\"ListItem\",\"position\":2,\"name\":\"Autem roku 2022 v \u010cR je BMW i4\"}]},{\"@type\":\"WebSite\",\"@id\":\"https:\/\/autoklastr.cz\/cs\/#website\",\"url\":\"https:\/\/autoklastr.cz\/cs\/\",\"name\":\"Autoklastr\",\"description\":\"Spole\u010dn\u011b pro Automotive!\",\"potentialAction\":[{\"@type\":\"SearchAction\",\"target\":{\"@type\":\"EntryPoint\",\"urlTemplate\":\"https:\/\/autoklastr.cz\/cs\/?s={search_term_string}\"},\"query-input\":{\"@type\":\"PropertyValueSpecification\",\"valueRequired\":true,\"valueName\":\"search_term_string\"}}],\"inLanguage\":\"cs-CZ\"},{\"@type\":\"Person\",\"@id\":\"https:\/\/autoklastr.cz\/cs\/#\/schema\/person\/51de917140dff28ece1c759a7579ba79\",\"name\":\"Karel B\u0159emek\",\"image\":{\"@type\":\"ImageObject\",\"inLanguage\":\"cs-CZ\",\"@id\":\"https:\/\/autoklastr.cz\/cs\/#\/schema\/person\/image\/\",\"url\":\"https:\/\/secure.gravatar.com\/avatar\/ba59bb4aee7dc631079170762e66e8c6?s=96&d=mm&r=g\",\"contentUrl\":\"https:\/\/secure.gravatar.com\/avatar\/ba59bb4aee7dc631079170762e66e8c6?s=96&d=mm&r=g\",\"caption\":\"Karel B\u0159emek\"}}]}<\/script>\n<!-- \/ Yoast SEO plugin. -->","yoast_head_json":{"title":"Autem roku 2022 v \u010cR je BMW i4 | Autoklastr","robots":{"index":"index","follow":"follow","max-snippet":"max-snippet:-1","max-image-preview":"max-image-preview:large","max-video-preview":"max-video-preview:-1"},"canonical":"https:\/\/autoklastr.cz\/cs\/autem-roku-2022-v-cr-je-bmw-i4\/","og_locale":"cs_CZ","og_type":"article","og_title":"[:cs]Autem roku 2022 v \u010cR je BMW i4[:] | Autoklastr","og_description":"Svaz dovozc\u016f automobil\u016f vyhl\u00e1sil 19. dubna v pra\u017esk\u00e9m konferen\u010dn\u00edm centru Cubex v\u00fdsledky ankety Auto roku v \u010cR 2021\/22. Titul z\u00edskal elektromobil\u00a0 BMW i4. V hlasov\u00e1n\u00ed odborn\u00e9 poroty zv\u00edt\u011bzil mezi 37 dal\u0161\u00edmi nominovan\u00fdmi novinkami. Jde o prvn\u00ed v\u00edt\u011bzstv\u00ed elektromobilu v historii sout\u011b\u017ee. Ekoautem roku je Kia EV6. \u201ePro zna\u010dku BMW to znamen\u00e1 druh\u00fd titul v \u0159ad\u011b, [&hellip;]","og_url":"https:\/\/autoklastr.cz\/cs\/autem-roku-2022-v-cr-je-bmw-i4\/","og_site_name":"Autoklastr","article_published_time":"2022-04-19T08:31:33+00:00","article_modified_time":"2022-04-21T08:36:13+00:00","og_image":[{"width":600,"height":400,"url":"https:\/\/autoklastr.cz\/wp-content\/uploads\/2022\/04\/bmw-i4-wins-car-of-the-year-award-2021-22.jpg","type":"image\/jpeg"}],"author":"Karel B\u0159emek","twitter_card":"summary_large_image","twitter_misc":{"Napsal(a)":"Karel B\u0159emek","Odhadovan\u00e1 doba \u010dten\u00ed":"1 minuta"},"schema":{"@context":"https:\/\/schema.org","@graph":[{"@type":"WebPage","@id":"https:\/\/autoklastr.cz\/cs\/autem-roku-2022-v-cr-je-bmw-i4\/","url":"https:\/\/autoklastr.cz\/cs\/autem-roku-2022-v-cr-je-bmw-i4\/","name":"Autem roku 2022 v \u010cR je BMW i4","isPartOf":{"@id":"https:\/\/autoklastr.cz\/cs\/#website"},"primaryImageOfPage":{"@id":"https:\/\/autoklastr.cz\/cs\/autem-roku-2022-v-cr-je-bmw-i4\/#primaryimage"},"image":{"@id":"https:\/\/autoklastr.cz\/cs\/autem-roku-2022-v-cr-je-bmw-i4\/#primaryimage"},"thumbnailUrl":"https:\/\/autoklastr.cz\/wp-content\/uploads\/2022\/04\/bmw-i4-wins-car-of-the-year-award-2021-22.jpg","datePublished":"2022-04-19T08:31:33+00:00","dateModified":"2022-04-21T08:36:13+00:00","author":{"@id":"https:\/\/autoklastr.cz\/cs\/#\/schema\/person\/51de917140dff28ece1c759a7579ba79"},"breadcrumb":{"@id":"https:\/\/autoklastr.cz\/cs\/autem-roku-2022-v-cr-je-bmw-i4\/#breadcrumb"},"inLanguage":"cs-CZ","potentialAction":[{"@type":"ReadAction","target":["https:\/\/autoklastr.cz\/cs\/autem-roku-2022-v-cr-je-bmw-i4\/"]}]},{"@type":"ImageObject","inLanguage":"cs-CZ","@id":"https:\/\/autoklastr.cz\/cs\/autem-roku-2022-v-cr-je-bmw-i4\/#primaryimage","url":"https:\/\/autoklastr.cz\/wp-content\/uploads\/2022\/04\/bmw-i4-wins-car-of-the-year-award-2021-22.jpg","contentUrl":"https:\/\/autoklastr.cz\/wp-content\/uploads\/2022\/04\/bmw-i4-wins-car-of-the-year-award-2021-22.jpg","width":600,"height":400},{"@type":"BreadcrumbList","@id":"https:\/\/autoklastr.cz\/cs\/autem-roku-2022-v-cr-je-bmw-i4\/#breadcrumb","itemListElement":[{"@type":"ListItem","position":1,"name":"Dom\u016f","item":"https:\/\/autoklastr.cz\/cs\/"},{"@type":"ListItem","position":2,"name":"Autem roku 2022 v \u010cR je BMW i4"}]},{"@type":"WebSite","@id":"https:\/\/autoklastr.cz\/cs\/#website","url":"https:\/\/autoklastr.cz\/cs\/","name":"Autoklastr","description":"Spole\u010dn\u011b pro Automotive!","potentialAction":[{"@type":"SearchAction","target":{"@type":"EntryPoint","urlTemplate":"https:\/\/autoklastr.cz\/cs\/?s={search_term_string}"},"query-input":{"@type":"PropertyValueSpecification","valueRequired":true,"valueName":"search_term_string"}}],"inLanguage":"cs-CZ"},{"@type":"Person","@id":"https:\/\/autoklastr.cz\/cs\/#\/schema\/person\/51de917140dff28ece1c759a7579ba79","name":"Karel B\u0159emek","image":{"@type":"ImageObject","inLanguage":"cs-CZ","@id":"https:\/\/autoklastr.cz\/cs\/#\/schema\/person\/image\/","url":"https:\/\/secure.gravatar.com\/avatar\/ba59bb4aee7dc631079170762e66e8c6?s=96&d=mm&r=g","contentUrl":"https:\/\/secure.gravatar.com\/avatar\/ba59bb4aee7dc631079170762e66e8c6?s=96&d=mm&r=g","caption":"Karel B\u0159emek"}}]}},"_links":{"self":[{"href":"https:\/\/autoklastr.cz\/cs\/wp-json\/wp\/v2\/posts\/20270"}],"collection":[{"href":"https:\/\/autoklastr.cz\/cs\/wp-json\/wp\/v2\/posts"}],"about":[{"href":"https:\/\/autoklastr.cz\/cs\/wp-json\/wp\/v2\/types\/post"}],"author":[{"embeddable":true,"href":"https:\/\/autoklastr.cz\/cs\/wp-json\/wp\/v2\/users\/81"}],"replies":[{"embeddable":true,"href":"https:\/\/autoklastr.cz\/cs\/wp-json\/wp\/v2\/comments?post=20270"}],"version-history":[{"count":6,"href":"https:\/\/autoklastr.cz\/cs\/wp-json\/wp\/v2\/posts\/20270\/revisions"}],"predecessor-version":[{"id":20282,"href":"https:\/\/autoklastr.cz\/cs\/wp-json\/wp\/v2\/posts\/20270\/revisions\/20282"}],"wp:featuredmedia":[{"embeddable":true,"href":"https:\/\/autoklastr.cz\/cs\/wp-json\/wp\/v2\/media\/20271"}],"wp:attachment":[{"href":"https:\/\/autoklastr.cz\/cs\/wp-json\/wp\/v2\/media?parent=20270"}],"wp:term":[{"taxonomy":"category","embeddable":true,"href":"https:\/\/autoklastr.cz\/cs\/wp-json\/wp\/v2\/categories?post=20270"},{"taxonomy":"post_tag","embeddable":true,"href":"https:\/\/autoklastr.cz\/cs\/wp-json\/wp\/v2\/tags?post=20270"},{"taxonomy":"kategorie_prispevku","embeddable":true,"href":"https:\/\/autoklastr.cz\/cs\/wp-json\/wp\/v2\/kategorie_prispevku?post=20270"}],"curies":[{"name":"wp","href":"https:\/\/api.w.org\/{rel}","templated":true}]}}