{"id":20045,"date":"2022-03-15T10:25:58","date_gmt":"2022-03-15T09:25:58","guid":{"rendered":"https:\/\/autoklastr.cz\/cs\/?p=20045"},"modified":"2022-03-17T10:35:27","modified_gmt":"2022-03-17T09:35:27","slug":"raiffeisenbank-ceny-vyrobcu-rostou-o-21","status":"publish","type":"post","link":"https:\/\/autoklastr.cz\/cs\/raiffeisenbank-ceny-vyrobcu-rostou-o-21\/","title":{"rendered":"Raiffeisenbank: Ceny v\u00fdrobc\u016f rostou o 21 %"},"content":{"rendered":"<div class=\"inbox\">\n<p style=\"text-align: justify;\"><strong>Ekonomick\u00fd kalend\u00e1\u0159 dnes v 9 odstartovaly \u010desk\u00e9 ceny pr\u016fmyslov\u00fdch v\u00fdrobc\u016f, kter\u00e9 meziro\u010dn\u011b uk\u00e1zaly op\u011bt p\u00e1div\u00e9 hodnoty okolo 20 %. N\u011bmeck\u00fd ZEW index, m\u011b\u0159\u00edc\u00ed sentiment u akt\u00e9r\u016f na finan\u010dn\u00edm trhu, bude jedn\u00edm z prvn\u00edch m\u011bkk\u00fdch ukazatel\u016f reflektuj\u00edc\u00edch v\u00e1lku na Ukrajin\u011b a \u010dek\u00e1 ho tak s nejv\u011bt\u0161\u00ed pravd\u011bpodobnost\u00ed strm\u00fd p\u00e1d.<\/strong><\/p>\n<p style=\"text-align: justify;\"><em>Na n\u00e1hledov\u00e9 fotografii: David Vagenknecht ,makroekonomick\u00fd analytik ve spole\u010dnosti Raiffeisenbank.<\/em><\/p>\n<p style=\"text-align: justify;\">Lednov\u00fd pr\u016fmysl z euroz\u00f3ny je\u0161t\u011b \u201eposti\u017een\u00fd\u201c v\u00e1lkou nebude a proti prosinci by m\u011bl v\u00edcem\u00e9n\u011b stagnovat. Uzav\u00edrat den budou data ohledn\u011b cen americk\u00fdch v\u00fdrobc\u016f, ty by u\u017e ale do st\u0159ede\u010dn\u00edho rozhodnut\u00ed Fedu v\u00fdrazn\u011bji zas\u00e1hnout nem\u011bly. V\u010derej\u0161\u00ed \u010d\u00edsla z \u010desk\u00e9ho maloobchodu skon\u010dila m\u00edrn\u011b pod na\u0161\u00edm o\u010dek\u00e1v\u00e1n\u00edm i odhadem trhu, d\u00edky slab\u00e9 z\u00e1kladn\u011b z minul\u00e9ho roku je ale meziro\u010dn\u00ed r\u016fst slu\u0161n\u00fd.<\/p>\n<p style=\"text-align: justify;\">Ceny pr\u016fmyslov\u00fdch v\u00fdrobc\u016f rostly v \u00fanoru o 21,3 %, my jsme o\u010dek\u00e1vali ni\u017e\u0161\u00ed r\u016fst o 19,8 %.\u00a0 Ve sm\u011bru vy\u0161\u0161\u00edho r\u016fstu stejn\u011b jako v p\u0159edchoz\u00edch m\u011bs\u00edc\u00edch p\u016fsobily zejm\u00e9na ceny energi\u00ed a jin\u00fdch komodit. V\u00edce se t\u00e9matu budeme v\u011bnovat v dne\u0161n\u00edm koment\u00e1\u0159i.<\/p>\n<p style=\"text-align: justify;\">N\u011bmeck\u00fd b\u0159eznov\u00fd ZEW index dnes s nejv\u011bt\u0161\u00ed pravd\u011bpodobnost\u00ed \u010dek\u00e1 po\u0159\u00e1dn\u00fd propad, a to jak z pohledu indexu, kter\u00fd hodnot\u00ed aktu\u00e1ln\u00ed podm\u00ednky, tak i z pohledu budouc\u00edch o\u010dek\u00e1v\u00e1n\u00ed. Subjekty na finan\u010dn\u00edm trhu tak ji\u017e naplno projev\u00ed svoje pocity ohledn\u011b v\u00e1lky na Ukrajin\u011b. U indexu hodnot\u00edc\u00edho budouc\u00ed podm\u00ednky o\u010dek\u00e1v\u00e1 trh pokles z hodnoty 54,3 na 5. Odhady analytik\u016f se ale tentokr\u00e1t pohybuj\u00ed v rozmez\u00ed od -40 do +28 a v\u00fdsledek je velmi nejist\u00fd. Pro p\u0159ipomenut\u00ed, v b\u0159eznu 2020 p\u0159i vypuknut\u00ed pandemie se index propadl a\u017e na -49,5 bodu. Index hodnot\u00edc\u00ed aktu\u00e1ln\u00ed podm\u00ednky by se podle analytik\u016f m\u011bl propadnout z -8,1 na -22,5 (-93,5 b\u011bhem pandemie).<\/p>\n<p style=\"text-align: justify;\">Lednov\u00fd pr\u016fmysl v euroz\u00f3n\u011b by na mezim\u011bs\u00ed\u010dn\u00ed b\u00e1zi m\u011bl skon\u010dit beze zm\u011bny, m\u00edrn\u00fd 0,5% pokles o\u010dek\u00e1v\u00e1 trh ve srovn\u00e1n\u00ed s lo\u0148sk\u00fdm rokem. Lep\u0161\u00ed v\u00fdsledky v N\u011bmecku a Francii v\u00edcem\u00e9n\u011b vykr\u00e1t\u00ed pokles v It\u00e1lii nebo t\u0159eba Irsku.<\/p>\n<p style=\"text-align: justify;\">Posledn\u00ed zaj\u00edmav\u00e1 informace pak dnes doraz\u00ed ze Spojen\u00fdch st\u00e1t\u016f, kde bude zve\u0159ej\u0148ov\u00e1n index cen v\u00fdrobc\u016f. Stejn\u011b jako v p\u0159\u00edpad\u011b \u010ceska budou hr\u00e1t roli zdra\u017euj\u00edc\u00ed energie a o\u010dek\u00e1v\u00e1 se tak mezim\u011bs\u00ed\u010dn\u00ed n\u00e1r\u016fst o 0,9 %. Pokra\u010duj\u00edc\u00ed probl\u00e9my v dodavatelsk\u00fdch \u0159et\u011bz\u00ed a nov\u011b v\u00e1lka na Ukrajin\u011b ned\u00e1 s nejv\u011bt\u0161\u00ed pravd\u011bpodobnost\u00ed oddechnout r\u016fstu ani v n\u00e1sleduj\u00edc\u00edch m\u011bs\u00edc\u00edch.<\/p>\n<\/div>\n<p>&nbsp;<\/p>\n<p>Zdroj: automakers.cz<\/p>\n","protected":false},"excerpt":{"rendered":"<p>Ekonomick\u00fd kalend\u00e1\u0159 dnes v 9 odstartovaly \u010desk\u00e9 ceny pr\u016fmyslov\u00fdch v\u00fdrobc\u016f, kter\u00e9 meziro\u010dn\u011b uk\u00e1zaly op\u011bt p\u00e1div\u00e9 hodnoty okolo 20 %. N\u011bmeck\u00fd ZEW index, m\u011b\u0159\u00edc\u00ed sentiment u akt\u00e9r\u016f na finan\u010dn\u00edm trhu, bude jedn\u00edm z prvn\u00edch m\u011bkk\u00fdch ukazatel\u016f reflektuj\u00edc\u00edch v\u00e1lku na Ukrajin\u011b a \u010dek\u00e1 ho tak s nejv\u011bt\u0161\u00ed pravd\u011bpodobnost\u00ed strm\u00fd p\u00e1d. Na n\u00e1hledov\u00e9 fotografii: David Vagenknecht ,makroekonomick\u00fd analytik [&hellip;]<\/p>\n","protected":false},"author":81,"featured_media":20046,"comment_status":"open","ping_status":"open","sticky":false,"template":"","format":"standard","meta":{"_acf_changed":false,"inline_featured_image":false,"footnotes":""},"categories":[1],"tags":[],"kategorie_prispevku":[],"acf":[],"yoast_head":"<!-- This site is optimized with the Yoast SEO plugin v24.5 - https:\/\/yoast.com\/wordpress\/plugins\/seo\/ -->\n<title>Raiffeisenbank: Ceny v\u00fdrobc\u016f rostou o 21 % | Autoklastr<\/title>\n<meta name=\"robots\" content=\"index, follow, max-snippet:-1, max-image-preview:large, max-video-preview:-1\" \/>\n<link rel=\"canonical\" href=\"https:\/\/autoklastr.cz\/en\/raiffeisenbank-ceny-vyrobcu-rostou-o-21\/\" \/>\n<meta property=\"og:locale\" content=\"cs_CZ\" \/>\n<meta property=\"og:locale:alternate\" content=\"en_US\" \/>\n<meta property=\"og:type\" content=\"article\" \/>\n<meta property=\"og:title\" content=\"Raiffeisenbank: Ceny v\u00fdrobc\u016f rostou o 21 %\" \/>\n<meta property=\"og:description\" content=\"Ekonomick\u00fd kalend\u00e1\u0159 dnes v 9 odstartovaly \u010desk\u00e9 ceny pr\u016fmyslov\u00fdch v\u00fdrobc\u016f, kter\u00e9 meziro\u010dn\u011b uk\u00e1zaly op\u011bt p\u00e1div\u00e9 hodnoty okolo 20 %. N\u011bmeck\u00fd ZEW index, m\u011b\u0159\u00edc\u00ed sentiment u akt\u00e9r\u016f na finan\u010dn\u00edm trhu, bude jedn\u00edm z prvn\u00edch m\u011bkk\u00fdch ukazatel\u016f reflektuj\u00edc\u00edch v\u00e1lku na Ukrajin\u011b a \u010dek\u00e1 ho tak s nejv\u011bt\u0161\u00ed pravd\u011bpodobnost\u00ed strm\u00fd p\u00e1d. Na n\u00e1hledov\u00e9 fotografii: David Vagenknecht ,makroekonomick\u00fd analytik [&hellip;]\" \/>\n<meta property=\"og:url\" content=\"https:\/\/autoklastr.cz\/cs\/raiffeisenbank-ceny-vyrobcu-rostou-o-21\/\" \/>\n<meta property=\"og:site_name\" content=\"Autoklastr\" \/>\n<meta property=\"article:published_time\" content=\"2022-03-15T09:25:58+00:00\" \/>\n<meta property=\"article:modified_time\" content=\"2022-03-17T09:35:27+00:00\" \/>\n<meta property=\"og:image\" content=\"https:\/\/autoklastr.cz\/wp-content\/uploads\/2022\/03\/Vagenknecht-David-2.png\" \/>\n\t<meta property=\"og:image:width\" content=\"200\" \/>\n\t<meta property=\"og:image:height\" content=\"134\" \/>\n\t<meta property=\"og:image:type\" content=\"image\/png\" \/>\n<meta name=\"author\" content=\"Karel B\u0159emek\" \/>\n<meta name=\"twitter:card\" content=\"summary_large_image\" \/>\n<meta name=\"twitter:label1\" content=\"Napsal(a)\" \/>\n\t<meta name=\"twitter:data1\" content=\"Karel B\u0159emek\" \/>\n\t<meta name=\"twitter:label2\" content=\"Odhadovan\u00e1 doba \u010dten\u00ed\" \/>\n\t<meta name=\"twitter:data2\" content=\"2 minuty\" \/>\n<script type=\"application\/ld+json\" class=\"yoast-schema-graph\">{\"@context\":\"https:\/\/schema.org\",\"@graph\":[{\"@type\":\"WebPage\",\"@id\":\"https:\/\/autoklastr.cz\/en\/raiffeisenbank-ceny-vyrobcu-rostou-o-21\/\",\"url\":\"https:\/\/autoklastr.cz\/en\/raiffeisenbank-ceny-vyrobcu-rostou-o-21\/\",\"name\":\"Raiffeisenbank: Ceny v\u00fdrobc\u016f rostou o 21 %\",\"isPartOf\":{\"@id\":\"https:\/\/autoklastr.cz\/cs\/#website\"},\"primaryImageOfPage\":{\"@id\":\"https:\/\/autoklastr.cz\/en\/raiffeisenbank-ceny-vyrobcu-rostou-o-21\/#primaryimage\"},\"image\":{\"@id\":\"https:\/\/autoklastr.cz\/en\/raiffeisenbank-ceny-vyrobcu-rostou-o-21\/#primaryimage\"},\"thumbnailUrl\":\"https:\/\/autoklastr.cz\/wp-content\/uploads\/2022\/03\/Vagenknecht-David-2.png\",\"datePublished\":\"2022-03-15T09:25:58+00:00\",\"dateModified\":\"2022-03-17T09:35:27+00:00\",\"author\":{\"@id\":\"https:\/\/autoklastr.cz\/cs\/#\/schema\/person\/51de917140dff28ece1c759a7579ba79\"},\"breadcrumb\":{\"@id\":\"https:\/\/autoklastr.cz\/en\/raiffeisenbank-ceny-vyrobcu-rostou-o-21\/#breadcrumb\"},\"inLanguage\":\"cs-CZ\",\"potentialAction\":[{\"@type\":\"ReadAction\",\"target\":[\"https:\/\/autoklastr.cz\/en\/raiffeisenbank-ceny-vyrobcu-rostou-o-21\/\"]}]},{\"@type\":\"ImageObject\",\"inLanguage\":\"cs-CZ\",\"@id\":\"https:\/\/autoklastr.cz\/en\/raiffeisenbank-ceny-vyrobcu-rostou-o-21\/#primaryimage\",\"url\":\"https:\/\/autoklastr.cz\/wp-content\/uploads\/2022\/03\/Vagenknecht-David-2.png\",\"contentUrl\":\"https:\/\/autoklastr.cz\/wp-content\/uploads\/2022\/03\/Vagenknecht-David-2.png\",\"width\":200,\"height\":134},{\"@type\":\"BreadcrumbList\",\"@id\":\"https:\/\/autoklastr.cz\/en\/raiffeisenbank-ceny-vyrobcu-rostou-o-21\/#breadcrumb\",\"itemListElement\":[{\"@type\":\"ListItem\",\"position\":1,\"name\":\"Dom\u016f\",\"item\":\"https:\/\/autoklastr.cz\/cs\/\"},{\"@type\":\"ListItem\",\"position\":2,\"name\":\"Raiffeisenbank: Ceny v\u00fdrobc\u016f rostou o 21 %\"}]},{\"@type\":\"WebSite\",\"@id\":\"https:\/\/autoklastr.cz\/cs\/#website\",\"url\":\"https:\/\/autoklastr.cz\/cs\/\",\"name\":\"Autoklastr\",\"description\":\"Spole\u010dn\u011b pro Automotive!\",\"potentialAction\":[{\"@type\":\"SearchAction\",\"target\":{\"@type\":\"EntryPoint\",\"urlTemplate\":\"https:\/\/autoklastr.cz\/cs\/?s={search_term_string}\"},\"query-input\":{\"@type\":\"PropertyValueSpecification\",\"valueRequired\":true,\"valueName\":\"search_term_string\"}}],\"inLanguage\":\"cs-CZ\"},{\"@type\":\"Person\",\"@id\":\"https:\/\/autoklastr.cz\/cs\/#\/schema\/person\/51de917140dff28ece1c759a7579ba79\",\"name\":\"Karel B\u0159emek\",\"image\":{\"@type\":\"ImageObject\",\"inLanguage\":\"cs-CZ\",\"@id\":\"https:\/\/autoklastr.cz\/cs\/#\/schema\/person\/image\/\",\"url\":\"https:\/\/secure.gravatar.com\/avatar\/ba59bb4aee7dc631079170762e66e8c6?s=96&d=mm&r=g\",\"contentUrl\":\"https:\/\/secure.gravatar.com\/avatar\/ba59bb4aee7dc631079170762e66e8c6?s=96&d=mm&r=g\",\"caption\":\"Karel B\u0159emek\"}}]}<\/script>\n<!-- \/ Yoast SEO plugin. -->","yoast_head_json":{"title":"Raiffeisenbank: Ceny v\u00fdrobc\u016f rostou o 21 % | Autoklastr","robots":{"index":"index","follow":"follow","max-snippet":"max-snippet:-1","max-image-preview":"max-image-preview:large","max-video-preview":"max-video-preview:-1"},"canonical":"https:\/\/autoklastr.cz\/en\/raiffeisenbank-ceny-vyrobcu-rostou-o-21\/","og_locale":"cs_CZ","og_type":"article","og_title":"[:cs]Raiffeisenbank: Ceny v\u00fdrobc\u016f rostou o 21 %[:] | Autoklastr","og_description":"Ekonomick\u00fd kalend\u00e1\u0159 dnes v 9 odstartovaly \u010desk\u00e9 ceny pr\u016fmyslov\u00fdch v\u00fdrobc\u016f, kter\u00e9 meziro\u010dn\u011b uk\u00e1zaly op\u011bt p\u00e1div\u00e9 hodnoty okolo 20 %. N\u011bmeck\u00fd ZEW index, m\u011b\u0159\u00edc\u00ed sentiment u akt\u00e9r\u016f na finan\u010dn\u00edm trhu, bude jedn\u00edm z prvn\u00edch m\u011bkk\u00fdch ukazatel\u016f reflektuj\u00edc\u00edch v\u00e1lku na Ukrajin\u011b a \u010dek\u00e1 ho tak s nejv\u011bt\u0161\u00ed pravd\u011bpodobnost\u00ed strm\u00fd p\u00e1d. Na n\u00e1hledov\u00e9 fotografii: David Vagenknecht ,makroekonomick\u00fd analytik [&hellip;]","og_url":"https:\/\/autoklastr.cz\/cs\/raiffeisenbank-ceny-vyrobcu-rostou-o-21\/","og_site_name":"Autoklastr","article_published_time":"2022-03-15T09:25:58+00:00","article_modified_time":"2022-03-17T09:35:27+00:00","og_image":[{"width":200,"height":134,"url":"https:\/\/autoklastr.cz\/wp-content\/uploads\/2022\/03\/Vagenknecht-David-2.png","type":"image\/png"}],"author":"Karel B\u0159emek","twitter_card":"summary_large_image","twitter_misc":{"Napsal(a)":"Karel B\u0159emek","Odhadovan\u00e1 doba \u010dten\u00ed":"2 minuty"},"schema":{"@context":"https:\/\/schema.org","@graph":[{"@type":"WebPage","@id":"https:\/\/autoklastr.cz\/en\/raiffeisenbank-ceny-vyrobcu-rostou-o-21\/","url":"https:\/\/autoklastr.cz\/en\/raiffeisenbank-ceny-vyrobcu-rostou-o-21\/","name":"Raiffeisenbank: Ceny v\u00fdrobc\u016f rostou o 21 %","isPartOf":{"@id":"https:\/\/autoklastr.cz\/cs\/#website"},"primaryImageOfPage":{"@id":"https:\/\/autoklastr.cz\/en\/raiffeisenbank-ceny-vyrobcu-rostou-o-21\/#primaryimage"},"image":{"@id":"https:\/\/autoklastr.cz\/en\/raiffeisenbank-ceny-vyrobcu-rostou-o-21\/#primaryimage"},"thumbnailUrl":"https:\/\/autoklastr.cz\/wp-content\/uploads\/2022\/03\/Vagenknecht-David-2.png","datePublished":"2022-03-15T09:25:58+00:00","dateModified":"2022-03-17T09:35:27+00:00","author":{"@id":"https:\/\/autoklastr.cz\/cs\/#\/schema\/person\/51de917140dff28ece1c759a7579ba79"},"breadcrumb":{"@id":"https:\/\/autoklastr.cz\/en\/raiffeisenbank-ceny-vyrobcu-rostou-o-21\/#breadcrumb"},"inLanguage":"cs-CZ","potentialAction":[{"@type":"ReadAction","target":["https:\/\/autoklastr.cz\/en\/raiffeisenbank-ceny-vyrobcu-rostou-o-21\/"]}]},{"@type":"ImageObject","inLanguage":"cs-CZ","@id":"https:\/\/autoklastr.cz\/en\/raiffeisenbank-ceny-vyrobcu-rostou-o-21\/#primaryimage","url":"https:\/\/autoklastr.cz\/wp-content\/uploads\/2022\/03\/Vagenknecht-David-2.png","contentUrl":"https:\/\/autoklastr.cz\/wp-content\/uploads\/2022\/03\/Vagenknecht-David-2.png","width":200,"height":134},{"@type":"BreadcrumbList","@id":"https:\/\/autoklastr.cz\/en\/raiffeisenbank-ceny-vyrobcu-rostou-o-21\/#breadcrumb","itemListElement":[{"@type":"ListItem","position":1,"name":"Dom\u016f","item":"https:\/\/autoklastr.cz\/cs\/"},{"@type":"ListItem","position":2,"name":"Raiffeisenbank: Ceny v\u00fdrobc\u016f rostou o 21 %"}]},{"@type":"WebSite","@id":"https:\/\/autoklastr.cz\/cs\/#website","url":"https:\/\/autoklastr.cz\/cs\/","name":"Autoklastr","description":"Spole\u010dn\u011b pro Automotive!","potentialAction":[{"@type":"SearchAction","target":{"@type":"EntryPoint","urlTemplate":"https:\/\/autoklastr.cz\/cs\/?s={search_term_string}"},"query-input":{"@type":"PropertyValueSpecification","valueRequired":true,"valueName":"search_term_string"}}],"inLanguage":"cs-CZ"},{"@type":"Person","@id":"https:\/\/autoklastr.cz\/cs\/#\/schema\/person\/51de917140dff28ece1c759a7579ba79","name":"Karel B\u0159emek","image":{"@type":"ImageObject","inLanguage":"cs-CZ","@id":"https:\/\/autoklastr.cz\/cs\/#\/schema\/person\/image\/","url":"https:\/\/secure.gravatar.com\/avatar\/ba59bb4aee7dc631079170762e66e8c6?s=96&d=mm&r=g","contentUrl":"https:\/\/secure.gravatar.com\/avatar\/ba59bb4aee7dc631079170762e66e8c6?s=96&d=mm&r=g","caption":"Karel B\u0159emek"}}]}},"_links":{"self":[{"href":"https:\/\/autoklastr.cz\/cs\/wp-json\/wp\/v2\/posts\/20045"}],"collection":[{"href":"https:\/\/autoklastr.cz\/cs\/wp-json\/wp\/v2\/posts"}],"about":[{"href":"https:\/\/autoklastr.cz\/cs\/wp-json\/wp\/v2\/types\/post"}],"author":[{"embeddable":true,"href":"https:\/\/autoklastr.cz\/cs\/wp-json\/wp\/v2\/users\/81"}],"replies":[{"embeddable":true,"href":"https:\/\/autoklastr.cz\/cs\/wp-json\/wp\/v2\/comments?post=20045"}],"version-history":[{"count":1,"href":"https:\/\/autoklastr.cz\/cs\/wp-json\/wp\/v2\/posts\/20045\/revisions"}],"predecessor-version":[{"id":20047,"href":"https:\/\/autoklastr.cz\/cs\/wp-json\/wp\/v2\/posts\/20045\/revisions\/20047"}],"wp:featuredmedia":[{"embeddable":true,"href":"https:\/\/autoklastr.cz\/cs\/wp-json\/wp\/v2\/media\/20046"}],"wp:attachment":[{"href":"https:\/\/autoklastr.cz\/cs\/wp-json\/wp\/v2\/media?parent=20045"}],"wp:term":[{"taxonomy":"category","embeddable":true,"href":"https:\/\/autoklastr.cz\/cs\/wp-json\/wp\/v2\/categories?post=20045"},{"taxonomy":"post_tag","embeddable":true,"href":"https:\/\/autoklastr.cz\/cs\/wp-json\/wp\/v2\/tags?post=20045"},{"taxonomy":"kategorie_prispevku","embeddable":true,"href":"https:\/\/autoklastr.cz\/cs\/wp-json\/wp\/v2\/kategorie_prispevku?post=20045"}],"curies":[{"name":"wp","href":"https:\/\/api.w.org\/{rel}","templated":true}]}}